{"id":13072,"date":"2022-07-24T04:51:03","date_gmt":"2022-07-24T04:51:03","guid":{"rendered":"https:\/\/haberulus.net\/?p=13072"},"modified":"2022-07-24T04:51:03","modified_gmt":"2022-07-24T04:51:03","slug":"hamile-kalmada-erkegin-yasinin-da-onemi-varmis","status":"publish","type":"post","link":"https:\/\/haberulus.net\/?p=13072","title":{"rendered":"Hamile kalmada erke\u011fin ya\u015f\u0131n\u0131n da \u00f6nemi varm\u0131\u015f"},"content":{"rendered":"<p><b>Bilim d\u00fcnyas\u0131, hamilelik s\u00fcreciyle ilgili dikkat \u00e7ekici bir ke\u015fifte bulundu. T\u00fcp bebek y\u00f6ntemiyle do\u011fum yapan 19 bin \u00e7ifti inceleyen uzmanlar, erke\u011fin ya\u015f\u0131n\u0131n gece kalmada etkisi ile ilgili \u015fa\u015f\u0131rtan bir sonuca ula\u015ft\u0131.<\/b><\/p>\n<p>Hamilelikte s\u0131kl\u0131kla g\u00fcndeme gelen anne aday\u0131n\u0131n ya\u015f\u0131n\u0131n gebe kalma s\u00fcreciyle yak\u0131n ba\u011flant\u0131s\u0131n\u0131 sarsacak bir ara\u015ft\u0131rma \u0130ngiltere\u2019de yap\u0131ld\u0131.<\/p>\n<p>\u0130ngiltere\u2019de yakla\u015f\u0131k 19 bin t\u00fcp bebek y\u00f6ntemiyle \u00e7ocuk sahibi olmu\u015f \u00e7ifti inceleyen bilim insanlar\u0131, ba\u015far\u0131l\u0131 bir gebe kalma s\u00fcreciyle ilgili yeni bulgulara ula\u015ft\u0131. Bilim insanlar\u0131, gebe kalma s\u00fcrecinde sadece annenin de\u011fil baban\u0131n da ya\u015f\u0131n\u0131n kritik bir \u00f6neme sahip oldu\u011funu buldu.<\/p>\n<p>Bilim insanlar\u0131, erke\u011fin ya\u015f\u0131n\u0131n belli bir noktaya kadar hamilelik s\u00fcrecinde olumsuz bir etkisi olmad\u0131\u011f\u0131n\u0131 ortaya \u00e7\u0131kard\u0131. 35-40 ya\u015flar\u0131 aras\u0131nda hamile kalmak isteyen kad\u0131nlar\u0131n partnerlerinin ya\u015f\u0131n\u0131n gebe kalma ile \u00e7ok b\u00fcy\u00fck bir ba\u011f\u0131 olmad\u0131\u011f\u0131 a\u00e7\u0131kland\u0131. Fakat 35-40 ya\u015flar\u0131 aras\u0131nda \u00e7ocuk sahibi olmak isteyen kad\u0131nlar\u0131n e\u015flerinin veya partnerlerinin ya\u015f\u0131n\u0131n do\u011fum s\u00fcreciyle do\u011frudan ba\u011flant\u0131l\u0131 oldu\u011fu tespit edildi.<\/p>\n<p><strong>ERKEK 40 YA\u015eIN \u00dcZER\u0130NDEYSE\u2026<\/strong><\/p>\n<p>Bilim insanlar\u0131 35-40 aras\u0131nda \u00e7ocuk sahibi olmak isteyen kad\u0131nlar\u0131n e\u015flerinin 40 ya\u015f ve \u00fczerinde olmas\u0131 durumunda gebe kalma ihtimalinin \u201cb\u00fcy\u00fck oranda d\u00fc\u015ft\u00fc\u011f\u00fcn\u00fc\u201d tespit etti. \u0130ngiliz The Guardian gazetesi, \u201cBu sonu\u00e7lar, hamile kalmak isteyen kad\u0131nlara sorulan ya\u015flar\u0131 ile ilgili sorulara dair \u00f6nemli bulgular i\u00e7eriyor. Bu ara\u015ft\u0131rma sonucu hamilelik s\u00fcreci ve hamile kalmak isteyen \u00e7iftler i\u00e7in \u00f6nemli bir mesaj\u201d yorumunu yapt\u0131.<\/p>\n<p>Ara\u015ft\u0131rma sonu\u00e7lar\u0131n\u0131 de\u011ferlendiren Fertility Network UK\u2019in \u00fcst d\u00fczey y\u00f6neticisi Kate Brian, \u201cBu sonu\u00e7lar bize gebe kalma ba\u015far\u0131s\u0131nda ya da ba\u015far\u0131s\u0131zl\u0131\u011f\u0131nda erkeklerin de rol\u00fcn\u00fc g\u00f6steriyor\u201d dedi.<\/p>\n<p>Ara\u015ft\u0131rmay\u0131 y\u00fcr\u00fcten ekipte yer alan Profes\u00f6r Geeta Nargund, \u201cUzun y\u0131llar boyunca hamile kalma s\u00fcrecinde y\u00fck kad\u0131nlardayd\u0131 ve erkeklerin bu s\u00fcrece etkisinin az oldu\u011fu d\u00fc\u015f\u00fcn\u00fcl\u00fcyordu. Kad\u0131n\u0131n ya\u015f\u0131\u00a0 elbette b\u00fcy\u00fck bir rol \u00fcstleniyor fakat erkeklerin ya\u015f\u0131n\u0131n da\u00a0 \u00f6nemli oldu\u011funu g\u00f6z ard\u0131 edemeyece\u011fimiz \u00e7ok a\u00e7\u0131k\u201d ifadesini kulland\u0131.<\/p>\n","protected":false},"excerpt":{"rendered":"<p>Bilim d\u00fcnyas\u0131, hamilelik s\u00fcreciyle ilgili dikkat \u00e7ekici bir ke\u015fifte bulundu. T\u00fcp bebek y\u00f6ntemiyle do\u011fum yapan 19 bin \u00e7ifti inceleyen uzmanlar &#8230;<\/p>\n","protected":false},"author":1,"featured_media":13073,"comment_status":"open","ping_status":"open","sticky":false,"template":"","format":"standard","meta":{"footnotes":""},"categories":[30],"tags":[3615,3616,3617,829,556],"class_list":["post-13072","post","type-post","status-publish","format-standard","has-post-thumbnail","hentry","category-saglik","tag-hamile","tag-isteyen","tag-kalma","tag-sureci","tag-yas"],"_links":{"self":[{"href":"https:\/\/haberulus.net\/index.php?rest_route=\/wp\/v2\/posts\/13072","targetHints":{"allow":["GET"]}}],"collection":[{"href":"https:\/\/haberulus.net\/index.php?rest_route=\/wp\/v2\/posts"}],"about":[{"href":"https:\/\/haberulus.net\/index.php?rest_route=\/wp\/v2\/types\/post"}],"author":[{"embeddable":true,"href":"https:\/\/haberulus.net\/index.php?rest_route=\/wp\/v2\/users\/1"}],"replies":[{"embeddable":true,"href":"https:\/\/haberulus.net\/index.php?rest_route=%2Fwp%2Fv2%2Fcomments&post=13072"}],"version-history":[{"count":1,"href":"https:\/\/haberulus.net\/index.php?rest_route=\/wp\/v2\/posts\/13072\/revisions"}],"predecessor-version":[{"id":13074,"href":"https:\/\/haberulus.net\/index.php?rest_route=\/wp\/v2\/posts\/13072\/revisions\/13074"}],"wp:featuredmedia":[{"embeddable":true,"href":"https:\/\/haberulus.net\/index.php?rest_route=\/wp\/v2\/media\/13073"}],"wp:attachment":[{"href":"https:\/\/haberulus.net\/index.php?rest_route=%2Fwp%2Fv2%2Fmedia&parent=13072"}],"wp:term":[{"taxonomy":"category","embeddable":true,"href":"https:\/\/haberulus.net\/index.php?rest_route=%2Fwp%2Fv2%2Fcategories&post=13072"},{"taxonomy":"post_tag","embeddable":true,"href":"https:\/\/haberulus.net\/index.php?rest_route=%2Fwp%2Fv2%2Ftags&post=13072"}],"curies":[{"name":"wp","href":"https:\/\/api.w.org\/{rel}","templated":true}]}}