{"id":13153,"date":"2022-07-24T08:06:03","date_gmt":"2022-07-24T08:06:03","guid":{"rendered":"https:\/\/haberulus.net\/?p=13153"},"modified":"2022-07-24T08:06:03","modified_gmt":"2022-07-24T08:06:03","slug":"belediye-calisaninin-uzerine-tiner-dokup-atese-verdi","status":"publish","type":"post","link":"https:\/\/haberulus.net\/?p=13153","title":{"rendered":"Belediye \u00e7al\u0131\u015fan\u0131n\u0131n \u00fczerine tiner d\u00f6k\u00fcp ate\u015fe verdi"},"content":{"rendered":"<p><b>\u0130stanbul Karak\u00f6y&#8217;de, alt ge\u00e7itteki tuvalette g\u00f6revli \u0130BB \u015eehir Tuvaletleri Birimi \u00e7al\u0131\u015fan\u0131 S\u0131tk\u0131 Y., \u00e7evredekileri rahats\u0131z etti\u011fi gerek\u00e7esiyle uzakla\u015ft\u0131rmaya \u00e7al\u0131\u015ft\u0131\u011f\u0131 Mehmet A.&#8217;n\u0131n sald\u0131r\u0131s\u0131na u\u011frad\u0131. Sokakta ya\u015fad\u0131\u011f\u0131 \u00f6\u011frenilen Mehmet A., S\u0131tk\u0131 Y.&#8217;nin \u00fczerine tiner at\u0131p \u00e7akmakla ate\u015fe verdi.\u00a0<\/b><\/p>\n<p>Olay, 27 May\u0131s 2022\u2019de Karak\u00f6y alt ge\u00e7itte yer alan tuvaletlerin \u00f6n\u00fcnde meydana geldi. \u0130stanbul B\u00fcy\u00fck\u015fehir Belediyesi \u015eehir Tuvaletleri Birimi\u2019nde \u00e7al\u0131\u015fan S\u0131tk\u0131 Y. (38), \u015f\u00fcpheli Mehmet A\u2019n\u0131n (29) vatanda\u015flar\u0131 rahats\u0131z etti\u011fini g\u00f6rd\u00fc.<\/p>\n<p>Bunun \u00fczerine S\u0131tk\u0131 Y. \u015f\u00fcpheliyi tuvaletlerden uzakla\u015ft\u0131rd\u0131. Ancak \u015f\u00fcpheli Mehmet A. 10 dakika sonra tekrar tuvaletlerin bulundu\u011fu yere geldi. Elinde bulunan tiner \u015fi\u015fesini S\u0131tk\u0131 Y.\u2019nin kafas\u0131na do\u011fru d\u00f6ken Mehmet A., daha sonra da elindeki \u00e7akmakla ate\u015fe verdi. Ba\u015f\u0131ndan ve v\u00fccudunun birden fazla yerinden yaralanan S\u0131tk\u0131 Y. hastaneye kald\u0131r\u0131ld\u0131. \u015e\u00fcpheli Mehmet A. ise polisler taraf\u0131ndan yakaland\u0131.<\/p>\n<p>Adliyeye \u00e7\u0131kar\u0131lan ve su\u00e7unu kabul eden \u015f\u00fcpheli tutukland\u0131. Adli t\u0131p raporuna g\u00f6re, S\u0131tk\u0131 Y\u2019nin v\u00fccudunda ikinci dereceden yan\u0131k olu\u015ftu\u011fu ve basit t\u0131bbi m\u00fcdahaleyle giderilemeyece\u011fi tespit edildi.<\/p>\n<p><strong>T\u0130NER S\u0130LAH SAYILDI\u00a0<\/strong><\/p>\n<p>\u0130stanbul Cumhuriyet Savc\u0131l\u0131\u011f\u0131\u2019nca haz\u0131rlanan iddianamede, \u015f\u00fcpheli Mehmet A.\u2019n\u0131n f\u0131rlatt\u0131\u011f\u0131 ve yan\u0131c\u0131 \u00f6zelli\u011fi bulunan tiner, silahtan say\u0131ld\u0131. \u015e\u00fcpheli hakk\u0131nda \u201cKasten yaralama\u201d su\u00e7undan 1 y\u0131l 6 aydan 4 y\u0131l 6 aya kadar hapis cezas\u0131 istemiyle iddianame d\u00fczenlendi. \u0130ddianame kabul edilirse \u015f\u00fcpheli \u0130stanbul Asliye Ceza Mahkemesinde yarg\u0131lanacak.<\/p>\n<p><strong>\u201cSA\u011eA SOLA ZARAR VERMEYE BA\u015eLADI\u201d<\/strong><\/p>\n<p>Ya\u015fan\u0131lanlara \u015fahit olan esnaf Davut Aydo\u011fan, olay\u0131n, vatanda\u015flar\u0131 rahats\u0131z eden Mehmet A.\u2019n\u0131n, S\u0131tk\u0131 Y. taraf\u0131ndan uzakla\u015ft\u0131r\u0131lmas\u0131n\u0131n ard\u0131ndan ger\u00e7ekle\u015fti\u011fini belirterek, \u015funlar\u0131 s\u00f6yledi:<\/p>\n<p>\u201cBen o g\u00fcn lavaboya gitti\u011fimde bakt\u0131m ki S\u0131tk\u0131 ile Mehmet tart\u0131\u015f\u0131yorlar. Mehmet, milletin elini y\u0131kayaca\u011f\u0131 yerde, lavabonun orada yere uzanm\u0131\u015f ortal\u0131\u011f\u0131 pisletmi\u015f. S\u0131tk\u0131 da ona \u2018kalk d\u0131\u015far\u0131 \u00e7\u0131k\u2019 diyor. 1 kere s\u00f6yledi, 5 kere s\u00f6yledi belki de 10 kere s\u00f6yledi.<\/p>\n<p>\u00c7\u0131kmay\u0131nca mecburen ald\u0131, kald\u0131rd\u0131 g\u00f6t\u00fcrd\u00fc bunu. Ben de bu tinerciyi tan\u0131d\u0131\u011f\u0131m i\u00e7in \u2018S\u0131tk\u0131 dikkat et, bu 10-15 dakika sonra sald\u0131racak sana\u2019 dedim. \u00c7\u00fcnk\u00fc onun huyu \u00f6yle.<\/p>\n<p>10 dakikaya kalmad\u0131 geldi, sa\u011f\u0131 solu ta\u015flamaya ba\u015flad\u0131. Aynalara ta\u015f atmaya, sa\u011fa sola zarar vermeye ba\u015flad\u0131. Sonra d\u0131\u015far\u0131 \u00e7\u0131kt\u0131; S\u0131tk\u0131 da bunun pe\u015finden ko\u015ftu haliyle. \u00c7\u0131k\u0131\u015f\u0131n ilerisinde bo\u011fu\u015fmaya ba\u015flad\u0131lar\u201d<\/p>\n<p><strong>SITKI\u2019YI YAKTI UYUMAYA G\u0130TT\u0130<\/strong><\/p>\n<p>Aydo\u011fan, \u201cMehmet bir ara nas\u0131l olduysa S\u0131tk\u0131\u2019n\u0131n elinden kurtuldu. Tineri S\u0131tk\u0131\u2019n\u0131n \u00fczerine d\u00f6kt\u00fc, birden ate\u015fi \u00e7akt\u0131. S\u0131tk\u0131 ayn\u0131 yabanc\u0131 filmlerdeki dubl\u00f6rler gibi alev topuna d\u00f6nd\u00fc. Sonra \u00fczerindeki ceketi \u00e7\u0131kard\u0131, alevleri onunla s\u00f6nd\u00fcrmeye \u00e7al\u0131\u015ft\u0131. Ambulans geldi, S\u0131tk\u0131\u2019y\u0131 hastaneye g\u00f6t\u00fcrd\u00fcler Polis de Mehmet\u2019i yakalad\u0131. \u00d6yle rahat ki, olaydan sonra gitmi\u015f bal\u0131khaneye, pi\u015fkin pi\u015fkin uzanm\u0131\u015f yat\u0131yor\u201d diye konu\u015ftu.<\/p>\n<p><strong>AYNI NOKTADA C\u0130NAYET \u0130\u015eLENM\u0130\u015eT\u0130<\/strong><\/p>\n<p>Ayn\u0131 alt ge\u00e7itte 4 Ekim 2020 tarihinde cinayet i\u015flenmi\u015fti. 2\u2019si kad\u0131n 4 ki\u015finin yolunu keserek para isteyen ve yerden ald\u0131\u011f\u0131 kalasla H\u00fcseyin Sezer\u2019in ba\u015f\u0131na vurarak \u00f6l\u00fcm\u00fcne neden olan san\u0131k Do\u011fan Uslu m\u00fcebbet hapis cezas\u0131na \u00e7arpt\u0131r\u0131lm\u0131\u015ft\u0131. \u0130stanbul\u2019un en i\u015flek alt ge\u00e7idinde g\u00fcvenlik kameras\u0131 olmad\u0131\u011f\u0131 belirtildi. (DHA)<\/p>\n","protected":false},"excerpt":{"rendered":"<p>\u0130stanbul Karak\u00f6y&#8217;de, alt ge\u00e7itteki tuvalette g\u00f6revli \u0130BB \u015eehir Tuvaletleri Birimi \u00e7al\u0131\u015fan\u0131 S\u0131tk\u0131 Y., \u00e7evredekileri rahats\u0131z etti\u011fi gerek\u00e7esiyle &#8230;<\/p>\n","protected":false},"author":1,"featured_media":13154,"comment_status":"open","ping_status":"open","sticky":false,"template":"","format":"standard","meta":{"footnotes":""},"categories":[26],"tags":[96,2323,3639,486,3640],"class_list":["post-13153","post","type-post","status-publish","format-standard","has-post-thumbnail","hentry","category-gundem","tag-istanbul","tag-mehmet","tag-mehmet-a","tag-supheli","tag-tiner"],"_links":{"self":[{"href":"https:\/\/haberulus.net\/index.php?rest_route=\/wp\/v2\/posts\/13153","targetHints":{"allow":["GET"]}}],"collection":[{"href":"https:\/\/haberulus.net\/index.php?rest_route=\/wp\/v2\/posts"}],"about":[{"href":"https:\/\/haberulus.net\/index.php?rest_route=\/wp\/v2\/types\/post"}],"author":[{"embeddable":true,"href":"https:\/\/haberulus.net\/index.php?rest_route=\/wp\/v2\/users\/1"}],"replies":[{"embeddable":true,"href":"https:\/\/haberulus.net\/index.php?rest_route=%2Fwp%2Fv2%2Fcomments&post=13153"}],"version-history":[{"count":1,"href":"https:\/\/haberulus.net\/index.php?rest_route=\/wp\/v2\/posts\/13153\/revisions"}],"predecessor-version":[{"id":13155,"href":"https:\/\/haberulus.net\/index.php?rest_route=\/wp\/v2\/posts\/13153\/revisions\/13155"}],"wp:featuredmedia":[{"embeddable":true,"href":"https:\/\/haberulus.net\/index.php?rest_route=\/wp\/v2\/media\/13154"}],"wp:attachment":[{"href":"https:\/\/haberulus.net\/index.php?rest_route=%2Fwp%2Fv2%2Fmedia&parent=13153"}],"wp:term":[{"taxonomy":"category","embeddable":true,"href":"https:\/\/haberulus.net\/index.php?rest_route=%2Fwp%2Fv2%2Fcategories&post=13153"},{"taxonomy":"post_tag","embeddable":true,"href":"https:\/\/haberulus.net\/index.php?rest_route=%2Fwp%2Fv2%2Ftags&post=13153"}],"curies":[{"name":"wp","href":"https:\/\/api.w.org\/{rel}","templated":true}]}}