{"id":13162,"date":"2022-07-24T08:21:05","date_gmt":"2022-07-24T08:21:05","guid":{"rendered":"https:\/\/haberulus.net\/?p=13162"},"modified":"2022-07-24T08:21:05","modified_gmt":"2022-07-24T08:21:05","slug":"12-yasindaki-cocuk-maganda-kursunuyla-oldu","status":"publish","type":"post","link":"https:\/\/haberulus.net\/?p=13162","title":{"rendered":"12 ya\u015f\u0131ndaki \u00e7ocuk maganda kur\u015funuyla \u00f6ld\u00fc"},"content":{"rendered":"<p><b>Mardin&#8217;in K\u0131z\u0131ltepe il\u00e7esinde bisikletiyle evine giderken kafas\u0131na isabet eden maganda kur\u015funuyla yaralanan 12 ya\u015f\u0131ndaki \u00e7ocuk, 4 g\u00fcnd\u00fcr s\u00fcren ya\u015fam m\u00fccadelesini kaybetti.<\/b><\/p>\n<p>Olay, 20 Temmuz \u00c7ar\u015famba g\u00fcn\u00fc meydana geldi. Edinilen bilgilere g\u00f6re, ak\u015fam saatlerinde Tepeba\u015f\u0131 Mahallesi&#8217;nde bisikletiyle evine giden 12 ya\u015f\u0131ndaki Onur Ba\u015fbo\u011fa&#8217;n\u0131n kafas\u0131na sokak ortas\u0131nda nereden geldi\u011fi belli olmayan bir kur\u015fun isabet etti.<\/p>\n<p>Kanlar i\u00e7erisinde kalan Ba\u015fbo\u011fa yere y\u0131\u011f\u0131ld\u0131. Ba\u015fbo\u011fa, \u00e7evredekilerin haber vermesi ile ambulansla il\u00e7edeki \u00f6zel bir hastaneye kald\u0131r\u0131ld\u0131. Hastanede ilk m\u00fcdahalesi yap\u0131lan talihsiz \u00e7ocu\u011fun \u00e7ekilen tomografisinde kafas\u0131na mermi isabet etti\u011fi ve merminin de sapland\u0131\u011f\u0131 yerde durdu\u011fu belirlendi. Yo\u011fun bak\u0131m \u00fcnitesinde tedavi alt\u0131na al\u0131nan Onur Ba\u015fbo\u011fa, 4 g\u00fcnd\u00fcr s\u00fcren ya\u015fam m\u00fccadelesini kaybetti.<\/p>\n<p>Olay\u0131 b\u00fcy\u00fck bir titizlikle inceleyen polis ekiplerinin olay saati o b\u00f6lgede silah s\u0131kan 3 ki\u015fiyi g\u00f6zalt\u0131na ald\u0131\u011f\u0131 ve olayla ilgili incelemelerinin devam etti\u011fi belirtildi. (\u0130HA)<\/p>\n","protected":false},"excerpt":{"rendered":"<p>Mardin&#8217;in K\u0131z\u0131ltepe il\u00e7esinde bisikletiyle evine giderken kafas\u0131na isabet eden maganda kur\u015funuyla yaralanan 12 ya\u015f\u0131ndaki \u00e7ocuk, 4 g\u00fcnd\u00fcr s\u00fcren &#8230;<\/p>\n","protected":false},"author":1,"featured_media":13163,"comment_status":"open","ping_status":"open","sticky":false,"template":"","format":"standard","meta":{"footnotes":""},"categories":[26],"tags":[],"class_list":["post-13162","post","type-post","status-publish","format-standard","has-post-thumbnail","hentry","category-gundem"],"_links":{"self":[{"href":"https:\/\/haberulus.net\/index.php?rest_route=\/wp\/v2\/posts\/13162","targetHints":{"allow":["GET"]}}],"collection":[{"href":"https:\/\/haberulus.net\/index.php?rest_route=\/wp\/v2\/posts"}],"about":[{"href":"https:\/\/haberulus.net\/index.php?rest_route=\/wp\/v2\/types\/post"}],"author":[{"embeddable":true,"href":"https:\/\/haberulus.net\/index.php?rest_route=\/wp\/v2\/users\/1"}],"replies":[{"embeddable":true,"href":"https:\/\/haberulus.net\/index.php?rest_route=%2Fwp%2Fv2%2Fcomments&post=13162"}],"version-history":[{"count":1,"href":"https:\/\/haberulus.net\/index.php?rest_route=\/wp\/v2\/posts\/13162\/revisions"}],"predecessor-version":[{"id":13164,"href":"https:\/\/haberulus.net\/index.php?rest_route=\/wp\/v2\/posts\/13162\/revisions\/13164"}],"wp:featuredmedia":[{"embeddable":true,"href":"https:\/\/haberulus.net\/index.php?rest_route=\/wp\/v2\/media\/13163"}],"wp:attachment":[{"href":"https:\/\/haberulus.net\/index.php?rest_route=%2Fwp%2Fv2%2Fmedia&parent=13162"}],"wp:term":[{"taxonomy":"category","embeddable":true,"href":"https:\/\/haberulus.net\/index.php?rest_route=%2Fwp%2Fv2%2Fcategories&post=13162"},{"taxonomy":"post_tag","embeddable":true,"href":"https:\/\/haberulus.net\/index.php?rest_route=%2Fwp%2Fv2%2Ftags&post=13162"}],"curies":[{"name":"wp","href":"https:\/\/api.w.org\/{rel}","templated":true}]}}