{"id":13177,"date":"2022-07-24T08:36:06","date_gmt":"2022-07-24T08:36:06","guid":{"rendered":"https:\/\/haberulus.net\/?p=13177"},"modified":"2022-07-24T08:36:06","modified_gmt":"2022-07-24T08:36:06","slug":"kilicdaroglu-lozan-ulkemizin-tapu-senedidir","status":"publish","type":"post","link":"https:\/\/haberulus.net\/?p=13177","title":{"rendered":"K\u0131l\u0131\u00e7daro\u011flu: Lozan \u00fclkemizin tapu senedidir"},"content":{"rendered":"<p><b>CHP Genel Ba\u015fkan\u0131 Kemal K\u0131l\u0131\u00e7daro\u011flu, &#8220;Parlamento a\u00e7\u0131ld\u0131\u011f\u0131nda verece\u011fimiz ilk kanun teklifi, Lozan&#8217;\u0131n resmi bayram olarak kabul edilmesinin teklifi olacakt\u0131r. Lozan, \u00fclkemizin tapu senedidir&#8221; dedi.<\/b><\/p>\n<p>CHP Genel Ba\u015fkan\u0131 K\u0131l\u0131\u00e7daro\u011flu, Lozan Bar\u0131\u015f Antla\u015fmas\u0131\u2019n\u0131n 99\u2019uncu y\u0131l d\u00f6n\u00fcm\u00fc nedeniyle Twitter hesab\u0131ndan yapt\u0131\u011f\u0131 a\u00e7\u0131klamada, \u015fu ifadeleri kulland\u0131:<\/p>\n<p>\u2013 B\u00fcy\u00fck bir diplomasi zaferine imza atarak ba\u011f\u0131ms\u0131z T\u00fcrkiye\u2019nin yolunu a\u00e7an Gazi Mustafa Kemal Atat\u00fcrk\u2019\u00fc, \u0130smet \u0130n\u00f6n\u00fc\u2019y\u00fc ve t\u00fcm milli m\u00fccadele kahramanlar\u0131m\u0131z\u0131 sayg\u0131 ve minnetle an\u0131yor, Lozan Bar\u0131\u015f Antla\u015fmas\u0131\u2019n\u0131n 99\u2019uncu y\u0131l\u0131n\u0131 kutluyorum.<\/p>\n<p>\u2013 Milli m\u00fccadelemizi, b\u00fcy\u00fck bir diplomasi zaferiyle ta\u00e7land\u0131rd\u0131\u011f\u0131m\u0131z Lozan Bar\u0131\u015f Antla\u015fmas\u0131\u2019n\u0131n y\u0131l d\u00f6n\u00fcm\u00fcnde tekrar s\u00f6yl\u00fcyorum. Parlamento a\u00e7\u0131ld\u0131\u011f\u0131nda verece\u011fimiz ilk kanun teklifi, Lozan\u2019\u0131n resmi bayram olarak kabul edilmesinin teklifi olacakt\u0131r. Lozan, \u00fclkemizin tapu senedidir.<\/p>\n","protected":false},"excerpt":{"rendered":"<p>CHP Genel Ba\u015fkan\u0131 Kemal K\u0131l\u0131\u00e7daro\u011flu, &#8220;Parlamento a\u00e7\u0131ld\u0131\u011f\u0131nda verece\u011fimiz ilk kanun teklifi, Lozan&#8217;\u0131n resmi bayram olarak kabul edilmesinin &#8230;<\/p>\n","protected":false},"author":1,"featured_media":13178,"comment_status":"open","ping_status":"open","sticky":false,"template":"","format":"standard","meta":{"footnotes":""},"categories":[26],"tags":[3592],"class_list":["post-13177","post","type-post","status-publish","format-standard","has-post-thumbnail","hentry","category-gundem","tag-lozan"],"_links":{"self":[{"href":"https:\/\/haberulus.net\/index.php?rest_route=\/wp\/v2\/posts\/13177","targetHints":{"allow":["GET"]}}],"collection":[{"href":"https:\/\/haberulus.net\/index.php?rest_route=\/wp\/v2\/posts"}],"about":[{"href":"https:\/\/haberulus.net\/index.php?rest_route=\/wp\/v2\/types\/post"}],"author":[{"embeddable":true,"href":"https:\/\/haberulus.net\/index.php?rest_route=\/wp\/v2\/users\/1"}],"replies":[{"embeddable":true,"href":"https:\/\/haberulus.net\/index.php?rest_route=%2Fwp%2Fv2%2Fcomments&post=13177"}],"version-history":[{"count":1,"href":"https:\/\/haberulus.net\/index.php?rest_route=\/wp\/v2\/posts\/13177\/revisions"}],"predecessor-version":[{"id":13179,"href":"https:\/\/haberulus.net\/index.php?rest_route=\/wp\/v2\/posts\/13177\/revisions\/13179"}],"wp:featuredmedia":[{"embeddable":true,"href":"https:\/\/haberulus.net\/index.php?rest_route=\/wp\/v2\/media\/13178"}],"wp:attachment":[{"href":"https:\/\/haberulus.net\/index.php?rest_route=%2Fwp%2Fv2%2Fmedia&parent=13177"}],"wp:term":[{"taxonomy":"category","embeddable":true,"href":"https:\/\/haberulus.net\/index.php?rest_route=%2Fwp%2Fv2%2Fcategories&post=13177"},{"taxonomy":"post_tag","embeddable":true,"href":"https:\/\/haberulus.net\/index.php?rest_route=%2Fwp%2Fv2%2Ftags&post=13177"}],"curies":[{"name":"wp","href":"https:\/\/api.w.org\/{rel}","templated":true}]}}