{"id":13678,"date":"2022-07-25T09:36:07","date_gmt":"2022-07-25T09:36:07","guid":{"rendered":"https:\/\/haberulus.net\/?p=13678"},"modified":"2022-07-25T09:36:07","modified_gmt":"2022-07-25T09:36:07","slug":"magaradaki-soguk-su-koylulerin-dogal-saklama-deposu-oldu","status":"publish","type":"post","link":"https:\/\/haberulus.net\/?p=13678","title":{"rendered":"Ma\u011faradaki so\u011fuk su k\u00f6yl\u00fclerin do\u011fal saklama deposu oldu"},"content":{"rendered":"<p><b>Artvin merkeze ba\u011fl\u0131 Ortak\u00f6y k\u00f6y\u00fc \u00c7al\u0131\u015fkanlar mahallesinde bulunan ma\u011faralar, b\u00f6lge halk\u0131 taraf\u0131ndan yiyeceklerini s\u0131caktan koruduklar\u0131 do\u011fal so\u011fuk hava deposu olarak kullan\u0131l\u0131yor.<\/b><\/p>\n<p>Mahallenin hemen \u00fczerinde yer alan ormanl\u0131k alan\u0131n alt b\u00f6l\u00fcm\u00fcne kurulan 20 haneli \u00c7al\u0131\u015fkanlar mahallesine ait her hanenin bir do\u011fal so\u011fuk hava deposu bulunuyor. Yerin alt\u0131ndan ge\u00e7en so\u011fuk su kayna\u011f\u0131n\u0131n olu\u015fturdu\u011fu ortamdan kaynakl\u0131 oldu\u011fu tahmin edilen so\u011fuk hava, b\u00f6lgenin kayal\u0131k yap\u0131s\u0131 olmas\u0131 nedeniyle y\u00fczeye \u00e7\u0131k\u0131yor. Bu do\u011fa olay\u0131n\u0131 b\u00f6lge halk\u0131 as\u0131rlar \u00f6nce f\u0131rsata \u00e7evirerek, etrafta bulunan ta\u015flardan \u00f6rd\u00fckleri duvarlarla k\u00fc\u00e7\u00fck k\u00fc\u00e7\u00fck ma\u011faralar yaparken, ma\u011faralar\u0131n giri\u015flerine kap\u0131lar yapan y\u00f6re halk\u0131 bu sayede kendilerine ait do\u011fal so\u011fuk hava depolar\u0131 elde etti.<\/p>\n<p><img decoding=\"async\" src=\"https:\/\/i01.sozcucdn.com\/wp-content\/uploads\/2022\/07\/25\/resim1_20953636.jpg\" alt=\"\" title=\"\"><\/p>\n<p><strong>3 AY BOZULMADAN KALIYOR<\/strong><\/p>\n<p>S\u00fct, peynir, yo\u011furt, ya\u011f ba\u015fta olmak \u00fczere sebzelerini bu \u015fekilde s\u0131caktan koruduklar\u0131n\u0131 ve yiyeceklerini 3 bozulmadan saklayabildiklerini belirten Hacer Tokg\u00f6z (55), \u201c\u00c7ocuklu\u011fum bu k\u00f6yde ge\u00e7ti. Dedem, babam bu so\u011fuk hava depolar\u0131n\u0131 kullan\u0131yorlard\u0131, \u015fimdi biz kullan\u0131yoruz. Evimizde buzdolab\u0131 var, fakat buran\u0131n tad\u0131n\u0131 vermiyor. \u00d6zelikle s\u00fct \u00fcr\u00fcnlerinde olduk\u00e7a iyi oluyor. Buzdolab\u0131nda s\u00fct \u00fcr\u00fcn\u00fc 2, 3 hafta zor dururken burada hi\u00e7 bozulmadan 3 ay saklayabiliyoruz\u201d dedi.<br \/><img decoding=\"async\" src=\"https:\/\/i01.sozcucdn.com\/wp-content\/uploads\/2022\/07\/25\/resim3_20953637.jpg\" alt=\"\" title=\"\"><\/p>\n<p><strong>DEDELER\u0130M\u0130ZDEN KALMA<\/strong><\/p>\n<p>B\u00f6lge halk\u0131ndan Kemal Yavuz ise (48), \u201cBu so\u011fuk hava depolar\u0131 bizlere dedelerimizden kalma. \u0130nsanlar daha \u00f6nceleri elektrik olmad\u0131\u011f\u0131 i\u00e7in yaz aylar\u0131nda b\u00f6yle bir \u015fey ke\u015ffetmi\u015fler. Bunu kullanmaya ba\u015flam\u0131\u015flar biz buna buz hane diyoruz. Sebzelerin s\u00fct \u00fcr\u00fcnlerinin bozulmamas\u0131 i\u00e7in buray\u0131 kullan\u0131yoruz. Y\u0131llar \u00f6nce ilk su olmad\u0131\u011f\u0131 i\u00e7in insanlar sular\u0131n\u0131 koyard\u0131 so\u011fuk olsun diye. Daha sonra hayvanlar\u0131n yaylaya gitti\u011fi zamanda insanlar s\u00fctlerini, yo\u011furtlar\u0131n\u0131, peynirlerini biriktirip 3 ay hi\u00e7 bozulmadan bu \u00fcr\u00fcnleri kullanabilirler. \u00d6zellikle patateste \u00e7ok etkini olan bir yer. \u0130nsanlar buraya ilkbaharda patateslerin koyar daha sonra en az bir y\u0131l saklayabilirler.<br \/>B\u00f6lgede 35 derece s\u0131cakl\u0131kta dahil i\u00e7erideki so\u011fuk havan\u0131n kesinlikle de\u015fmedi\u011fini g\u00f6r\u00fcyoruz. S\u00fcrekli hava sirk\u00fclasyonu var\u201d diye konu\u015ftu.<\/p>\n<p><strong>HER DA\u0130M SIFIR DERECE\u00a0<\/strong><\/p>\n<p>B\u00f6lge halk\u0131ndan Recep Tayyip Erdo\u011fan \u00dcniversitesi \u00f6\u011fretim g\u00f6revlisi Osman Albayrak ise yapt\u0131\u011f\u0131 ara\u015ft\u0131rmay\u0131 payla\u015farak \u201cBuradaki do\u011fa olay\u0131 so\u011fuk su kayna\u011f\u0131ndan kaynaklan\u0131yor. So\u011fuk su buhar\u0131yla insanlar as\u0131rlard\u0131r etraf\u0131n\u0131 ma\u011fara \u015fekline \u00e7evirip buzdolab\u0131 niyetinde kullan\u0131yor. \u0130\u00e7erideki s\u0131cakl\u0131k s\u0131f\u0131r derece\u201d \u015feklinde konu\u015ftu. \u0130HA<\/p>\n","protected":false},"excerpt":{"rendered":"<p>Artvin merkeze ba\u011fl\u0131 Ortak\u00f6y k\u00f6y\u00fc \u00c7al\u0131\u015fkanlar mahallesinde bulunan ma\u011faralar, b\u00f6lge halk\u0131 taraf\u0131ndan yiyeceklerini s\u0131caktan koruduklar\u0131 do\u011fal &#8230;<\/p>\n","protected":false},"author":1,"featured_media":13679,"comment_status":"open","ping_status":"open","sticky":false,"template":"","format":"standard","meta":{"footnotes":""},"categories":[33],"tags":[158,233,3011,3758,2229],"class_list":["post-13678","post","type-post","status-publish","format-standard","has-post-thumbnail","hentry","category-yasam","tag-bolge","tag-doga","tag-insanlar","tag-soguk-hava","tag-sut"],"_links":{"self":[{"href":"https:\/\/haberulus.net\/index.php?rest_route=\/wp\/v2\/posts\/13678","targetHints":{"allow":["GET"]}}],"collection":[{"href":"https:\/\/haberulus.net\/index.php?rest_route=\/wp\/v2\/posts"}],"about":[{"href":"https:\/\/haberulus.net\/index.php?rest_route=\/wp\/v2\/types\/post"}],"author":[{"embeddable":true,"href":"https:\/\/haberulus.net\/index.php?rest_route=\/wp\/v2\/users\/1"}],"replies":[{"embeddable":true,"href":"https:\/\/haberulus.net\/index.php?rest_route=%2Fwp%2Fv2%2Fcomments&post=13678"}],"version-history":[{"count":1,"href":"https:\/\/haberulus.net\/index.php?rest_route=\/wp\/v2\/posts\/13678\/revisions"}],"predecessor-version":[{"id":13680,"href":"https:\/\/haberulus.net\/index.php?rest_route=\/wp\/v2\/posts\/13678\/revisions\/13680"}],"wp:featuredmedia":[{"embeddable":true,"href":"https:\/\/haberulus.net\/index.php?rest_route=\/wp\/v2\/media\/13679"}],"wp:attachment":[{"href":"https:\/\/haberulus.net\/index.php?rest_route=%2Fwp%2Fv2%2Fmedia&parent=13678"}],"wp:term":[{"taxonomy":"category","embeddable":true,"href":"https:\/\/haberulus.net\/index.php?rest_route=%2Fwp%2Fv2%2Fcategories&post=13678"},{"taxonomy":"post_tag","embeddable":true,"href":"https:\/\/haberulus.net\/index.php?rest_route=%2Fwp%2Fv2%2Ftags&post=13678"}],"curies":[{"name":"wp","href":"https:\/\/api.w.org\/{rel}","templated":true}]}}