{"id":13729,"date":"2022-07-25T10:36:08","date_gmt":"2022-07-25T10:36:08","guid":{"rendered":"https:\/\/haberulus.net\/?p=13729"},"modified":"2022-07-25T10:36:08","modified_gmt":"2022-07-25T10:36:08","slug":"otizm-icin-5-kilometre-kulac-attilar","status":"publish","type":"post","link":"https:\/\/haberulus.net\/?p=13729","title":{"rendered":"Otizm i\u00e7in 5 kilometre kula\u00e7 att\u0131lar"},"content":{"rendered":"<p><b>\u0130stanbul&#8217;un farkl\u0131 noktalar\u0131ndan Tuzlaya gelen 20 y\u00fcz\u00fcc\u00fc, Otizm ve Down Sendromu fark\u0131ndal\u0131\u011f\u0131 olu\u015fturmak i\u00e7in Tuzla Belediyesi Palmiye Sosyal Tesislerinin \u00f6n\u00fcnden Hay\u0131rs\u0131z Ada olarak bilinen ve Tuzla sahile 2,5 kilometre uzakta bulunan adaya y\u00fczd\u00fc. <\/b><\/p>\n<p>Tuzla Belediyesi ev sahipli\u011finde Otizm ve Down Sendromu fark\u0131ndal\u0131\u011f\u0131 i\u00e7in \u00f6zel bir sosyal sorumluluk projesi d\u00fczenlendi. Palmiye Sosyal Tesislerinin \u00f6n\u00fcnde d\u00fczenlenen etkinli\u011fe \u0130stanbul\u2019un farkl\u0131 noktalar\u0131ndan 20 y\u00fcz\u00fcc\u00fc kat\u0131ld\u0131.<\/p>\n<p>Etkinli\u011fe kat\u0131lan y\u00fcz\u00fcc\u00fcler, sabah\u0131n ilk \u0131\u015f\u0131klar\u0131 ile birlikte Palmiye Sosyal Tesislerinin \u00f6n\u00fcnden Hay\u0131rs\u0131z Ada olarak bilinen ve Tuzla sahile 2,5 kilometre uzakta bulunan adaya y\u00fczd\u00fcler. Y\u00fcz\u00fcc\u00fclere g\u00fcvenlik nedeniyle 3 bot e\u015flik etti. Palmiye Sosyal Tesislerinden adaya y\u00fczen y\u00fcz\u00fcc\u00fcler daha sonra tekrar Sosyal Tesislere y\u00fczd\u00fc.<\/p>\n<p><img decoding=\"async\" src=\"https:\/\/i01.sozcucdn.com\/wp-content\/uploads\/2022\/07\/25\/resim1_20954121.jpg\" alt=\"\" title=\"\"><\/p>\n<p><strong>OT\u0130ZML\u0130 KARDE\u015eLER\u0130M\u0130Z \u0130\u00c7\u0130N Y\u00dcZMEK \u00c7OK ANLAMLI<\/strong><\/p>\n<p>Etkinli\u011fe kat\u0131lan Olga T\u00f6rs, Otizm fark\u0131ndal\u0131\u011f\u0131 i\u00e7in kula\u00e7 att\u0131k. Adaya gidi\u015f zor olsa da d\u00f6n\u00fc\u015f \u00e7ok h\u0131zl\u0131 oldu dedi.<\/p>\n<p>\u015eahin Karaku\u015f ise\u00a0Bug\u00fcn g\u00fczel parkura Otizmli karde\u015flerimize destek i\u00e7in geldik. Onlar\u0131n ad\u0131na kula\u00e7 att\u0131k ifadelerini kulland\u0131.<br \/><img decoding=\"async\" src=\"https:\/\/i01.sozcucdn.com\/wp-content\/uploads\/2022\/07\/25\/resim3_20954125.jpg\" alt=\"\" title=\"\"><\/p>\n<p>Seyfettin Karakaya da\u00a0Yakla\u015f\u0131k 15-16 y\u0131ld\u0131r y\u00fcz\u00fcyorum. G\u00fczel bir etkinlik olacak. Otizm i\u00e7in y\u00fczmek ayr\u0131ca anlaml\u0131. Otizmli \u00e7ocuklar toplumun \u00f6nemli bir k\u0131sm\u0131n\u0131 olu\u015fturuyor diye konu\u015ftu.<br \/>DHA<\/p>\n","protected":false},"excerpt":{"rendered":"<p>\u0130stanbul&#8217;un farkl\u0131 noktalar\u0131ndan Tuzlaya gelen 20 y\u00fcz\u00fcc\u00fc, Otizm ve Down Sendromu fark\u0131ndal\u0131\u011f\u0131 olu\u015fturmak i\u00e7in Tuzla Belediyesi Palmiye Sosyal &#8230;<\/p>\n","protected":false},"author":1,"featured_media":13730,"comment_status":"open","ping_status":"open","sticky":false,"template":"","format":"standard","meta":{"footnotes":""},"categories":[33],"tags":[812,3768,2349,1946,2884],"class_list":["post-13729","post","type-post","status-publish","format-standard","has-post-thumbnail","hentry","category-yasam","tag-ada","tag-otizm","tag-sosyal","tag-tuzla","tag-yuzucu"],"_links":{"self":[{"href":"https:\/\/haberulus.net\/index.php?rest_route=\/wp\/v2\/posts\/13729","targetHints":{"allow":["GET"]}}],"collection":[{"href":"https:\/\/haberulus.net\/index.php?rest_route=\/wp\/v2\/posts"}],"about":[{"href":"https:\/\/haberulus.net\/index.php?rest_route=\/wp\/v2\/types\/post"}],"author":[{"embeddable":true,"href":"https:\/\/haberulus.net\/index.php?rest_route=\/wp\/v2\/users\/1"}],"replies":[{"embeddable":true,"href":"https:\/\/haberulus.net\/index.php?rest_route=%2Fwp%2Fv2%2Fcomments&post=13729"}],"version-history":[{"count":1,"href":"https:\/\/haberulus.net\/index.php?rest_route=\/wp\/v2\/posts\/13729\/revisions"}],"predecessor-version":[{"id":13731,"href":"https:\/\/haberulus.net\/index.php?rest_route=\/wp\/v2\/posts\/13729\/revisions\/13731"}],"wp:featuredmedia":[{"embeddable":true,"href":"https:\/\/haberulus.net\/index.php?rest_route=\/wp\/v2\/media\/13730"}],"wp:attachment":[{"href":"https:\/\/haberulus.net\/index.php?rest_route=%2Fwp%2Fv2%2Fmedia&parent=13729"}],"wp:term":[{"taxonomy":"category","embeddable":true,"href":"https:\/\/haberulus.net\/index.php?rest_route=%2Fwp%2Fv2%2Fcategories&post=13729"},{"taxonomy":"post_tag","embeddable":true,"href":"https:\/\/haberulus.net\/index.php?rest_route=%2Fwp%2Fv2%2Ftags&post=13729"}],"curies":[{"name":"wp","href":"https:\/\/api.w.org\/{rel}","templated":true}]}}