{"id":14246,"date":"2022-07-26T11:50:06","date_gmt":"2022-07-26T11:50:06","guid":{"rendered":"https:\/\/haberulus.net\/?p=14246"},"modified":"2022-07-26T11:50:06","modified_gmt":"2022-07-26T11:50:06","slug":"tunc-soyer-lozan-maglubun-maglup-oldugunun-beyanidir","status":"publish","type":"post","link":"https:\/\/haberulus.net\/?p=14246","title":{"rendered":"Tun\u00e7 Soyer: Lozan ma\u011flubun ma\u011flup oldu\u011funun beyan\u0131d\u0131r"},"content":{"rendered":"<p><b>\u0130zmir B\u00fcy\u00fck\u015fehir Belediye Ba\u015fkan\u0131 Tun\u00e7 Soyer, Lozan Bar\u0131\u015f Antla\u015fmas\u0131&#8217;n\u0131n 99\u2019uncu y\u0131l d\u00f6n\u00fcm\u00fcnde &#8220;Cumhuriyet&#8217;in Kurulu\u015f Senedi Lozan Antla\u015fmas\u0131&#8221; ba\u015fl\u0131kl\u0131 konferansa kat\u0131ld\u0131. Soyer, \u201cLozan ma\u011flubun ma\u011flup oldu\u011funun resmen beyan\u0131d\u0131r\u201d dedi.<\/b><\/p>\n<p>\u0130zmir B\u00fcy\u00fck\u015fehir Belediyesi 24 Temmuz 1923&#8217;te imzalanan Lozan Bar\u0131\u015f Antla\u015fmas\u0131&#8217;n\u0131n 99&#8217;uncu y\u0131l d\u00f6n\u00fcm\u00fcnde \u201cCumhuriyet&#8217;in Kurulu\u015f Senedi Lozan Antla\u015fmas\u0131\u201d ba\u015fl\u0131kl\u0131 bir konferans d\u00fczenledi. Ahmet Piri\u015ftina Kent Ar\u015fivi ve M\u00fczesi&#8217;nde (AP\u0130KAM) d\u00fczenlenen konferans\u0131n a\u00e7\u0131l\u0131\u015f konu\u015fmas\u0131n\u0131 yapan Soyer, Ulu \u00d6nder Mustafa Kemal Atat\u00fcrk ba\u015fta olmak \u00fczere, antla\u015fma s\u00fcrecini y\u00fcr\u00fcten \u0130smet \u0130n\u00f6n\u00fc ve Lozan heyetini anarak s\u00f6zlerine ba\u015flad\u0131.<\/p>\n<p>Soyer, \u201cYakla\u015f\u0131k bir as\u0131r \u00f6nce imzalanan Lozan Antla\u015fmas\u0131, di\u011fer pek \u00e7ok \u00fclkenin kurulu\u015fuyla ilgili anla\u015fmalara benzemez. Bu anla\u015fman\u0131n ilkeleri ve c\u00fcmleleri yery\u00fcz\u00fcn\u00fcn en \u00f6nemli halk direni\u015flerinden biri sonucunda yaz\u0131lm\u0131\u015ft\u0131r.<\/p>\n<p>Anla\u015fman\u0131n her bir sat\u0131r\u0131nda g\u00f6\u011fs\u00fcn\u00fc ate\u015fe siper eden \u015fehitlerimizin kan\u0131 vard\u0131r. Anadolu&#8217;nun Mustafa Kemal Atat\u00fcrk&#8217;\u00fcn liderli\u011fiyle bir \u00e7\u0131\u011f gibi b\u00fcy\u00fcyen direni\u015fi, 9 Eyl\u00fcl ile bir kurtulu\u015f, Lozan&#8217;la ise bir kurulu\u015f destan\u0131na d\u00f6n\u00fc\u015fm\u00fc\u015ft\u00fcr. Atat\u00fcrk&#8217;\u00fcn ba\u015fkanl\u0131\u011f\u0131ndaki B\u00fcy\u00fck Millet Meclisi&#8217;nin yetkilendirdi\u011fi ve \u0130smet Pa\u015fa&#8217;n\u0131n liderlik etti\u011fi heyetimiz Anadolu sath\u0131ndaki askeri zaferi, 24 Temmuz 1923&#8217;te m\u00fcthi\u015f bir diplomasi zaferiyle ta\u00e7land\u0131rd\u0131. Sevr&#8217;i dayatan emperyalistlere kar\u015f\u0131 T\u00fcrkiye&#8217;nin \u2018tam ba\u011f\u0131ms\u0131z&#8217; bir \u00fclke olarak tan\u0131nmas\u0131n\u0131 sa\u011flad\u0131\u201d diye konu\u015ftu.<\/p>\n<p><strong>ONUR BELGES\u0130<\/strong><\/p>\n<p>Lozan Antla\u015fmas\u0131&#8217;n\u0131n sadece \u00fclkemizin de\u011fil, ayn\u0131 zamanda muhatap \u00fclkelerin s\u00f6m\u00fcrgesi konumundaki farkl\u0131 uluslar\u0131n da kaderini etkilemi\u015f evrensel bir belge oldu\u011funu belirten Ba\u015fkan Soyer, \u201cBu bulu\u015fmam\u0131zda, Lozan&#8217;\u0131 t\u00fcm sosyal ve ekonomik boyutlar\u0131yla ele alarak bu tarihi anla\u015fma konusunda \u00fcretilen suni g\u00fcndemlere \u0131\u015f\u0131k tutaca\u011f\u0131z.<\/p>\n<p>Lozan Anla\u015fmas\u0131, milli m\u00fccadele ve kurtulu\u015f destan\u0131m\u0131z\u0131n onur belgesidir. Kurtulu\u015ftan kurulu\u015fa giden yolu \u00e7izen bir kilometre ta\u015f\u0131d\u0131r. Dahas\u0131, ma\u011flubun ma\u011flup oldu\u011funun resmen beyan\u0131d\u0131r. Bug\u00fcn bu topraklardaki h\u00fcr ya\u015fam\u0131m\u0131z bu siyasi zaferin bir sonucudur. \u00c7ok zor ko\u015fullardan b\u00fcy\u00fck bir diplomatik zek\u00e2yla imzalanan Lozan Anla\u015fmas\u0131&#8217;n\u0131n 99&#8217;uncu y\u0131ld\u00f6n\u00fcm\u00fcn\u00fc t\u00fcm kalbimle kutluyorum\u201d ifadelerini kulland\u0131.<\/p>\n<p>Ankara \u00dcniversitesi T\u00fcrk \u0130nk\u0131lap Tarihi Enstit\u00fcs\u00fc M\u00fcd\u00fcr\u00fc Prof. Dr. Temu\u00e7in Faik Ertan ise Lozan&#8217;daki g\u00f6r\u00fc\u015fmelerde ya\u015fananlar ve antla\u015fman\u0131n imzalanmas\u0131 sonucunda elde edilen kazan\u0131mlar hakk\u0131nda geni\u015f kapsaml\u0131 bilgiler verdi.<\/p>\n<p>\u0130zmir&#8217;in Lozan Bar\u0131\u015f Antla\u015fmas\u0131 i\u00e7in b\u00fcy\u00fck bir \u00f6neme sahip oldu\u011funu ifade eden Ertan, \u201c\u0130zmir Lozan&#8217;\u0131 anlatmak ve anlamak i\u00e7in en do\u011fru, en anlaml\u0131 \u015fehirdir. \u0130zmir i\u015fgali ba\u015fka bir i\u015fgaldi. Asl\u0131nda bir ilhakt\u0131. \u0130zmir&#8217;in i\u015fgalinden sonra direni\u015f artm\u0131\u015ft\u0131. Sevr&#8217;i ili\u011fine kadar hisseden bir kenttir \u0130zmir.<\/p>\n<p>T\u00fcrkiye, \u0130zmir kurtar\u0131ld\u0131\u011f\u0131 i\u00e7in Lozan&#8217;a eli g\u00fc\u00e7l\u00fc gitmi\u015ftir. Bu \u015fehirde Lozan&#8217;\u0131 konu\u015fmak ondan dolay\u0131 anlaml\u0131d\u0131r. Konferans\u0131n nerede yap\u0131laca\u011f\u0131 konusundaki g\u00f6r\u00fc\u015fmelerde Mustafa Kemal Atat\u00fcrk, \u0130zmir&#8217;de yap\u0131lmas\u0131n\u0131 istemi\u015ftir. \u0130zmir&#8217;in kurtulu\u015fu ve Lozan, \u0130stanbul&#8217;un kurtulu\u015funun da yolunu a\u00e7m\u0131\u015ft\u0131r\u201d dedi. Lozan Antla\u015fmas\u0131&#8217;n\u0131n sosyal medyaya kurban edildi\u011fine de de\u011finen Ertan, s\u00f6zlerini \u015f\u00f6yle tamamlad\u0131:<\/p>\n<p>\u201cTarih sosyal medyadan \u00f6\u011frenilmez. Lozan&#8217;\u0131n s\u00fcresi 100 y\u0131ll\u0131kt\u0131r diyenler bug\u00fcnlere gelece\u011fimizi hi\u00e7 d\u00fc\u015f\u00fcnmedi mi? Bug\u00fcn 99&#8217;uncu y\u0131lday\u0131z ve Lozan hala ya\u015f\u0131yor.\u201d<\/p>\n","protected":false},"excerpt":{"rendered":"<p>\u0130zmir B\u00fcy\u00fck\u015fehir Belediye Ba\u015fkan\u0131 Tun\u00e7 Soyer, Lozan Bar\u0131\u015f Antla\u015fmas\u0131&#8217;n\u0131n 99\u2019uncu y\u0131l d\u00f6n\u00fcm\u00fcnde &#8220;Cumhuriyet&#8217;in Kurulu\u015f Senedi Lozan Antla\u015fmas\u0131 &#8230;<\/p>\n","protected":false},"author":1,"featured_media":14247,"comment_status":"open","ping_status":"open","sticky":false,"template":"","format":"standard","meta":{"footnotes":""},"categories":[26],"tags":[469,3874,196,3875,3592],"class_list":["post-14246","post","type-post","status-publish","format-standard","has-post-thumbnail","hentry","category-gundem","tag-anlasma","tag-antlasma","tag-izmir","tag-kurtulus","tag-lozan"],"_links":{"self":[{"href":"https:\/\/haberulus.net\/index.php?rest_route=\/wp\/v2\/posts\/14246","targetHints":{"allow":["GET"]}}],"collection":[{"href":"https:\/\/haberulus.net\/index.php?rest_route=\/wp\/v2\/posts"}],"about":[{"href":"https:\/\/haberulus.net\/index.php?rest_route=\/wp\/v2\/types\/post"}],"author":[{"embeddable":true,"href":"https:\/\/haberulus.net\/index.php?rest_route=\/wp\/v2\/users\/1"}],"replies":[{"embeddable":true,"href":"https:\/\/haberulus.net\/index.php?rest_route=%2Fwp%2Fv2%2Fcomments&post=14246"}],"version-history":[{"count":1,"href":"https:\/\/haberulus.net\/index.php?rest_route=\/wp\/v2\/posts\/14246\/revisions"}],"predecessor-version":[{"id":14248,"href":"https:\/\/haberulus.net\/index.php?rest_route=\/wp\/v2\/posts\/14246\/revisions\/14248"}],"wp:featuredmedia":[{"embeddable":true,"href":"https:\/\/haberulus.net\/index.php?rest_route=\/wp\/v2\/media\/14247"}],"wp:attachment":[{"href":"https:\/\/haberulus.net\/index.php?rest_route=%2Fwp%2Fv2%2Fmedia&parent=14246"}],"wp:term":[{"taxonomy":"category","embeddable":true,"href":"https:\/\/haberulus.net\/index.php?rest_route=%2Fwp%2Fv2%2Fcategories&post=14246"},{"taxonomy":"post_tag","embeddable":true,"href":"https:\/\/haberulus.net\/index.php?rest_route=%2Fwp%2Fv2%2Ftags&post=14246"}],"curies":[{"name":"wp","href":"https:\/\/api.w.org\/{rel}","templated":true}]}}