{"id":14529,"date":"2022-07-26T17:20:03","date_gmt":"2022-07-26T17:20:03","guid":{"rendered":"https:\/\/haberulus.net\/?p=14529"},"modified":"2022-07-26T17:20:03","modified_gmt":"2022-07-26T17:20:03","slug":"umit-ozdagdan-gazeteci-tolga-balcilarin-tutuklanmasina-tepki","status":"publish","type":"post","link":"https:\/\/haberulus.net\/?p=14529","title":{"rendered":"\u00dcmit \u00d6zda\u011f\u2019dan gazeteci Tolga Balc\u0131lar\u2019\u0131n tutuklanmas\u0131na tepki"},"content":{"rendered":"<p><b>Zafer Partisi Genel Ba\u015fkan\u0131 Prof. Dr. \u00dcmit \u00d6zda\u011f Osmaniye&#8217;de m\u00fclteci kamp\u0131ndan firar eden Afganl\u0131lar\u0131 haber yapan gazeteci Hasan Tolga Balc\u0131lar&#8217;\u0131n tutuklanmas\u0131na tepki g\u00f6sterdi. Karar\u0131n hukuki de\u011fil, siyasi oldu\u011funu belirten \u00d6zda\u011f, &#8220;Tolga sadece haber yapt\u0131, k\u0131\u015fk\u0131rtmad\u0131. K\u0131\u015fk\u0131rtan milyonlarca Afganl\u0131y\u0131, Suriyeliyi i\u00e7eriye getiren ve bu insanlar\u0131 T\u00fcrk halk\u0131n\u0131n ba\u015f\u0131na musallat eden iktidard\u0131r.&#8221; dedi.<\/b><\/p>\n<p>Zafer Partisi Genel Ba\u015fkan\u0131 Prof. Dr. \u00dcmit \u00d6zda\u011f, Osmaniye&#8217;deki Zafer Partisi \u0130l Ba\u015fkanl\u0131\u011f\u0131 \u00f6n\u00fcnde bas\u0131n a\u00e7\u0131klamas\u0131nda bulundu.<\/p>\n<p><strong>\u201cBU HUKUK\u0130 DE\u011e\u0130L, S\u0130YAS\u0130 B\u0130R TUTUKLAMA\u201d<\/strong><\/p>\n<p>Osmaniye\u2019de m\u00fclteci kamp\u0131ndan firar eden Afganl\u0131lar\u0131 haber yapan Gazeteci Hasan Tolga Balc\u0131lar\u2019\u0131n d\u00fcn \u00e7\u0131kar\u0131ld\u0131\u011f\u0131 mahkemece tutuklanmas\u0131na tepki g\u00f6steren \u00d6zda\u011f \u015fu ifadeleri kulland\u0131:<\/p>\n<p>\u201cT\u00fcrkiye\u2019de s\u0131\u011f\u0131nmac\u0131 olarak bulunan bir yabanc\u0131 uyu\u015fturucu ile yakalanm\u0131\u015f, g\u00f6zalt\u0131na al\u0131nm\u0131\u015f fakat mahkeme yarg\u0131lanmas\u0131na gerek olmad\u0131\u011f\u0131 karar\u0131n\u0131 alarak serbest b\u0131rakm\u0131\u015f. Uyu\u015fturucu kullan\u0131rken yakalanan s\u0131\u011f\u0131nmac\u0131lar serbest b\u0131rak\u0131l\u0131rken, bulunduklar\u0131 kamptan yasalar\u0131 ihlal ederek ka\u00e7an Afgan vatanda\u015flar\u0131n\u0131n haberini yapt\u0131\u011f\u0131 i\u00e7in Tolga Balc\u0131lar karde\u015fimiz, \u00f6nce g\u00f6zalt\u0131na\u00a0 al\u0131nd\u0131, sonra tutukland\u0131.<\/p>\n<p>\u015eu anda hapishanede. Yapm\u0131\u015f oldu\u011fu \u015fey sadece haber vermek. Bu hukuki de\u011fil, siyasi bir tutuklama ve gazetecilik yapan herkesin ba\u015f\u0131na T\u00fcrkiye\u2019de gelmesi \u015fa\u015fk\u0131nl\u0131k uyand\u0131racak bir \u015fey de\u011fil. Ne yaz\u0131k ki, hukuk devletinin ask\u0131ya al\u0131nd\u0131\u011f\u0131, bas\u0131n h\u00fcrriyetine tecav\u00fcz edildi\u011fi bir ortamda b\u00f6yle bir tutuklama elbette tepki g\u00f6sterece\u011fimiz, ancak ne yaz\u0131k ki \u015fa\u015f\u0131raca\u011f\u0131m\u0131z bir \u015fey olmaktan \u00e7\u0131kt\u0131.\u201d<\/p>\n<p><strong>\u201cNEY\u0130N HAZIRLI\u011eI \u0130\u00c7\u0130NDELER?\u201d<\/strong><\/p>\n<p>\u201cBu siyasi bir infazd\u0131r\u201d diyen \u00d6zd\u011fa, \u015f\u00f6yle devam etti:<\/p>\n<p>\u201cTolga Balc\u0131lar bu siyasi infaza, a\u00e7l\u0131k grevine ba\u015flayarak cevap vermi\u015ftir. Bu tutuklama hukuka uygun bir tutuklama da de\u011fil. Ortada karartacak delil yok. Her \u015fey ortada Tolga\u2019n\u0131n ka\u00e7aca\u011f\u0131na dair hi\u00e7 bir emare de yok. Ka\u00e7mayaca\u011f\u0131n\u0131 sizler de biliyorsunuz. Bu siyasi bir infaz. E\u011fer bu siyasi infaza, Tolga\u2019n\u0131n a\u00e7l\u0131k greviyle cevab\u0131 sonunda telafi edemeyece\u011finiz sonu\u00e7lar \u00e7\u0131karsa, bu karardan dolayl\u0131 ve dolays\u0131z sorumlu olan herkes hukuk \u00f6n\u00fcnde bunun hesab\u0131n\u0131 verir. Bunu unutmay\u0131n.<\/p>\n<p>Herkes bu \u00fclkede bir Anayasa\u2019n\u0131n oldu\u011funu ve bir g\u00fcn bu Anayasa\u2019n\u0131n \u00e7ok uzak olmayan bir zamanda bu Anayasa\u2019n\u0131n uygulanaca\u011f\u0131n\u0131 unutmas\u0131n. Bu t\u00fcr hukuk d\u0131\u015f\u0131 kararlar alanlar \u015funu da d\u00fc\u015f\u00fcns\u00fcnler; Kendilerine bu kararlar\u0131 almalar\u0131n\u0131 teklin edenler acaba d\u00fcnyan\u0131n hangi ba\u015fkentlerinde ev sat\u0131n al\u0131yorlar?<\/p>\n<p>Ve bu evleri niye sat\u0131n al\u0131yorlar? Neyin haz\u0131rl\u0131\u011f\u0131 i\u00e7indeler? T\u00fcrkiye\u2019den hangi paralar, hangi alt\u0131nlar, hangi u\u00e7aklar ve helikopterlerle nerelere g\u00f6t\u00fcr\u00fcl\u00fcyor? Bu kararlar\u0131 al\u0131rken, hukuka tecav\u00fcz ederken, yar\u0131n bu hukukun sizin de ihtiya\u00e7 duyaca\u011f\u0131n\u0131z bir hukuk oldu\u011funu asla unutmay\u0131n.\u201d<\/p>\n<p><strong>\u201cKI\u015eKIRTAN AFGANLARI VE SUR\u0130YELER\u0130 \u0130\u00c7ER\u0130 GET\u0130REN \u0130KT\u0130DARDIR\u201d<\/strong><\/p>\n<p>\u00d6zda\u011f, sonuna kadar olay\u0131n takip\u00e7isi olacaklar\u0131n\u0131 vurgulayarak, \u201cBiz Zafer Partisi olarak, Genel Ba\u015fkan\u0131ndan, Osmaniye \u0130l Ba\u015fkan\u0131na ve b\u00fct\u00fcn parti te\u015fkilat\u0131 \u00fcyelerine kadar hepimiz, bu i\u015f bitene kadar bas\u0131n \u00f6zg\u00fcrl\u00fc\u011f\u00fcn\u00fcn arkas\u0131nda olaca\u011f\u0131z. Tolga serbest b\u0131rak\u0131lana kadar bu konunun takip\u00e7isi olaca\u011f\u0131z ve Tolga\u2019y\u0131 i\u00e7eride esir b\u0131rakmayaca\u011f\u0131z. Tolga sadece haber yapt\u0131, k\u0131\u015fk\u0131rtmad\u0131. K\u0131\u015fk\u0131rtan milyonlarca Afganl\u0131y\u0131, Suriyeliyi i\u00e7eriye getiren ve bu insanlar\u0131 T\u00fcrk halk\u0131n\u0131n ba\u015f\u0131na musallat eden iktidard\u0131r\u201d dedi.<\/p>\n","protected":false},"excerpt":{"rendered":"<p>Zafer Partisi Genel Ba\u015fkan\u0131 Prof. Dr. \u00dcmit \u00d6zda\u011f Osmaniye&#8217;de m\u00fclteci kamp\u0131ndan firar eden Afganl\u0131lar\u0131 haber yapan gazeteci Hasan Tolga Balc\u0131lar &#8230;<\/p>\n","protected":false},"author":1,"featured_media":14530,"comment_status":"open","ping_status":"open","sticky":false,"template":"","format":"standard","meta":{"footnotes":""},"categories":[26],"tags":[914,296,442,2124,3927],"class_list":["post-14529","post","type-post","status-publish","format-standard","has-post-thumbnail","hentry","category-gundem","tag-afgan","tag-hukuk","tag-parti","tag-siyasi","tag-tolga"],"_links":{"self":[{"href":"https:\/\/haberulus.net\/index.php?rest_route=\/wp\/v2\/posts\/14529","targetHints":{"allow":["GET"]}}],"collection":[{"href":"https:\/\/haberulus.net\/index.php?rest_route=\/wp\/v2\/posts"}],"about":[{"href":"https:\/\/haberulus.net\/index.php?rest_route=\/wp\/v2\/types\/post"}],"author":[{"embeddable":true,"href":"https:\/\/haberulus.net\/index.php?rest_route=\/wp\/v2\/users\/1"}],"replies":[{"embeddable":true,"href":"https:\/\/haberulus.net\/index.php?rest_route=%2Fwp%2Fv2%2Fcomments&post=14529"}],"version-history":[{"count":1,"href":"https:\/\/haberulus.net\/index.php?rest_route=\/wp\/v2\/posts\/14529\/revisions"}],"predecessor-version":[{"id":14531,"href":"https:\/\/haberulus.net\/index.php?rest_route=\/wp\/v2\/posts\/14529\/revisions\/14531"}],"wp:featuredmedia":[{"embeddable":true,"href":"https:\/\/haberulus.net\/index.php?rest_route=\/wp\/v2\/media\/14530"}],"wp:attachment":[{"href":"https:\/\/haberulus.net\/index.php?rest_route=%2Fwp%2Fv2%2Fmedia&parent=14529"}],"wp:term":[{"taxonomy":"category","embeddable":true,"href":"https:\/\/haberulus.net\/index.php?rest_route=%2Fwp%2Fv2%2Fcategories&post=14529"},{"taxonomy":"post_tag","embeddable":true,"href":"https:\/\/haberulus.net\/index.php?rest_route=%2Fwp%2Fv2%2Ftags&post=14529"}],"curies":[{"name":"wp","href":"https:\/\/api.w.org\/{rel}","templated":true}]}}