{"id":14568,"date":"2022-07-26T17:50:06","date_gmt":"2022-07-26T17:50:06","guid":{"rendered":"https:\/\/haberulus.net\/?p=14568"},"modified":"2022-07-26T17:50:06","modified_gmt":"2022-07-26T17:50:06","slug":"instagramdan-tepkilere-yanit-daha-fazla-video-icerik-olacak","status":"publish","type":"post","link":"https:\/\/haberulus.net\/?p=14568","title":{"rendered":"Instagram\u2019dan tepkilere yan\u0131t: Daha fazla video i\u00e7erik olacak"},"content":{"rendered":"<p><b>Instagram&#8217;\u0131n \u00f6zellikle de TikTok&#8217;u \u00f6rnek alarak yeni de\u011fi\u015fiklikleri duyurmas\u0131ndan sonra tepkiler \u00e7\u0131\u011f gibi b\u00fcy\u00fcnce CEO Adam Mosseri, t\u00fcm bu ele\u015ftirilere yan\u0131t veren bir video yay\u0131nlad\u0131.<\/b><\/p>\n<p>Instagram, rakibi TikTok\u2019un kar\u015f\u0131s\u0131na daha g\u00fc\u00e7l\u00fc bir \u015fekilde \u00e7\u0131kmak i\u00e7in \u00e7al\u0131\u015fmalara ba\u015flad\u0131. Yeni \u00f6zellikleriyle rakibine daha da fazla benzeyece\u011finin sinyallerini veren Instagram, kullan\u0131c\u0131lar\u0131n\u0131n tepkisini \u00e7ekti. Hatta Kim Kardashian ve Kylie Jenner da platforma \u201cTikTok olmaya \u00e7al\u0131\u015fmay\u0131 b\u0131rak\u201d diye seslendi.<\/p>\n<p>Nihayet tepkiler \u00fczerine Adam Mosseri, bir a\u00e7\u0131klama yapt\u0131: \u201cFoto\u011fraflar\u0131 desteklemeye devam edece\u011fiz. Bu miras\u0131m\u0131z\u0131n bir par\u00e7as\u0131. D\u00fcr\u00fcst olmam gerekirse, Instagram\u2019\u0131n giderek daha fazla videoya d\u00f6n\u00fc\u015fece\u011fine inan\u0131yorum.\u201d<\/p>\n<p>Mosseri, bunun kullan\u0131c\u0131 e\u011filimlerini yans\u0131tt\u0131\u011f\u0131n\u0131 ve platform herhangi bir de\u011fi\u015fiklik yapmasa bile daha fazla video i\u00e7eri\u011finin ortaya \u00e7\u0131kaca\u011f\u0131n\u0131 s\u00f6yledi: \u201cFoto\u011fraflar\u0131 desteklemeye devam ederken bu de\u011fi\u015fime e\u011filmek zorunda kalaca\u011f\u0131z.\u201d<\/p>\n<div><img decoding=\"async\" src=\"https:\/\/i01.sozcucdn.com\/wp-content\/uploads\/2022\/07\/26\/adam_mosseri-reuters.jpg\" alt=\"\" title=\"\"><\/p>\n<p>Adam Mosseri<\/p>\n<\/div>\n<p>Mosseri ayr\u0131ca, kullan\u0131c\u0131lar\u0131n takip etmedikleri hesaplardan g\u00f6nderileri g\u00f6steren ve TikTok\u2019u and\u0131ran \u201ctavsiyelere\u201d \u00f6zelli\u011fine de de\u011findi: \u201c\u00d6neriler konusunda daha iyi olmaya \u00e7al\u0131\u015fmaya devam edece\u011fiz \u00e7\u00fcnk\u00fc bunun i\u00e7erik olu\u015fturucular\u0131n daha fazla ki\u015fiye ula\u015fmas\u0131na yard\u0131mc\u0131 olmak i\u00e7in en etkili ve \u00f6nemli yollar\u0131ndan biri oldu\u011funu d\u00fc\u015f\u00fcn\u00fcyoruz. Bizim de geli\u015fmemiz gerekecek \u00e7\u00fcnk\u00fc d\u00fcnya h\u0131zla de\u011fi\u015fiyor ve biz de onunla birlikte de\u011fi\u015fmek zorunda kalaca\u011f\u0131z.\u201d<\/p>\n<p>Bu, Instagram\u2019\u0131n TikTok\u2019a daha \u00e7ok benzemek i\u00e7in yapt\u0131\u011f\u0131 ilk de\u011fi\u015fiklik de\u011fil. 2020\u2019de ABD\u2019de TikTok\u2019un video format\u0131na \u00e7ok benzeyen \u201cReels\u201d adl\u0131 bir video \u00f6zelli\u011fini yay\u0131n\u0131 alm\u0131\u015ft\u0131. Mosseri, TikTok\u2019tan a\u00e7\u0131k\u00e7a bahsetmese de k\u0131sa bi\u00e7imli video uygulamas\u0131n\u0131 \u00f6nemli bir tehdit olarak g\u00f6r\u00fcyor.<\/p>\n","protected":false},"excerpt":{"rendered":"<p>Instagram&#8217;\u0131n \u00f6zellikle de TikTok&#8217;u \u00f6rnek alarak yeni de\u011fi\u015fiklikleri duyurmas\u0131ndan sonra tepkiler \u00e7\u0131\u011f gibi b\u00fcy\u00fcnce CEO Adam Mosseri, t\u00fcm bu &#8230;<\/p>\n","protected":false},"author":1,"featured_media":14569,"comment_status":"open","ping_status":"open","sticky":false,"template":"","format":"standard","meta":{"footnotes":""},"categories":[32],"tags":[140],"class_list":["post-14568","post","type-post","status-publish","format-standard","has-post-thumbnail","hentry","category-teknoloji","tag-video"],"_links":{"self":[{"href":"https:\/\/haberulus.net\/index.php?rest_route=\/wp\/v2\/posts\/14568","targetHints":{"allow":["GET"]}}],"collection":[{"href":"https:\/\/haberulus.net\/index.php?rest_route=\/wp\/v2\/posts"}],"about":[{"href":"https:\/\/haberulus.net\/index.php?rest_route=\/wp\/v2\/types\/post"}],"author":[{"embeddable":true,"href":"https:\/\/haberulus.net\/index.php?rest_route=\/wp\/v2\/users\/1"}],"replies":[{"embeddable":true,"href":"https:\/\/haberulus.net\/index.php?rest_route=%2Fwp%2Fv2%2Fcomments&post=14568"}],"version-history":[{"count":1,"href":"https:\/\/haberulus.net\/index.php?rest_route=\/wp\/v2\/posts\/14568\/revisions"}],"predecessor-version":[{"id":14570,"href":"https:\/\/haberulus.net\/index.php?rest_route=\/wp\/v2\/posts\/14568\/revisions\/14570"}],"wp:featuredmedia":[{"embeddable":true,"href":"https:\/\/haberulus.net\/index.php?rest_route=\/wp\/v2\/media\/14569"}],"wp:attachment":[{"href":"https:\/\/haberulus.net\/index.php?rest_route=%2Fwp%2Fv2%2Fmedia&parent=14568"}],"wp:term":[{"taxonomy":"category","embeddable":true,"href":"https:\/\/haberulus.net\/index.php?rest_route=%2Fwp%2Fv2%2Fcategories&post=14568"},{"taxonomy":"post_tag","embeddable":true,"href":"https:\/\/haberulus.net\/index.php?rest_route=%2Fwp%2Fv2%2Ftags&post=14568"}],"curies":[{"name":"wp","href":"https:\/\/api.w.org\/{rel}","templated":true}]}}