{"id":14697,"date":"2022-07-26T22:06:03","date_gmt":"2022-07-26T22:06:03","guid":{"rendered":"https:\/\/haberulus.net\/?p=14697"},"modified":"2022-07-26T22:06:03","modified_gmt":"2022-07-26T22:06:03","slug":"en-begenilen-siyasetcinin-soruldugu-ankette-cumhurbaskani-erdogani-mansur-yavas-izledi","status":"publish","type":"post","link":"https:\/\/haberulus.net\/?p=14697","title":{"rendered":"En be\u011fenilen siyaset\u00e7inin soruldu\u011fu ankette Cumhurba\u015fkan\u0131 Erdo\u011fan&#8217;\u0131 Mansur Yava\u015f izledi"},"content":{"rendered":"<p>2023&#8217;te ger\u00e7ekle\u015fecek Cumhurba\u015fkanl\u0131\u011f\u0131 se\u00e7imlerine bir y\u0131ldan daha az vakit kal\u0131rken, ara\u015ft\u0131rma firmalar\u0131 siyaset\u00e7iler hakk\u0131nda ard\u0131 ard\u0131na anket sonu\u00e7lar\u0131n\u0131 yay\u0131nlamaya devam ediyorlar. <\/p>\n<p><b>&#8220;EN BE\u011eEND\u0130\u011e\u0130N\u0130Z S\u0130YASET\u00c7\u0130 K\u0130M?&#8221; D\u0130YE SORULDU<\/b><\/p>\n<p>ASAL Ara\u015ft\u0131rma, kat\u0131l\u0131mc\u0131lar\u0131n &#8220;En \u00e7ok be\u011fendi\u011finiz siyaset\u00e7i kim?&#8221; diye sordu\u011fu anketinin sonu\u00e7lar\u0131n\u0131 kamuoyu ile payla\u015ft\u0131. <\/p>\n<p><b>B\u0130R\u0130NC\u0130 ERDO\u011eAN, \u0130K\u0130NC\u0130 MANSUR YAVA\u015e OLDU<\/b><\/p>\n<p>Birinci s\u0131rada y\u00fczde 29.5 ile Cumhurba\u015fkan\u0131 Recep Tayyip Erdo\u011fan yer ald\u0131. Onu y\u00fczde 15.1 ile Mansur Yava\u015f izledi. Selahattin Demirta\u015f ise y\u00fczde 15.1 ile listenin \u00fc\u00e7\u00fcnc\u00fc s\u0131ras\u0131nda yer buldu.<\/p>\n<p><b>KILI\u00c7DARO\u011eLU 4. SIRADA<\/b><\/p>\n<p>Ankette CHP lideri Kemal K\u0131l\u0131\u00e7daro\u011flu d\u00f6rd\u00fcnc\u00fc s\u0131rada kald\u0131. y\u00fczde 7.8 oran\u0131nda oy alan K\u0131l\u0131\u00e7daro\u011flu&#8217;nu y\u00fczde 6.5 ile Meral Ak\u015fener; y\u00fczde 4.2 ile Ekrem \u0130mamo\u011flu izledi. MHP lideri Devlet Bah\u00e7eli ise y\u00fczde 3.1 oran\u0131nda oy ald\u0131. Ankete kat\u0131lan 2.425 ki\u015finin y\u00fczde 23.3&#8217;\u00fc &#8216;Fikrim yok&#8217; yan\u0131t\u0131n\u0131 verdi.<\/p>\n<p><img decoding=\"async\" src=\"https:\/\/i.hbrcdn.com\/haber\/2022\/07\/27\/en-begenilen-siyasetcinin-soruldugu-ankette-15110089_7290_m.jpg\" alt=\"\" title=\"\"><\/p>\n<p><img decoding=\"async\" src=\"https:\/\/i.hbrcdn.com\/haber\/2022\/07\/27\/en-begenilen-siyasetcinin-soruldugu-ankette-15110089_8992_m.jpg\" alt=\"\" title=\"\"><\/p>\n","protected":false},"excerpt":{"rendered":"<p>2023&#8217;te ger\u00e7ekle\u015fecek Cumhurba\u015fkanl\u0131\u011f\u0131 se\u00e7imlerine bir y\u0131ldan daha az vakit kal\u0131rken, ara\u015ft\u0131rma firmalar\u0131 siyaset\u00e7iler hakk\u0131nda ard\u0131 ard\u0131na anket &#8230;<\/p>\n","protected":false},"author":1,"featured_media":14698,"comment_status":"open","ping_status":"open","sticky":false,"template":"","format":"standard","meta":{"footnotes":""},"categories":[28],"tags":[],"class_list":["post-14697","post","type-post","status-publish","format-standard","has-post-thumbnail","hentry","category-politika"],"_links":{"self":[{"href":"https:\/\/haberulus.net\/index.php?rest_route=\/wp\/v2\/posts\/14697","targetHints":{"allow":["GET"]}}],"collection":[{"href":"https:\/\/haberulus.net\/index.php?rest_route=\/wp\/v2\/posts"}],"about":[{"href":"https:\/\/haberulus.net\/index.php?rest_route=\/wp\/v2\/types\/post"}],"author":[{"embeddable":true,"href":"https:\/\/haberulus.net\/index.php?rest_route=\/wp\/v2\/users\/1"}],"replies":[{"embeddable":true,"href":"https:\/\/haberulus.net\/index.php?rest_route=%2Fwp%2Fv2%2Fcomments&post=14697"}],"version-history":[{"count":1,"href":"https:\/\/haberulus.net\/index.php?rest_route=\/wp\/v2\/posts\/14697\/revisions"}],"predecessor-version":[{"id":14699,"href":"https:\/\/haberulus.net\/index.php?rest_route=\/wp\/v2\/posts\/14697\/revisions\/14699"}],"wp:featuredmedia":[{"embeddable":true,"href":"https:\/\/haberulus.net\/index.php?rest_route=\/wp\/v2\/media\/14698"}],"wp:attachment":[{"href":"https:\/\/haberulus.net\/index.php?rest_route=%2Fwp%2Fv2%2Fmedia&parent=14697"}],"wp:term":[{"taxonomy":"category","embeddable":true,"href":"https:\/\/haberulus.net\/index.php?rest_route=%2Fwp%2Fv2%2Fcategories&post=14697"},{"taxonomy":"post_tag","embeddable":true,"href":"https:\/\/haberulus.net\/index.php?rest_route=%2Fwp%2Fv2%2Ftags&post=14697"}],"curies":[{"name":"wp","href":"https:\/\/api.w.org\/{rel}","templated":true}]}}