{"id":14749,"date":"2022-07-27T06:36:05","date_gmt":"2022-07-27T06:36:05","guid":{"rendered":"https:\/\/haberulus.net\/?p=14749"},"modified":"2022-07-27T06:36:05","modified_gmt":"2022-07-27T06:36:05","slug":"buzullar-eridi-italya-isvicre-siniri-kaydi","status":"publish","type":"post","link":"https:\/\/haberulus.net\/?p=14749","title":{"rendered":"Buzullar eridi, \u0130talya-\u0130svi\u00e7re s\u0131n\u0131r\u0131 kayd\u0131"},"content":{"rendered":"<p><b>K\u00fcresel \u0131s\u0131nma ve iklim de\u011fi\u015fikli\u011finin etkisini hissettirdi\u011fi g\u00fcnlerde dikkat \u00e7ekici bir geli\u015fme \u0130svi\u00e7re-\u0130talya aras\u0131nda ya\u015fand\u0131.<\/b><\/p>\n<p>K\u00fcresel \u0131s\u0131nma Avrupa\u2019da iki \u00fclke aras\u0131nda krize sebep oldu\u2026 Alpler\u2019deki Theodul buzulunun erimesiyle birlikte Klein Matterhorn da\u011f\u0131ndan eriyen kar sular\u0131n\u0131n akt\u0131\u011f\u0131 nehir ve havzan\u0131n da yata\u011f\u0131 de\u011fi\u015fmi\u015f oldu. Eriyen kar sular\u0131 b\u00f6ylelikle b\u00f6lgede de\u011fi\u015fikli\u011fe sebep olarak Rifugio Guide del Cervino isimli dinlenme tesisisinin de kaymas\u0131 \u0130talya ile \u0130svi\u00e7re aras\u0131ndaki s\u0131n\u0131r\u0131n da de\u011fi\u015fmesine sebep oldu.<\/p>\n<p>Alp Da\u011flar\u0131\u2019ndaki 3.480 metrelik Testa Grigia zirvesine t\u0131rmananlar i\u00e7in in\u015fa edilen dinlenme tesisinin konumu da kafa kar\u0131\u015f\u0131kl\u0131\u011f\u0131 yaratt\u0131. B\u00f6lgeyi ziyaret eden turistler, \u201c\u015eimdi \u0130talya\u2019da m\u0131y\u0131z yoksa \u0130svi\u00e7re\u2019de mi\u201d diye sorarak ya\u015fanan kafa kar\u0131\u015f\u0131kl\u0131\u011f\u0131na tan\u0131k oldu.<\/p>\n<p>1984\u2019te in\u015fa edilen dinlenme b\u00f6lgesinde 40 yatak ve masa bulunurken bu b\u00f6lgenin \u0130talya topra\u011f\u0131 oldu\u011fu biliniyordu. Fakat ya\u015fanan de\u011fi\u015fimle birlikte \u015fu an b\u00f6lgenin \u00fc\u00e7te ikisi \u0130svi\u00e7re topra\u011f\u0131 haline gelmi\u015f oldu.<\/p>\n<p>\u0130ki \u00fclke aras\u0131nda bu sorunu \u00e7\u00f6zmek i\u00e7in diplomatik \u00e7al\u0131\u015fmalar devam ederken iki \u00fclke bir anla\u015fmaya varm\u0131\u015f fakat bu anla\u015fman\u0131n detaylar\u0131 kamuoyu ile payla\u015f\u0131lmam\u0131\u015ft\u0131.<\/p>\n","protected":false},"excerpt":{"rendered":"<p>K\u00fcresel \u0131s\u0131nma ve iklim de\u011fi\u015fikli\u011finin etkisini hissettirdi\u011fi g\u00fcnlerde dikkat \u00e7ekici bir geli\u015fme \u0130svi\u00e7re-\u0130talya aras\u0131nda ya\u015fand\u0131. K\u00fcresel &#8230;<\/p>\n","protected":false},"author":1,"featured_media":14750,"comment_status":"open","ping_status":"open","sticky":false,"template":"","format":"standard","meta":{"footnotes":""},"categories":[32],"tags":[],"class_list":["post-14749","post","type-post","status-publish","format-standard","has-post-thumbnail","hentry","category-teknoloji"],"_links":{"self":[{"href":"https:\/\/haberulus.net\/index.php?rest_route=\/wp\/v2\/posts\/14749","targetHints":{"allow":["GET"]}}],"collection":[{"href":"https:\/\/haberulus.net\/index.php?rest_route=\/wp\/v2\/posts"}],"about":[{"href":"https:\/\/haberulus.net\/index.php?rest_route=\/wp\/v2\/types\/post"}],"author":[{"embeddable":true,"href":"https:\/\/haberulus.net\/index.php?rest_route=\/wp\/v2\/users\/1"}],"replies":[{"embeddable":true,"href":"https:\/\/haberulus.net\/index.php?rest_route=%2Fwp%2Fv2%2Fcomments&post=14749"}],"version-history":[{"count":1,"href":"https:\/\/haberulus.net\/index.php?rest_route=\/wp\/v2\/posts\/14749\/revisions"}],"predecessor-version":[{"id":14751,"href":"https:\/\/haberulus.net\/index.php?rest_route=\/wp\/v2\/posts\/14749\/revisions\/14751"}],"wp:featuredmedia":[{"embeddable":true,"href":"https:\/\/haberulus.net\/index.php?rest_route=\/wp\/v2\/media\/14750"}],"wp:attachment":[{"href":"https:\/\/haberulus.net\/index.php?rest_route=%2Fwp%2Fv2%2Fmedia&parent=14749"}],"wp:term":[{"taxonomy":"category","embeddable":true,"href":"https:\/\/haberulus.net\/index.php?rest_route=%2Fwp%2Fv2%2Fcategories&post=14749"},{"taxonomy":"post_tag","embeddable":true,"href":"https:\/\/haberulus.net\/index.php?rest_route=%2Fwp%2Fv2%2Ftags&post=14749"}],"curies":[{"name":"wp","href":"https:\/\/api.w.org\/{rel}","templated":true}]}}