{"id":14770,"date":"2022-07-27T07:21:05","date_gmt":"2022-07-27T07:21:05","guid":{"rendered":"https:\/\/haberulus.net\/?p=14770"},"modified":"2022-07-27T07:21:05","modified_gmt":"2022-07-27T07:21:05","slug":"pandeminin-basindan-beri-vaka-gorulmeyen-koyun-muhtari-pozitif","status":"publish","type":"post","link":"https:\/\/haberulus.net\/?p=14770","title":{"rendered":"Pandeminin ba\u015f\u0131ndan beri vaka g\u00f6r\u00fclmeyen k\u00f6y\u00fcn muhtar\u0131 pozitif"},"content":{"rendered":"<p><b>T\u00fcrkiye\u2019de korona vir\u00fcs (Kovid-19) salg\u0131n\u0131n\u0131n ba\u015flamas\u0131ndan bu yana uygulanan tedbirler sayesinde hi\u00e7 vaka g\u00f6r\u00fclmedi\u011fi i\u00e7in \u2018mavi k\u00f6y\u2019 olarak bilinen Amasya&#8217;n\u0131n Ta\u015fova il\u00e7esine ba\u011fl\u0131 G\u00f6kp\u0131nar k\u00f6y\u00fcnde vir\u00fcse ilk yakalanan k\u00f6y muhtar\u0131 oldu. <\/b><\/p>\n<p>32 haneli 50 n\u00fcfuslu olan \u201cmavi k\u00f6y\u201d olarak da bilinen yerle\u015fime vir\u00fcs\u00fcn u\u011framamas\u0131 i\u00e7in canla ba\u015fla \u00e7al\u0131\u015fan G\u00f6kp\u0131nar K\u00f6y\u00fc Muhtar\u0131 Metin \u015eahin, mavi k\u00f6ylerine nazar de\u011fdi\u011fini s\u00f6yledi. Muhtar \u015eahin ile birlikte yakla\u015f\u0131k 2,5 y\u0131ldan sonra ilk kez k\u00f6yde 5 ki\u015fi korona vir\u00fcse yakaland\u0131.<\/p>\n<p><strong>\u201cA\u015eI SAYES\u0130NDE HAF\u0130F GE\u00c7\u0130R\u0130YORUM\u201d<\/strong><\/p>\n<p>Salg\u0131n\u0131n T\u00fcrkiye&#8217;de g\u00f6r\u00fclmeye ba\u015flad\u0131\u011f\u0131ndan itibaren \u00e7ok m\u00fccadele verdiklerini hat\u0131rlatan \u015eahin, \u201cVatanda\u015fa maske, dezenfektan da\u011f\u0131tt\u0131k. Her hafta ate\u015flerini \u00f6l\u00e7t\u00fck. Yakla\u015f\u0131k 2,5 y\u0131ld\u0131r bizim k\u00f6y\u00fcm\u00fczde hi\u00e7 vaka olmad\u0131. Bu Kurban Bayram\u0131\u2019nda biz de nihayetinde bu kovid vakas\u0131yla tan\u0131\u015ft\u0131k.<\/p>\n<p>A\u015f\u0131lar\u0131n faydas\u0131n\u0131 g\u00f6rd\u00fck, ben 6 defa a\u015f\u0131 oldum. A\u015f\u0131 oldu\u011fum i\u00e7in bu \u015fekilde hafif ge\u00e7irdi\u011fimi d\u00fc\u015f\u00fcn\u00fcyorum. Hi\u00e7 olmayanlar gelsinler a\u015f\u0131 olsunlar. Bu meretten kurtulu\u015f yok\u201d dedi.<\/p>\n<p><img decoding=\"async\" src=\"https:\/\/i01.sozcucdn.com\/wp-content\/uploads\/2022\/07\/27\/4.jpg\" alt=\"\" title=\"\"><\/p>\n<p><strong>\u201cNAZAR DE\u011eD\u0130\u201d<\/strong><\/p>\n<p>Bu zamana kadar \u2018mavi k\u00f6y&#8217; olarak an\u0131lmalar\u0131n\u0131n kendilerini gururland\u0131rd\u0131\u011f\u0131n\u0131 vurgulayan \u015eahin, \u201c\u0130nsanlar buna uymal\u0131. Temizli\u011fe, dezenfektana, mesafeye, \u00f6zellikle maskeye uymal\u0131lar diyorum yani. \u00d6nceki d\u00f6nemlerde k\u00f6y\u00fcm\u00fcze \u0130stanbul&#8217;dan gelenlere s\u0131k\u0131 tedbirler yap\u0131yorduk. Biz de o zaman serbest b\u0131rak\u0131nca \u015fimdi benimle beraber k\u00f6y\u00fcm\u00fczde d\u00f6rt ki\u015fi daha var. Mavi k\u00f6y\u00fcm\u00fcze maalesef nazar de\u011fdi\u201d diye konu\u015ftu.<\/p>\n<p>Kendilerinin salg\u0131ndan korunmas\u0131 i\u00e7in tedbirler uygulayan muhtarlar\u0131na \u015fifalar dileyen k\u00f6y sakinlerinden 73 ya\u015f\u0131ndaki Sedat G\u00fcnd\u00fcz de, \u201cO kadar dikkat etmesine ra\u011fmen oldu. Demek ki \u0130stanbul&#8217;dan gelenlerden dolay\u0131 olabilir. Birbirimize mesafeli, yani sar\u0131lma, \u00f6p\u00fc\u015fme b\u00f6yle \u015feyler olmamas\u0131 laz\u0131m. A\u015f\u0131 olmas\u0131 laz\u0131m tabii ki. Mavi k\u00f6y\u00fcm\u00fcze nazar de\u011fdi diyorum\u201d \u015feklinde konu\u015ftu. (\u0130HA)<\/p>\n","protected":false},"excerpt":{"rendered":"<p>T\u00fcrkiye\u2019de korona vir\u00fcs (Kovid-19) salg\u0131n\u0131n\u0131n ba\u015flamas\u0131ndan bu yana uygulanan tedbirler sayesinde hi\u00e7 vaka g\u00f6r\u00fclmedi\u011fi i\u00e7in \u2018mavi k\u00f6y\u2019 olarak &#8230;<\/p>\n","protected":false},"author":1,"featured_media":14771,"comment_status":"open","ping_status":"open","sticky":false,"template":"","format":"standard","meta":{"footnotes":""},"categories":[26],"tags":[180,395,3961],"class_list":["post-14770","post","type-post","status-publish","format-standard","has-post-thumbnail","hentry","category-gundem","tag-asi","tag-koy","tag-mavi"],"_links":{"self":[{"href":"https:\/\/haberulus.net\/index.php?rest_route=\/wp\/v2\/posts\/14770","targetHints":{"allow":["GET"]}}],"collection":[{"href":"https:\/\/haberulus.net\/index.php?rest_route=\/wp\/v2\/posts"}],"about":[{"href":"https:\/\/haberulus.net\/index.php?rest_route=\/wp\/v2\/types\/post"}],"author":[{"embeddable":true,"href":"https:\/\/haberulus.net\/index.php?rest_route=\/wp\/v2\/users\/1"}],"replies":[{"embeddable":true,"href":"https:\/\/haberulus.net\/index.php?rest_route=%2Fwp%2Fv2%2Fcomments&post=14770"}],"version-history":[{"count":1,"href":"https:\/\/haberulus.net\/index.php?rest_route=\/wp\/v2\/posts\/14770\/revisions"}],"predecessor-version":[{"id":14772,"href":"https:\/\/haberulus.net\/index.php?rest_route=\/wp\/v2\/posts\/14770\/revisions\/14772"}],"wp:featuredmedia":[{"embeddable":true,"href":"https:\/\/haberulus.net\/index.php?rest_route=\/wp\/v2\/media\/14771"}],"wp:attachment":[{"href":"https:\/\/haberulus.net\/index.php?rest_route=%2Fwp%2Fv2%2Fmedia&parent=14770"}],"wp:term":[{"taxonomy":"category","embeddable":true,"href":"https:\/\/haberulus.net\/index.php?rest_route=%2Fwp%2Fv2%2Fcategories&post=14770"},{"taxonomy":"post_tag","embeddable":true,"href":"https:\/\/haberulus.net\/index.php?rest_route=%2Fwp%2Fv2%2Ftags&post=14770"}],"curies":[{"name":"wp","href":"https:\/\/api.w.org\/{rel}","templated":true}]}}