{"id":14830,"date":"2022-07-27T08:21:02","date_gmt":"2022-07-27T08:21:02","guid":{"rendered":"https:\/\/haberulus.net\/?p=14830"},"modified":"2022-07-27T08:21:02","modified_gmt":"2022-07-27T08:21:02","slug":"manisada-mahkemeden-kanser-ilaci2-karari","status":"publish","type":"post","link":"https:\/\/haberulus.net\/?p=14830","title":{"rendered":"Manisa\u2019da mahkemeden \u2018kanser ilac\u01312 karar\u0131"},"content":{"rendered":"<p><b>Manisa&#8217;da akci\u011fer kanseri hastas\u0131 Y.A.\u2019n\u0131n, ge\u00e7en y\u0131l aral\u0131k ay\u0131nda o d\u00f6nemin kuruyla 100 miligram\u0131 13 bin 460 TL olan pembrolizumab etkin maddeli ilac\u0131 Sosyal G\u00fcvenlik Kurumu (SGK) kar\u015f\u0131lamay\u0131nca Manisa 3&#8217;\u00fcnc\u00fc \u0130\u015f Mahkemesi&#8217;nden tedbir karar\u0131 ald\u0131rd\u0131.\u00a0<\/b><\/p>\n<p>\u00c7ift\u00e7i emeklisi Y.A., ge\u00e7en y\u0131l aral\u0131k ay\u0131nda akci\u011fer kanserine yakaland\u0131.<\/p>\n<p>\u0130zmir\u2019deki bir \u00f6zel hastanede tedavi g\u00f6ren Y.A.\u2019ya doktoru pembrolizumab etkin maddeli ila\u00e7 verdi.<\/p>\n<p>Y.A., en az 6 ay s\u00fcrecek tedavisi boyunca \u00fc\u00e7 haftada bir 200 miligram kullanmas\u0131 gereken ilac\u0131n 100 miligram\u0131n\u0131n o d\u00f6nemin kuruyla 13 bin 460 TL oldu\u011funu \u00f6\u011frenince, avukatlar\u0131 Mustafa Cem Esen ve Aleyna \u00d6zengel arac\u0131l\u0131\u011f\u0131yla SGK taraf\u0131ndan \u00f6denmesi i\u00e7in ba\u015fvuru yapt\u0131.<\/p>\n<p>Ancak Manisa Sosyal G\u00fcvenlik \u0130l M\u00fcd\u00fcrl\u00fc\u011f\u00fc \u015eehzadeler Sosyal G\u00fcvenlik Merkezi&#8217;nden bu ilac\u0131n bedeli \u00f6denecek ila\u00e7lar listesinde yer almad\u0131\u011f\u0131 belirtilerek \u00f6deme yap\u0131lmad\u0131.<\/p>\n<p>Y.A., Manisa 3\u2019\u00fcnc\u00fc \u0130\u015f Mahkemesi\u2019nde, ila\u00e7 paras\u0131n\u0131n SGK taraf\u0131ndan \u00f6denmesi i\u00e7in tedbir karar\u0131 al\u0131nmas\u0131n\u0131 i\u00e7in dava a\u00e7t\u0131. Mahkeme, 24 saat i\u00e7inde tedbir karar\u0131 verdi.<\/p>\n<p>Dosya istinaf mahkemesine ta\u015f\u0131nd\u0131. \u0130zmir B\u00f6lge Adliye Mahkemesi 10\u2019uncu Hukuk Dairesi, 1 ay \u00f6nce tedbir karar\u0131n\u0131 onad\u0131.<\/p>\n<p>Mahkeme bu karar\u0131na, Anayasa\u2019n\u0131n 65\u2019inci maddesi i\u00e7eren devletin sosyal g\u00fcvenlik hakk\u0131n\u0131n sa\u011flanmas\u0131 y\u00f6n\u00fcndeki y\u00fck\u00fcml\u00fcl\u00fcklerini mali olanaklar\u0131 \u00f6l\u00e7\u00fcs\u00fcnde yerine getirmesi gerekti\u011fine bu karar\u0131nda gerek\u00e7e g\u00f6sterdi.<\/p>\n<p>Ya\u015fanan geni\u015flemeler ve g\u00fcn\u00fcm\u00fcz ekonomik ko\u015fullar nedeniyle sosyal g\u00fcvenlik hizmetlerinin finansman\u0131n sa\u011flanmas\u0131n\u0131n \u00f6nemli ve karma\u015f\u0131k bir sorun haline geldi\u011fi vurgulanan kararda, tedavide kullan\u0131lan ilac\u0131n maliyetinin y\u00fcksek oldu\u011fu ve Y.A.\u2019n\u0131n ya\u015fam\u0131na ya da maddi veya manevi b\u00fct\u00fcnl\u00fc\u011f\u00fcne y\u00f6nelik ciddi bir tehlike bulundu\u011funa dikkat \u00e7ekildi.<\/p>\n<p>Y.A.&#8217;n\u0131n, ilac\u0131n \u00fccretini SGK&#8217;n\u0131n kar\u015f\u0131lamas\u0131 amac\u0131yla idare makinesinde a\u00e7t\u0131\u011f\u0131 dava s\u00fcr\u00fcyor.<\/p>\n<p><strong>\u2018\u0130LACIN G\u00dcNCEL F\u0130YATI 23 B\u0130N TL\u2019N\u0130N \u00dcZER\u0130NE \u00c7IKTI&#8217;<\/strong><\/p>\n<p>Y.A.&#8217;n\u0131n avukatlar\u0131ndan Mustafa Cem Esen, imm\u00fcnoterapi ila\u00e7 bedellerinin hasta ve hasta yak\u0131nlar\u0131nca kar\u015f\u0131lanmas\u0131n\u0131n g\u00fc\u00e7 oldu\u011funu ve bu durumun m\u00fcvekkillerinin tedavi s\u00fcrecini aksatt\u0131\u011f\u0131n\u0131 s\u00f6yledi.<\/p>\n<p><img decoding=\"async\" src=\"https:\/\/i01.sozcucdn.com\/wp-content\/uploads\/2022\/07\/27\/detay-kopya.jpg\" alt=\"\" title=\"\"><\/p>\n<p>Avukat Esen, \u015f\u00f6yle konu\u015ftu:<\/p>\n<p>*M\u00fcvekkilim Y.A.\u2019n\u0131n 4\u2019\u00fcnc\u00fc evre k\u00fc\u00e7\u00fck h\u00fccreli akci\u011fer kanseri oldu\u011funu \u00f6\u011frenmi\u015f ve kemoterapiye yan\u0131t vermeyen hastaya doktoru taraf\u0131ndan son \u00e7are olarak imm\u00fcnoterapi tedavi se\u00e7ene\u011fi uygun g\u00f6r\u00fclm\u00fc\u015f. Etken maddesi pembrolizumab olan ila\u00e7 verilmi\u015ftir.<\/p>\n<p>*Bu ila\u00e7, ba\u011f\u0131\u015f\u0131kl\u0131k sisteminin kanser h\u00fccrelerini tespit etme ve kanser h\u00fccrelerine sald\u0131rma yetene\u011fini geli\u015ftirmek i\u00e7in tasarlanm\u0131\u015f bir imm\u00fcnoterapi tedavi y\u00f6ntemidir.<\/p>\n<p>*Bu karar ile hastalar\u0131n uzun s\u00fcreli kanser tedavisi boyunca sadece ila\u00e7 bedeli olarak y\u00fcz binlerce lira \u00f6demesinin \u00f6n\u00fcne ge\u00e7iliyor.<\/p>\n<p>Y.A\u2019n\u0131n di\u011fer avukat\u0131 Aleyna \u00d6zengel de kurdaki art\u0131\u015f nedeniyle ilac\u0131n 100 miligram fiyat\u0131n\u0131n g\u00fcncel olarak 23 bin TL\u2019nin \u00fczerine \u00e7\u0131kt\u0131\u011f\u0131n\u0131 belirterek, \u201cBu da 21 g\u00fcnl\u00fck kullan\u0131m i\u00e7in 46 bin TL\u2019nin \u00fczerinde bir miktara tekab\u00fcl ediyor. En nihayetinde, ila\u00e7 bedellerinin kar\u015f\u0131lanmas\u0131 anayasa ile koruma alt\u0131na al\u0131nan ya\u015fama hakk\u0131n\u0131n temini noktas\u0131nda b\u00fcy\u00fck \u00f6nem arz ediyor. T\u00fcm kanser hastalar\u0131n\u0131n ila\u00e7lar\u0131na eri\u015febiliyor olmas\u0131 en b\u00fcy\u00fck temennimiz\u201d diye konu\u015ftu. (DHA)<\/p>\n","protected":false},"excerpt":{"rendered":"<p>Manisa&#8217;da akci\u011fer kanseri hastas\u0131 Y.A.\u2019n\u0131n, ge\u00e7en y\u0131l aral\u0131k ay\u0131nda o d\u00f6nemin kuruyla 100 miligram\u0131 13 bin 460 TL olan pembrolizumab etkin &#8230;<\/p>\n","protected":false},"author":1,"featured_media":14831,"comment_status":"open","ping_status":"open","sticky":false,"template":"","format":"standard","meta":{"footnotes":""},"categories":[30],"tags":[159,1564,1132,1934,376],"class_list":["post-14830","post","type-post","status-publish","format-standard","has-post-thumbnail","hentry","category-saglik","tag-hasta","tag-ilac","tag-ilaci","tag-kanser","tag-tedavi"],"_links":{"self":[{"href":"https:\/\/haberulus.net\/index.php?rest_route=\/wp\/v2\/posts\/14830","targetHints":{"allow":["GET"]}}],"collection":[{"href":"https:\/\/haberulus.net\/index.php?rest_route=\/wp\/v2\/posts"}],"about":[{"href":"https:\/\/haberulus.net\/index.php?rest_route=\/wp\/v2\/types\/post"}],"author":[{"embeddable":true,"href":"https:\/\/haberulus.net\/index.php?rest_route=\/wp\/v2\/users\/1"}],"replies":[{"embeddable":true,"href":"https:\/\/haberulus.net\/index.php?rest_route=%2Fwp%2Fv2%2Fcomments&post=14830"}],"version-history":[{"count":1,"href":"https:\/\/haberulus.net\/index.php?rest_route=\/wp\/v2\/posts\/14830\/revisions"}],"predecessor-version":[{"id":14832,"href":"https:\/\/haberulus.net\/index.php?rest_route=\/wp\/v2\/posts\/14830\/revisions\/14832"}],"wp:featuredmedia":[{"embeddable":true,"href":"https:\/\/haberulus.net\/index.php?rest_route=\/wp\/v2\/media\/14831"}],"wp:attachment":[{"href":"https:\/\/haberulus.net\/index.php?rest_route=%2Fwp%2Fv2%2Fmedia&parent=14830"}],"wp:term":[{"taxonomy":"category","embeddable":true,"href":"https:\/\/haberulus.net\/index.php?rest_route=%2Fwp%2Fv2%2Fcategories&post=14830"},{"taxonomy":"post_tag","embeddable":true,"href":"https:\/\/haberulus.net\/index.php?rest_route=%2Fwp%2Fv2%2Ftags&post=14830"}],"curies":[{"name":"wp","href":"https:\/\/api.w.org\/{rel}","templated":true}]}}