{"id":14930,"date":"2022-07-27T10:21:04","date_gmt":"2022-07-27T10:21:04","guid":{"rendered":"https:\/\/haberulus.net\/?p=14930"},"modified":"2022-07-27T10:21:04","modified_gmt":"2022-07-27T10:21:04","slug":"mujdeyi-cumhurbaskani-erdogan-verecek-81-ilde-cumhuriyet-tarihinin-en-buyuk-sosyal-konut-projesi-baslatilacak","status":"publish","type":"post","link":"https:\/\/haberulus.net\/?p=14930","title":{"rendered":"M\u00fcjdeyi Cumhurba\u015fkan\u0131 Erdo\u011fan verecek! 81 ilde Cumhuriyet tarihinin en b\u00fcy\u00fck sosyal konut projesi ba\u015flat\u0131lacak"},"content":{"rendered":"<p>\u00c7evre, \u015eehircilik ve \u0130klim De\u011fi\u015fikli\u011fi Bakan\u0131 Murat Kurum, 81 ilde Sosyal Konut projesinin ba\u015flayaca\u011f\u0131n\u0131 s\u00f6yledi. Bakan Kurum \u00c7ankaya \u0130leri Mahallesi&#8217;nde yap\u0131lacak konutlar\u0131n temel atma t\u00f6reninde konu\u015ftu. <\/p>\n<p>Bakan Kurum &#8220;\u0130n\u015fallah yeni sosyal konut projelerimizi de \u00f6n\u00fcm\u00fczdeki ay itibariyle, Cumhurba\u015fkan\u0131m\u0131z\u0131n milletine verece\u011fi b\u00fcy\u00fck bir m\u00fcjdeyle duyuraca\u011f\u0131z. Cumhuriyet tarihimizin en b\u00fcy\u00fck sosyal konut projesini 81 ilimizde ba\u015flataca\u011f\u0131z&#8221; ifadesini kulland\u0131.<\/p>\n","protected":false},"excerpt":{"rendered":"<p>\u00c7evre, \u015eehircilik ve \u0130klim De\u011fi\u015fikli\u011fi Bakan\u0131 Murat Kurum, 81 ilde Sosyal Konut projesinin ba\u015flayaca\u011f\u0131n\u0131 s\u00f6yledi. Bakan Kurum \u00c7ankaya \u0130leri &#8230;<\/p>\n","protected":false},"author":1,"featured_media":14931,"comment_status":"open","ping_status":"open","sticky":false,"template":"","format":"standard","meta":{"footnotes":""},"categories":[28],"tags":[],"class_list":["post-14930","post","type-post","status-publish","format-standard","has-post-thumbnail","hentry","category-politika"],"_links":{"self":[{"href":"https:\/\/haberulus.net\/index.php?rest_route=\/wp\/v2\/posts\/14930","targetHints":{"allow":["GET"]}}],"collection":[{"href":"https:\/\/haberulus.net\/index.php?rest_route=\/wp\/v2\/posts"}],"about":[{"href":"https:\/\/haberulus.net\/index.php?rest_route=\/wp\/v2\/types\/post"}],"author":[{"embeddable":true,"href":"https:\/\/haberulus.net\/index.php?rest_route=\/wp\/v2\/users\/1"}],"replies":[{"embeddable":true,"href":"https:\/\/haberulus.net\/index.php?rest_route=%2Fwp%2Fv2%2Fcomments&post=14930"}],"version-history":[{"count":1,"href":"https:\/\/haberulus.net\/index.php?rest_route=\/wp\/v2\/posts\/14930\/revisions"}],"predecessor-version":[{"id":14932,"href":"https:\/\/haberulus.net\/index.php?rest_route=\/wp\/v2\/posts\/14930\/revisions\/14932"}],"wp:featuredmedia":[{"embeddable":true,"href":"https:\/\/haberulus.net\/index.php?rest_route=\/wp\/v2\/media\/14931"}],"wp:attachment":[{"href":"https:\/\/haberulus.net\/index.php?rest_route=%2Fwp%2Fv2%2Fmedia&parent=14930"}],"wp:term":[{"taxonomy":"category","embeddable":true,"href":"https:\/\/haberulus.net\/index.php?rest_route=%2Fwp%2Fv2%2Fcategories&post=14930"},{"taxonomy":"post_tag","embeddable":true,"href":"https:\/\/haberulus.net\/index.php?rest_route=%2Fwp%2Fv2%2Ftags&post=14930"}],"curies":[{"name":"wp","href":"https:\/\/api.w.org\/{rel}","templated":true}]}}