{"id":14990,"date":"2022-07-27T11:21:05","date_gmt":"2022-07-27T11:21:05","guid":{"rendered":"https:\/\/haberulus.net\/?p=14990"},"modified":"2022-07-27T11:21:05","modified_gmt":"2022-07-27T11:21:05","slug":"ftden-hunutlu-termik-santrali-yorumu-erdoganin-sozuyle-celisiyor","status":"publish","type":"post","link":"https:\/\/haberulus.net\/?p=14990","title":{"rendered":"FT\u2019den Hunutlu Termik Santrali yorumu: Erdo\u011fan\u2019\u0131n s\u00f6z\u00fcyle \u00e7eli\u015fiyor"},"content":{"rendered":"<p><b>\u0130ngiltere&#8217;nin \u00f6nde gelen gazetelerinden Financial Times, T\u00fcrkiye&#8217;de \u00c7in yat\u0131r\u0131m\u0131yla yap\u0131lan Hunutlu Termik Santrali ile ilgili kapsaml\u0131 bir analiz haz\u0131rlad\u0131.<\/b><\/p>\n<p>\u0130ngiltere\u2019nin sayg\u0131n gazetelerinden Financial Times, T\u00fcrkiye\u2019de yap\u0131lmakta olan 2.17 milyar dolarl\u0131k Hunutlu Termik Santrali\u2019ni sayfalar\u0131na ta\u015f\u0131yarak ge\u00e7en y\u0131l T\u00fcrkiye\u2019nin imzalayarak taraf oldu\u011fu Paris \u0130klim Anla\u015fmas\u0131 ile ilgili bir makale yay\u0131nlad\u0131.<\/p>\n<p>Ge\u00e7en y\u0131l Cumhurba\u015fkan\u0131 Erdo\u011fan\u2019\u0131n Eyl\u00fcl ay\u0131nda Birle\u015fmi\u015f Milletler Genel Kurulu\u2019nda T\u00fcrkiye\u2019nin de anla\u015fmay\u0131 imzalayaca\u011f\u0131n\u0131 a\u00e7\u0131klamas\u0131ndan sonra TBMM\u2019de Ekim ay\u0131nda onaylanan anla\u015fmada k\u00fcresel s\u0131cakl\u0131k art\u0131\u015f\u0131n\u0131 1.5 dereceyle s\u0131n\u0131rland\u0131rma hedefine uygun olarak yasalar ve d\u00fczenlemeler yap\u0131lmas\u0131 \u00f6ng\u00f6r\u00fcl\u00fcyor. T\u00fcrkiye\u2019nin de emisyon azalt\u0131lmas\u0131 i\u00e7in plan\u0131n\u0131 ortaya koydu\u011fu bir d\u00f6nemde Financial Times, \u00c7in sermayesiyle in\u015fa edilen Hunutlu Termik Santrali\u2019nin bu plan ve vizyonla \u00e7eli\u015fti\u011fini yazd\u0131.<\/p>\n<p>Cumhurba\u015fkan\u0131 Erdo\u011fan\u2019\u0131n da bizzat a\u00e7\u0131klad\u0131\u011f\u0131 \u201c2053\u2019te net s\u0131f\u0131r emisyona ula\u015fma hedefi\u201dyle bu santralin \u00e7eli\u015fti\u011fini yazan gazete, \u201cT\u00fcrkiye\u2019nin yeni termik santrali, s\u0131f\u0131r emisyon s\u00f6z\u00fcyle b\u00fcy\u00fck \u00e7eli\u015fki yarat\u0131yor\u201d ba\u015fl\u0131\u011f\u0131n\u0131 kulland\u0131. \u00c7evrecilerin bu projeden rahats\u0131zl\u0131k duydu\u011fu belirtilirken \u0130skenderun K\u00f6rfezi\u2019nde yap\u0131lan in\u015faat\u0131n deniz canl\u0131lar\u0131n\u0131n ya\u015fam\u0131n\u0131 tehdit etti\u011fi ve Ankara\u2019n\u0131n iklim kriziyle m\u00fccadele s\u00f6z\u00fcne kar\u015f\u0131 geldi\u011fi de aktar\u0131ld\u0131.<\/p>\n<p><strong>ERDO\u011eAN\u2019IN HEDEF\u0130 2053\u2019T\u00dc<\/strong><\/p>\n<p>2.17 milyar dolarl\u0131k \u00c7in deste\u011fi al\u0131nd\u0131\u011f\u0131n\u0131 aktaran Financial Times, bunun bug\u00fcne kadar \u00c7in taraf\u0131ndan T\u00fcrkiye\u2019ye yap\u0131lm\u0131\u015f en b\u00fcy\u00fck do\u011frudan yat\u0131r\u0131m oldu\u011funa da dikkat \u00e7ekti.<\/p>\n<p>\u00c7evrecilerin tepkilerine ra\u011fmen santralin \u00e7al\u0131\u015fmaya ba\u015flad\u0131\u011f\u0131 da hat\u0131rlat\u0131l\u0131rken, \u201cBu santral ba\u015fkent Ankara\u2019n\u0131n ihtiyac\u0131 olan elektri\u011fi kar\u015f\u0131layabilecek fakat \u015fu an 2020 verilerine g\u00f6re karbondioksit sal\u0131n\u0131m\u0131nda d\u00fcnyada 14\u2019\u00fcnc\u00fc s\u0131rada olan T\u00fcrkiye\u2019nin sera gaz\u0131 sal\u0131n\u0131m\u0131n\u0131 da art\u0131racak. Ankara, geli\u015fmi\u015f \u00fclkelere oranla k\u00fcresel \u0131s\u0131nmaya etkilerinin az oldu\u011funu s\u00f6yl\u00fcyor\u201d yorumu yap\u0131ld\u0131.<\/p>\n<p>Gazete, \u201cErdo\u011fan, 2053\u2019e kadar s\u0131f\u0131r emisyon hedefine ula\u015fmaya \u00e7al\u0131\u015f\u0131yor fakat T\u00fcrkiye elektrik \u00fcretmek i\u00e7in en \u00e7evreye zarar veren yol olan k\u00f6m\u00fcr\u00fc kademeli olarak b\u0131rakmak i\u00e7in herhangi bir hedef belirlemedi. Onun yerine T\u00fcrkiye, \u00c7in, Hindistan, Vietnam, Banglade\u015f ve Endonezya gibi termik santral odakl\u0131 planlar yapan \u00fclkeler aras\u0131nda\u201d ifadesine yer verdi.<\/p>\n<p><strong>\u201cRUSYA\u2019YA BA\u011eIMLILI\u011eI AZALTMAK \u0130\u00c7\u0130N DED\u0130LER AMA\u2026\u201d<\/strong><\/p>\n<p>B\u00f6lge sakinlerinin de ikiye b\u00f6l\u00fcnd\u00fc\u011f\u00fcn\u00fc baz\u0131lar\u0131n\u0131n termik santralin do\u011faya verece\u011fi zarar y\u00fcz\u00fcnden endi\u015feli oldu\u011funu ve buna ra\u011fmen bir grubun da bu santralin istihdam sa\u011flamas\u0131n\u0131 bekledi\u011fi i\u00e7in de olumlu yakla\u015ft\u0131\u011f\u0131 kaydedildi.<\/p>\n<p>Gazete, \u201cAnkara, Rusya\u2019n\u0131n do\u011falgaz\u0131na ba\u011f\u0131ml\u0131l\u0131\u011f\u0131 azaltmak i\u00e7in termik santrale ihtiya\u00e7 duyduklar\u0131n\u0131 s\u00f6yl\u00fcyor. Fakat Hunutlu\u2019da ithal k\u00f6m\u00fcr kullan\u0131l\u0131yor. \u00d6zel olarak\u00a0 Rusya\u2019dan k\u00f6m\u00fcr sat\u0131n almaya karar verdiler\u201d yorumunu yapt\u0131.<\/p>\n","protected":false},"excerpt":{"rendered":"<p>\u0130ngiltere&#8217;nin \u00f6nde gelen gazetelerinden Financial Times, T\u00fcrkiye&#8217;de \u00c7in yat\u0131r\u0131m\u0131yla yap\u0131lan Hunutlu Termik Santrali ile ilgili kapsaml\u0131 bir &#8230;<\/p>\n","protected":false},"author":1,"featured_media":14991,"comment_status":"open","ping_status":"open","sticky":false,"template":"","format":"standard","meta":{"footnotes":""},"categories":[24],"tags":[793,1240,4012,15,47],"class_list":["post-14990","post","type-post","status-publish","format-standard","has-post-thumbnail","hentry","category-dunya","tag-cin","tag-hedef","tag-termik-santral","tag-turkiye","tag-turkiyenin"],"_links":{"self":[{"href":"https:\/\/haberulus.net\/index.php?rest_route=\/wp\/v2\/posts\/14990","targetHints":{"allow":["GET"]}}],"collection":[{"href":"https:\/\/haberulus.net\/index.php?rest_route=\/wp\/v2\/posts"}],"about":[{"href":"https:\/\/haberulus.net\/index.php?rest_route=\/wp\/v2\/types\/post"}],"author":[{"embeddable":true,"href":"https:\/\/haberulus.net\/index.php?rest_route=\/wp\/v2\/users\/1"}],"replies":[{"embeddable":true,"href":"https:\/\/haberulus.net\/index.php?rest_route=%2Fwp%2Fv2%2Fcomments&post=14990"}],"version-history":[{"count":1,"href":"https:\/\/haberulus.net\/index.php?rest_route=\/wp\/v2\/posts\/14990\/revisions"}],"predecessor-version":[{"id":14992,"href":"https:\/\/haberulus.net\/index.php?rest_route=\/wp\/v2\/posts\/14990\/revisions\/14992"}],"wp:featuredmedia":[{"embeddable":true,"href":"https:\/\/haberulus.net\/index.php?rest_route=\/wp\/v2\/media\/14991"}],"wp:attachment":[{"href":"https:\/\/haberulus.net\/index.php?rest_route=%2Fwp%2Fv2%2Fmedia&parent=14990"}],"wp:term":[{"taxonomy":"category","embeddable":true,"href":"https:\/\/haberulus.net\/index.php?rest_route=%2Fwp%2Fv2%2Fcategories&post=14990"},{"taxonomy":"post_tag","embeddable":true,"href":"https:\/\/haberulus.net\/index.php?rest_route=%2Fwp%2Fv2%2Ftags&post=14990"}],"curies":[{"name":"wp","href":"https:\/\/api.w.org\/{rel}","templated":true}]}}