{"id":15981,"date":"2022-07-29T06:51:02","date_gmt":"2022-07-29T06:51:02","guid":{"rendered":"https:\/\/haberulus.net\/?p=15981"},"modified":"2022-07-29T06:51:02","modified_gmt":"2022-07-29T06:51:02","slug":"koku-kaybi-mi-yasiyorsunuz-uzmanlar-uyardi-covid-yerine-baska-hastaliklarin-habercisi-olabilir","status":"publish","type":"post","link":"https:\/\/haberulus.net\/?p=15981","title":{"rendered":"Koku kayb\u0131 m\u0131 ya\u015f\u0131yorsunuz? Uzmanlar uyard\u0131: Covid yerine ba\u015fka hastal\u0131klar\u0131n habercisi olabilir"},"content":{"rendered":"<p><b>ABD&#8217;de yap\u0131lan yeni bir ara\u015ft\u0131rma, \u00f6zellikle corona vir\u00fcs\u00fcne yakaland\u0131ktan sonra ortaya \u00e7\u0131kan koku kayb\u0131n\u0131n farkl\u0131 hastal\u0131klar\u0131n habercisi olabilece\u011fini ortaya koydu. <\/b><\/p>\n<p>T\u00fcm d\u00fcnyada 6,5 milyon insan\u0131n \u00f6l\u00fcm\u00fcne neden olan corona vir\u00fcs\u00fc son d\u00f6nemde etkisini yeniden g\u00f6stermeye ba\u015flarken, uzmanlar Covid-19 semptomlar\u0131n\u0131n farkl\u0131 hastal\u0131klar\u0131n belirtisi olabilece\u011fi konusunda uyard\u0131.<\/p>\n<p>ABD\u2019de yer alan Chicago \u00dcniversitesi\u2019nde yap\u0131lan ara\u015ft\u0131rmalar, ani koku kayb\u0131n\u0131n corona vir\u00fcs\u00fcn ay\u0131rt edici \u00f6zelli\u011fe haline gelmi\u015f olsa da asl\u0131nda demans belirtisi olabilece\u011fini ortaya koydu.<\/p>\n<p>Yap\u0131lan ara\u015ft\u0131rmalarda, kademeli olarak koku kayb\u0131 ya\u015faman\u0131n haf\u0131zayla ilgili bir soruna i\u015faret edebilece\u011fine dikkat \u00e7ekildi. ABD\u2019li ara\u015ft\u0131rmac\u0131lar, yakla\u015f\u0131k 20 y\u0131l boyunca 500\u2019den fazla ya\u015fl\u0131 yeti\u015fkini izledi.<\/p>\n<p><strong>\u0130HT\u0130MAL \u0130K\u0130 KAT FAZLA<\/strong><\/p>\n<p>Buna g\u00f6re, koku kayb\u0131 ya\u015fayan ki\u015filerin Alzheimer\u2019a yakalanma olas\u0131l\u0131\u011f\u0131n\u0131n di\u011ferlerine oranla iki kat fazla oldu\u011fu saptand\u0131.<\/p>\n<p>Chicago \u00dcniversitesi\u2019nden ara\u015ft\u0131rman\u0131n yazar\u0131 Profes\u00f6r Jayant Pinto, koku ve bunama aras\u0131ndaki ba\u011flant\u0131 hakk\u0131nda yeni ipu\u00e7lar\u0131n\u0131n bu ara\u015ft\u0131rma sayesinde sa\u011fland\u0131\u011f\u0131n\u0131 s\u00f6yledi. Pinto, belli bir ya\u015f\u0131n \u00fcst\u00fcndeki ki\u015filerin i\u015fitme ve g\u00f6rme testi gibi koku testi yapt\u0131rmas\u0131 gerekti\u011finin alt\u0131n\u0131 \u00e7izdi.<\/p>\n<p>Yap\u0131lan ara\u015ft\u0131rmalarda, genellikle beynin koku alma b\u00f6lgelerinde olu\u015fan protein amiloidlerin bunama i\u015fareti olabilece\u011fi saptand\u0131.<\/p>\n<p>ABD\u2019li ara\u015ft\u0131rmac\u0131lar\u0131n yakla\u015f\u0131k 20 y\u0131l boyunca takip etti\u011fi 500\u2019den fazla yeti\u015fkin \u00fczerinde yap\u0131lan incelemelerde, Alzheimer semptomlar\u0131 olmayan ancak koku alma duyular\u0131nda azalma ya\u015fayan ki\u015filerin, Alzheimer geli\u015ftirme olas\u0131l\u0131\u011f\u0131n\u0131n y\u00fczde 89 fazla oldu\u011fu saptand\u0131.<\/p>\n","protected":false},"excerpt":{"rendered":"<p>ABD&#8217;de yap\u0131lan yeni bir ara\u015ft\u0131rma, \u00f6zellikle corona vir\u00fcs\u00fcne yakaland\u0131ktan sonra ortaya \u00e7\u0131kan koku kayb\u0131n\u0131n farkl\u0131 hastal\u0131klar\u0131n habercisi &#8230;<\/p>\n","protected":false},"author":1,"featured_media":15982,"comment_status":"open","ping_status":"open","sticky":false,"template":"","format":"standard","meta":{"footnotes":""},"categories":[30],"tags":[226,4130],"class_list":["post-15981","post","type-post","status-publish","format-standard","has-post-thumbnail","hentry","category-saglik","tag-arastirma","tag-koku"],"_links":{"self":[{"href":"https:\/\/haberulus.net\/index.php?rest_route=\/wp\/v2\/posts\/15981","targetHints":{"allow":["GET"]}}],"collection":[{"href":"https:\/\/haberulus.net\/index.php?rest_route=\/wp\/v2\/posts"}],"about":[{"href":"https:\/\/haberulus.net\/index.php?rest_route=\/wp\/v2\/types\/post"}],"author":[{"embeddable":true,"href":"https:\/\/haberulus.net\/index.php?rest_route=\/wp\/v2\/users\/1"}],"replies":[{"embeddable":true,"href":"https:\/\/haberulus.net\/index.php?rest_route=%2Fwp%2Fv2%2Fcomments&post=15981"}],"version-history":[{"count":1,"href":"https:\/\/haberulus.net\/index.php?rest_route=\/wp\/v2\/posts\/15981\/revisions"}],"predecessor-version":[{"id":15983,"href":"https:\/\/haberulus.net\/index.php?rest_route=\/wp\/v2\/posts\/15981\/revisions\/15983"}],"wp:featuredmedia":[{"embeddable":true,"href":"https:\/\/haberulus.net\/index.php?rest_route=\/wp\/v2\/media\/15982"}],"wp:attachment":[{"href":"https:\/\/haberulus.net\/index.php?rest_route=%2Fwp%2Fv2%2Fmedia&parent=15981"}],"wp:term":[{"taxonomy":"category","embeddable":true,"href":"https:\/\/haberulus.net\/index.php?rest_route=%2Fwp%2Fv2%2Fcategories&post=15981"},{"taxonomy":"post_tag","embeddable":true,"href":"https:\/\/haberulus.net\/index.php?rest_route=%2Fwp%2Fv2%2Ftags&post=15981"}],"curies":[{"name":"wp","href":"https:\/\/api.w.org\/{rel}","templated":true}]}}