{"id":16017,"date":"2022-07-29T07:41:04","date_gmt":"2022-07-29T07:41:04","guid":{"rendered":"https:\/\/haberulus.net\/?p=16017"},"modified":"2022-07-29T07:41:04","modified_gmt":"2022-07-29T07:41:04","slug":"bilim-kurulu-uyesi-ozlu-sosyal-alanlarda-klima-cok-riskli","status":"publish","type":"post","link":"https:\/\/haberulus.net\/?p=16017","title":{"rendered":"Bilim Kurulu \u00dcyesi \u00d6zl\u00fc: Sosyal alanlarda klima \u00e7ok riskli"},"content":{"rendered":"<p><b>Koronavir\u00fcs Bilim Kurulu \u00dcyesi Prof. Dr. Tevfik \u00d6zl\u00fc, kapal\u0131 sosyal alanlarda klima kullan\u0131m\u0131n\u0131n \u00e7ok riskli olabilece\u011fini belirterek, &#8220;Klima devaml\u0131 ayn\u0131 havay\u0131 al\u0131p tekrar veriyor. Bu havada solunum vir\u00fcsleri, enfeksiyona neden olan vir\u00fcsler varsa bunlar\u0131n bula\u015fma olas\u0131l\u0131\u011f\u0131 art\u0131yor&#8221; dedi.<\/b><\/p>\n<p>Sa\u011fl\u0131k Bakanl\u0131\u011f\u0131 Bilim Kurulu \u00dcyesi Prof. Dr. Tevfik \u00d6zl\u00fc, artan hava s\u0131cakl\u0131klar\u0131nda dikkatli olunmas\u0131 konusunda uyar\u0131larda bulundu. Karadeniz B\u00f6lgesi\u2019nde s\u0131cak havalardan bunalanlar\u0131n ak\u0131n etti\u011fi y\u00fcksek rak\u0131ml\u0131 yaylalar\u0131n bir\u00e7ok hastal\u0131k i\u00e7in tetikleyici oldu\u011funa dikkat \u00e7eken \u00d6zl\u00fc, g\u00f6\u011f\u00fcs hastal\u0131klar\u0131, kronik koroner arter hastal\u0131\u011f\u0131, sistemik hipertansiyonu, kalp yetmezli\u011fi ve diyabeti olanlar\u0131n, yayla tatili \u00f6ncesi ve sonras\u0131 sa\u011fl\u0131k kontrollerini ihmal etmemelerini s\u00f6yledi.<\/p>\n<p>Prof. Dr. \u00d6zl\u00fc, T\u00fcrkiye\u2019de de hava s\u0131cakl\u0131klar\u0131n\u0131n bu haftadan itibaren artmaya ba\u015flayaca\u011f\u0131n\u0131 hat\u0131rlatarak, \u201cAvrupa\u2019da a\u015f\u0131r\u0131 s\u0131caklara ba\u011fl\u0131 \u00e7ok say\u0131da \u00f6l\u00fcm meydana geldi. S\u0131caklar ger\u00e7ekten \u00f6zellikle bebekler, ileri ya\u015fl\u0131 ki\u015filer ve kronik hastal\u0131\u011f\u0131 olanlar i\u00e7in ciddi bir zarara neden olabilir. Sa\u011fl\u0131k a\u00e7\u0131s\u0131ndan \u00e7ok dikkatli olmak gerekiyor. S\u0131cak etkilerinde g\u00fcne\u015f \u00e7arpmas\u0131, \u0131s\u0131 \u00e7arpmas\u0131 gibi ciddi etkilenmeler de olabilir. Mevcut hastal\u0131klarda denge bozuklu\u011fu ortaya \u00e7\u0131kabilir. O a\u00e7\u0131dan s\u0131cakl\u0131kla nas\u0131l birlikte ya\u015fayaca\u011f\u0131m\u0131z\u0131 \u00f6\u011frenmemiz laz\u0131m\u201d diye konu\u015ftu.<\/p>\n<p><strong>\u2018G\u00dcNE\u015e I\u015eINLARININ D\u0130K GELD\u0130\u011e\u0130 SAATLERE D\u0130KKAT\u2019<\/strong><\/p>\n<p>G\u00fcne\u015f \u0131\u015f\u0131nlar\u0131n\u0131n do\u011frudan dik olarak geldi\u011fi, 10.00- 11.00 ile 16.00- 17.00 saatleri aras\u0131ndaki \u00f6\u011fle vakitlerin g\u00fcne\u015f alt\u0131nda do\u011frudan \u00e7ok bulunmamak gerekti\u011fini vurgulayan Prof. Dr. \u00d6zl\u00fc, \u015fu ifadeleri kulland\u0131:<\/p>\n<p>\u201cG\u00f6lgede durmak laz\u0131m. A\u00e7\u0131k havay\u0131 tercih etmek laz\u0131m. Kapal\u0131 mekanlarda e\u011fer bulunuyorsa mutlaka kap\u0131y\u0131 pencereyi a\u00e7\u0131p i\u00e7erinin havalanmas\u0131n\u0131 sa\u011flamak laz\u0131m. Kap\u0131, pencerenin kapanmas\u0131 i\u00e7eride s\u0131cak \u00e7arpma riskini art\u0131racakt\u0131r.<\/p>\n<p>G\u00fcne\u015fe \u00e7\u0131kmam\u0131z gerekiyorsa mutlaka \u015fapka, \u015femsiye, g\u00fcne\u015f g\u00f6zl\u00fc\u011f\u00fc gibi koruyucu enstr\u00fcmanlar\u0131 kullanmam\u0131z gerekiyor. K\u0131l\u0131k k\u0131yafet \u00f6nemli; \u00f6zellikle bol, rahat do\u011fal kuma\u015flardan dokunmu\u015f hafif giysiler giymek laz\u0131m. A\u011f\u0131r, sentetik, dar giysileri tercih etmemek laz\u0131m. Yeme i\u00e7me konusunda \u00f6zellikle bol s\u0131v\u0131 t\u00fcketimini tavsiye ediyoruz. Su, maden suyu, tuzlu ayran, s\u0131v\u0131 g\u0131dalar ve hafif yemekler tercih edilmeli.<\/p>\n<p>A\u011f\u0131r k\u0131zartmal\u0131 yemekler, t\u0131ka basa yemekler, ya\u011fl\u0131 yemeklerden ka\u00e7\u0131nmak gerekiyor. Alkol al\u0131nmamal\u0131. \u00d6zellikle s\u0131cak anlarda buna dikkat etmek laz\u0131m. Kronik hastal\u0131klar\u0131n kontrol\u00fc \u00f6nemli. Hipertansiyonunuz, kalp yetmezli\u011finiz, \u015feker hastal\u0131\u011f\u0131n\u0131z, KOAH\u00a0varsa bunlar\u0131n takibini tedavisini aksatmamal\u0131s\u0131n\u0131z. S\u0131cakla birlikte bu hastal\u0131klar\u0131n kontrol\u00fc bozulabilir. Sizin i\u00e7in risk artabilir.\u201d<\/p>\n<p><img decoding=\"async\" src=\"https:\/\/i01.sozcucdn.com\/wp-content\/uploads\/2022\/07\/29\/resim1_20976419-1.jpg\" alt=\"\" title=\"\"><\/p>\n<p><strong>KL\u0130MA KULLANIMINA D\u0130KKAT<\/strong><\/p>\n<p>Yaz aylar\u0131nda s\u0131kl\u0131kla tercih edilen kliman\u0131n hastal\u0131klar\u0131 ta\u015f\u0131y\u0131c\u0131 olabilece\u011fini anlatan Prof. Dr. \u00d6zl\u00fc \u015f\u00f6yle konu\u015ftu:<\/p>\n<p>\u201cKlima kullan\u0131m\u0131na dikkat etmek laz\u0131m. Klimalar s\u0131cakta bizi rahatlatan ara\u00e7lar ama e\u011fer s\u0131caktan so\u011fu\u011fa, so\u011fuktan s\u0131ca\u011fa ani de\u011fi\u015fimler yaparsan\u0131z \u00e7ok \u0131s\u0131y\u0131 d\u00fc\u015f\u00fcr\u00fcr, s\u0131cakl\u0131\u011f\u0131 \u00e7ok d\u00fc\u015f\u00fcr\u00fcrseniz klima da size zarar verebilir.<\/p>\n<p>\u00d6zellikle fan\u0131 do\u011frudan kendinize \u00e7evirmemeniz laz\u0131m. Oda s\u0131cakl\u0131\u011f\u0131 22-23 derecenin alt\u0131na \u00e7ok d\u00fc\u015f\u00fcr\u00fclmemeli. M\u00fcmk\u00fcn oldu\u011fu kadar ve fan yukar\u0131 do\u011fru \u00e7evrilmeli. \u00d6zellikle sosyal alanlarda yani di\u011fer insanlarla birlikte payla\u015ft\u0131\u011f\u0131m\u0131z kapal\u0131 alanlarda klima kullan\u0131m\u0131 \u00e7ok riskli olabilir bu d\u00f6nemde. \u00c7\u00fcnk\u00fc biliyorsunuz Covid \u00e7ok yayg\u0131n \u015fu anda.<\/p>\n<p>Gribal enfeksiyonlar, solunum yolu enfeksiyonlar\u0131 da \u00e7ok yayg\u0131n. Dolay\u0131s\u0131yla e\u011fer klima kullan\u0131yorsan\u0131z, i\u00e7eriyi so\u011futmas\u0131 i\u00e7in kap\u0131y\u0131 pencereyi s\u0131k\u0131 s\u0131k\u0131ya kapat\u0131yorsunuz enerji kayb\u0131 olmas\u0131n diye ve i\u00e7erideki havay\u0131 klima sirk\u00fcle ediyor.<\/p>\n<p>Devaml\u0131 ayn\u0131 havay\u0131 al\u0131p tekrar veriyor. Bu havada solunum vir\u00fcsleri, enfeksiyona neden olan vir\u00fcsler varsa bunlar\u0131n bula\u015fma olas\u0131l\u0131\u011f\u0131 art\u0131yor. Klima fanla birlikte r\u00fczgar \u015feklinde g\u00fc\u00e7l\u00fc bir \u00fcfleme yap\u0131nca bunlar\u0131n size ula\u015fma, bula\u015fma olas\u0131l\u0131\u011f\u0131 daha y\u00fcksek.<\/p>\n<p>Onun i\u00e7in kendi ba\u015f\u0131n\u0131za evinizde, araban\u0131zda klima kullan\u0131yorsan\u0131z sorun yok ama di\u011fer insanlarla ortak payla\u015ft\u0131\u011f\u0131n\u0131z bir ofiste bir kapal\u0131 alanda klima varsa o zaman bunun sa\u011fl\u0131k a\u00e7\u0131s\u0131ndan riskli olabilece\u011fini de s\u00f6ylemekte yarar var\u201d ifadelerini kulland\u0131. (DHA)<\/p>\n","protected":false},"excerpt":{"rendered":"<p>Koronavir\u00fcs Bilim Kurulu \u00dcyesi Prof. Dr. Tevfik \u00d6zl\u00fc, kapal\u0131 sosyal alanlarda klima kullan\u0131m\u0131n\u0131n \u00e7ok riskli olabilece\u011fini belirterek, &#8220;Klima &#8230;<\/p>\n","protected":false},"author":1,"featured_media":16018,"comment_status":"open","ping_status":"open","sticky":false,"template":"","format":"standard","meta":{"footnotes":""},"categories":[30],"tags":[1013,1155,519,4215,1425],"class_list":["post-16017","post","type-post","status-publish","format-standard","has-post-thumbnail","hentry","category-saglik","tag-dikkat","tag-gunes","tag-hava","tag-klima","tag-sicak"],"_links":{"self":[{"href":"https:\/\/haberulus.net\/index.php?rest_route=\/wp\/v2\/posts\/16017","targetHints":{"allow":["GET"]}}],"collection":[{"href":"https:\/\/haberulus.net\/index.php?rest_route=\/wp\/v2\/posts"}],"about":[{"href":"https:\/\/haberulus.net\/index.php?rest_route=\/wp\/v2\/types\/post"}],"author":[{"embeddable":true,"href":"https:\/\/haberulus.net\/index.php?rest_route=\/wp\/v2\/users\/1"}],"replies":[{"embeddable":true,"href":"https:\/\/haberulus.net\/index.php?rest_route=%2Fwp%2Fv2%2Fcomments&post=16017"}],"version-history":[{"count":1,"href":"https:\/\/haberulus.net\/index.php?rest_route=\/wp\/v2\/posts\/16017\/revisions"}],"predecessor-version":[{"id":16019,"href":"https:\/\/haberulus.net\/index.php?rest_route=\/wp\/v2\/posts\/16017\/revisions\/16019"}],"wp:featuredmedia":[{"embeddable":true,"href":"https:\/\/haberulus.net\/index.php?rest_route=\/wp\/v2\/media\/16018"}],"wp:attachment":[{"href":"https:\/\/haberulus.net\/index.php?rest_route=%2Fwp%2Fv2%2Fmedia&parent=16017"}],"wp:term":[{"taxonomy":"category","embeddable":true,"href":"https:\/\/haberulus.net\/index.php?rest_route=%2Fwp%2Fv2%2Fcategories&post=16017"},{"taxonomy":"post_tag","embeddable":true,"href":"https:\/\/haberulus.net\/index.php?rest_route=%2Fwp%2Fv2%2Ftags&post=16017"}],"curies":[{"name":"wp","href":"https:\/\/api.w.org\/{rel}","templated":true}]}}