{"id":16108,"date":"2022-07-29T10:21:03","date_gmt":"2022-07-29T10:21:03","guid":{"rendered":"https:\/\/haberulus.net\/?p=16108"},"modified":"2022-07-29T10:21:03","modified_gmt":"2022-07-29T10:21:03","slug":"mhpli-belediye-sampiyonun-1-milyon-liralik-kemerini-vermedi","status":"publish","type":"post","link":"https:\/\/haberulus.net\/?p=16108","title":{"rendered":"MHP\u2019li belediye \u015fampiyonun 1 milyon liral\u0131k kemerini vermedi"},"content":{"rendered":"<p><b>Adana&#8217;da geleneksel Karakucak G\u00fcre\u015fleri&#8217;ni 3 kez \u00fcst \u00fcste kazanan pehlivan \u0130brahim B\u00f6l\u00fckba\u015f\u0131, 910 graml\u0131k 24 ayar alt\u0131n kemerin kendisine verilmedi\u011fi gerek\u00e7esiyle Karaisal\u0131 \u0130l\u00e7e Belediyesi\u2019ne dava a\u00e7t\u0131.\u00a0<\/b><\/p>\n<p>Adana B\u00fcy\u00fck\u015fehir Belediyesi, Karaisal\u0131 Belediyesi ile ortakla\u015fa d\u00fczenledi\u011fi K\u0131z\u0131lda\u011f Karakucak G\u00fcre\u015fleri i\u00e7in 2018 y\u0131l\u0131nda 910 gram 24 ayar alt\u0131n kemer ald\u0131.<\/p>\n<p>Kemer, d\u00f6nemin Spor Hizmetleri \u015eube M\u00fcd\u00fcr\u00fc Kadir G\u00fcl, Daire Ba\u015fkan\u0131 Halil H\u0131zl\u0131soy ve Karaisal\u0131 Belediye Ba\u015fkan\u0131 Sadettin Aslan\u2019\u0131n imzalar\u0131yla \u015fampiyon pehlivana verilmek \u00fczere Karaisal\u0131 Belediyesi\u2019ne teslim edildi.<\/p>\n<p><img decoding=\"async\" src=\"https:\/\/i01.sozcucdn.com\/wp-content\/uploads\/2022\/07\/29\/1-milyon-liralik-altin-kemer-mahkemelik-oldu_9251_dhaphoto4-1.jpg\" alt=\"\" title=\"\"><\/p>\n<p><strong>3 KEZ \u00dcST \u00dcSTE \u015eAMP\u0130YON OLDU<\/strong><\/p>\n<p>2018 ve 2019 y\u0131llar\u0131nda yap\u0131lan K\u0131z\u0131lda\u011f Karakucak G\u00fcre\u015fleri&#8217;ni pehlivanlardan \u0130brahim B\u00f6l\u00fckba\u015f\u0131 kazand\u0131.<\/p>\n<p>G\u00fcre\u015fler, 2020 y\u0131l\u0131nda ise\u00a0 corona vir\u00fcs\u00fc salg\u0131n\u0131 nedeniyle yap\u0131lamad\u0131. Bir y\u0131ll\u0131k aran\u0131n ard\u0131ndan ge\u00e7en y\u0131l d\u00fczenlenen Karakucak G\u00fcre\u015fleri&#8217;ni yine \u0130brahim B\u00f6l\u00fckba\u015f\u0131 kazand\u0131.<\/p>\n<p>Kurallar gere\u011fi \u00fcst \u00fcste 3 y\u0131l boyunca \u015fampiyon olan pehlivan\u0131n daimi sahibi oldu\u011fu kemer, pandemi nedeniyle m\u00fcsabakalara bir y\u0131l ara verildi\u011fi gerek\u00e7esiyle \u0130brahim B\u00f6l\u00fckba\u015f\u0131&#8217;na verilmedi.<\/p>\n<p><img decoding=\"async\" src=\"https:\/\/i01.sozcucdn.com\/wp-content\/uploads\/2022\/07\/29\/1-milyon-liralik-altin-kemer-mahkemelik-oldu_9251_dhaphoto5.jpg\" alt=\"\" title=\"\"><\/p>\n<p><strong>FEDERASYON VER\u0130LMES\u0130 Y\u00d6N\u00dcNDE G\u00d6R\u00dc\u015e B\u0130LD\u0130RD\u0130<\/strong><\/p>\n<p>Maddi de\u011feri 1 milyon liray\u0131 bulan kemerin kendisine verilmesi i\u00e7in Karaisal\u0131 Belediyesi&#8217;ne talepte bulunan B\u00f6l\u00fckba\u015f\u0131, olumsuz yan\u0131t al\u0131nca T\u00fcrkiye G\u00fcre\u015f Federasyonu\u2019na ba\u015fvurdu.<\/p>\n<p>Federasyon, alt\u0131n kemerin pehlivan \u0130brahim B\u00f6l\u00fckba\u015f\u0131\u2019na teslim edilmesi y\u00f6n\u00fcnde g\u00f6r\u00fc\u015f bildirdi. Buna ra\u011fmen alt\u0131n kemeri alamayan \u0130brahim B\u00f6l\u00fckba\u015f\u0131, bu kez konuyu yarg\u0131ya ta\u015f\u0131d\u0131.<\/p>\n<p><img decoding=\"async\" src=\"https:\/\/i01.sozcucdn.com\/wp-content\/uploads\/2022\/07\/29\/1-milyon-liralik-altin-kemer-mahkemelik-oldu_9251_dhaphoto8.jpg\" alt=\"\" title=\"\"><\/p>\n<p><strong>B\u0130L\u0130RK\u0130\u015e\u0130 RAPORU BEKLEN\u0130YOR<\/strong><\/p>\n<p>Davan\u0131n g\u00f6r\u00fcld\u00fc\u011f\u00fc Karaisal\u0131 Asliye Hukuk Mahkemesi\u2019nin karar i\u00e7in bilirki\u015fi raporunu bekledi\u011fini belirten pehlivan B\u00f6l\u00fckba\u015f\u0131, kemerin de\u011ferinin 1 milyon liran\u0131n \u00fczerinde oldu\u011funu s\u00f6yledi.<\/p>\n<p>B\u00f6l\u00fckba\u015f\u0131, Belediye Ba\u015fkan\u0131 Saadettin Aslan\u2019\u0131n taleplerine somut bir cevap vermedi\u011fini vurgulayarak, \u201cAdana B\u00fcy\u00fck\u015fehir Belediyesi kemeri teslim etmi\u015f. Karaisal\u0131 Belediyesi\u2019nin kemeri ne yapt\u0131\u011f\u0131 belli de\u011fil. Biz avukat\u0131mla davam\u0131z\u0131 a\u00e7t\u0131k. \u00dc\u00e7 mahkeme g\u00f6r\u00fcld\u00fc ama sonu\u00e7 \u00e7\u0131kmad\u0131. Adana\u2019da bilirki\u015fi olmad\u0131\u011f\u0131 i\u00e7in Ankara\u2019da bilirki\u015fiye gitti. 1 Eyl\u00fcl\u2019de yeniden davam\u0131z var. Dava sonucunda hak etti\u011fim kemeri almay\u0131 bekliyorum\u201d diye konu\u015ftu.<\/p>\n<p><strong>BELED\u0130YE MAHKEME KARARINA G\u00d6RE HAREKET EDECEK<\/strong><\/p>\n<p>Karaisal\u0131 Belediyesi yetkilileri\u00a0ise g\u00fcre\u015f\u00e7inin 2018, 2019 ve 2021\u2019de yap\u0131lan m\u00fcsabakalarda arka arkaya \u015fampiyon oldu\u011funu, pandemi nedeniyle 2020\u2019de m\u00fcsabakalar\u0131n yap\u0131lmad\u0131\u011f\u0131 i\u00e7in alt\u0131n\u0131n teslim edilmedi\u011fini belirterek mahkeme karar\u0131na g\u00f6re hareket edeceklerini bildirdi.<\/p>\n<p><strong>ESK\u0130 BA\u015eKAN \u2018\u00dcST \u00dcSTE 3 KEZ KAZANAN ALACAK\u2019 DEM\u0130\u015eT\u0130<\/strong><\/p>\n<p>D\u00f6nemin Adana B\u00fcy\u00fck\u015fehir Belediye Ba\u015fkan\u0131 H\u00fcseyin S\u00f6zl\u00fc de g\u00fcre\u015flerde yapt\u0131\u011f\u0131 a\u00e7\u0131klamada alt\u0131n kemerinin 3 kez \u00fcst \u00fcste kazanan g\u00fcre\u015f\u00e7iye verilece\u011fini s\u00f6ylemi\u015fti. (DHA)<\/p>\n","protected":false},"excerpt":{"rendered":"<p>Adana&#8217;da geleneksel Karakucak G\u00fcre\u015fleri&#8217;ni 3 kez \u00fcst \u00fcste kazanan pehlivan \u0130brahim B\u00f6l\u00fckba\u015f\u0131, 910 graml\u0131k 24 ayar alt\u0131n kemerin kendisine &#8230;<\/p>\n","protected":false},"author":1,"featured_media":16109,"comment_status":"open","ping_status":"open","sticky":false,"template":"","format":"standard","meta":{"footnotes":""},"categories":[26],"tags":[417,189,4237,524,190],"class_list":["post-16108","post","type-post","status-publish","format-standard","has-post-thumbnail","hentry","category-gundem","tag-belediye","tag-gures","tag-ibrahim-bolukbasi","tag-kemer","tag-pehlivan"],"_links":{"self":[{"href":"https:\/\/haberulus.net\/index.php?rest_route=\/wp\/v2\/posts\/16108","targetHints":{"allow":["GET"]}}],"collection":[{"href":"https:\/\/haberulus.net\/index.php?rest_route=\/wp\/v2\/posts"}],"about":[{"href":"https:\/\/haberulus.net\/index.php?rest_route=\/wp\/v2\/types\/post"}],"author":[{"embeddable":true,"href":"https:\/\/haberulus.net\/index.php?rest_route=\/wp\/v2\/users\/1"}],"replies":[{"embeddable":true,"href":"https:\/\/haberulus.net\/index.php?rest_route=%2Fwp%2Fv2%2Fcomments&post=16108"}],"version-history":[{"count":1,"href":"https:\/\/haberulus.net\/index.php?rest_route=\/wp\/v2\/posts\/16108\/revisions"}],"predecessor-version":[{"id":16110,"href":"https:\/\/haberulus.net\/index.php?rest_route=\/wp\/v2\/posts\/16108\/revisions\/16110"}],"wp:featuredmedia":[{"embeddable":true,"href":"https:\/\/haberulus.net\/index.php?rest_route=\/wp\/v2\/media\/16109"}],"wp:attachment":[{"href":"https:\/\/haberulus.net\/index.php?rest_route=%2Fwp%2Fv2%2Fmedia&parent=16108"}],"wp:term":[{"taxonomy":"category","embeddable":true,"href":"https:\/\/haberulus.net\/index.php?rest_route=%2Fwp%2Fv2%2Fcategories&post=16108"},{"taxonomy":"post_tag","embeddable":true,"href":"https:\/\/haberulus.net\/index.php?rest_route=%2Fwp%2Fv2%2Ftags&post=16108"}],"curies":[{"name":"wp","href":"https:\/\/api.w.org\/{rel}","templated":true}]}}