{"id":16225,"date":"2022-07-29T12:36:06","date_gmt":"2022-07-29T12:36:06","guid":{"rendered":"https:\/\/haberulus.net\/?p=16225"},"modified":"2022-07-29T12:36:06","modified_gmt":"2022-07-29T12:36:06","slug":"cocuklarina-uyguladigi-siddet-gizli-kamerayla-goruntulendi","status":"publish","type":"post","link":"https:\/\/haberulus.net\/?p=16225","title":{"rendered":"\u00c7ocuklar\u0131na uygulad\u0131\u011f\u0131 \u015fiddet gizli kamerayla g\u00f6r\u00fcnt\u00fclendi"},"content":{"rendered":"<p><b>Sivas\u2019ta bir baba, bo\u015fand\u0131\u011f\u0131 e\u015finin \u00e7ocuklar\u0131na uygulad\u0131\u011f\u0131 \u015fiddeti gizli kamera ile g\u00f6r\u00fcnt\u00fcledi, \u00e7ocuklara \u015fiddet uygulayan anne g\u00f6zalt\u0131na al\u0131nd\u0131.<\/b><\/p>\n<p>Edinilen bilgilere g\u00f6re, olay, kent merkezinde meydana geldi. Baba Furkan Y\u0131ld\u0131z yakla\u015f\u0131k 10 ay \u00f6nce bo\u015fand\u0131\u011f\u0131 \u00e7ocuklar\u0131n\u0131n annesi E.Y. taraf\u0131ndan darp edildi\u011fini d\u00fc\u015f\u00fcnerek eve g\u00fcvenlik kameras\u0131 yerle\u015ftirdi. Anne 2 ya\u015f\u0131ndaki \u00e7ocu\u011fu \u00d6.E.Y&#8217;nin g\u00f6zleri \u00f6n\u00fcnde 7 ya\u015f\u0131ndaki \u00e7ocu\u011fu A.A.Y&#8217;yi ac\u0131mazs\u0131zca d\u00f6vd\u00fc.<\/p>\n<p>Annenin \u00e7ocu\u011funu d\u00f6vd\u00fc\u011f\u00fc anlar eve yerle\u015ftirilen kameraya yans\u0131d\u0131. G\u00f6r\u00fcnt\u00fclerde annenin \u00e7ocu\u011funa ba\u011f\u0131r\u0131p tokat att\u0131\u011f\u0131, sa\u00e7\u0131ndan \u00e7ekti\u011fi, tekmeledi\u011fi ve s\u0131rt\u0131n\u0131 yumruklad\u0131\u011f\u0131 g\u00f6r\u00fcld\u00fc. \u00c7ocuklar\u0131n\u0131n d\u00f6v\u00fcld\u00fc\u011f\u00fcn\u00fc kamera kayd\u0131yla ispatlayan baba savc\u0131l\u0131\u011fa su\u00e7 duyurusunda bulundu. Anne Sivas \u0130l Emniyet M\u00fcd\u00fcrl\u00fc\u011f\u00fc ekiplerince g\u00f6zalt\u0131na ald\u0131. \u00c7ocuklar\u0131n ise koruma alt\u0131na al\u0131nd\u0131\u011f\u0131 \u00f6\u011frenildi.<\/p>\n<p><strong>\u201c\u00c7OCU\u011eUN ELLER\u0130 AYAKLARI BA\u011eLANMI\u015eTI\u201d<\/strong><\/p>\n<p>Baba Furkan Y\u0131ld\u0131z, \u00e7ocu\u011funun ellerinin ba\u011fl\u0131 oldu\u011funu s\u00f6yleyerek, \u201cOlay kom\u015fular\u0131n ihbar\u0131 \u00fczerine oldu. Evde kamera kayd\u0131m\u0131z vard\u0131. Ben bunu daha sonra izleme karar\u0131 ald\u0131m. Sonras\u0131n da kamera kay\u0131tlar\u0131n\u0131 izleyince bizzat savc\u0131l\u0131\u011fa su\u00e7 duyurusunda bulundum. Biz evlenmeden de \u00f6nce \u015fiddet durumlar\u0131 vard\u0131 ama bu kadar boyutta de\u011fildi. Bir g\u00fcn annesi de tekrar otururken beni \u00e7a\u011f\u0131rd\u0131lar acil bir durumda. Bende i\u015f saatinde apar topar gittim.<\/p>\n<p>Bakt\u0131m \u00e7ocu\u011fun elleri ayaklar\u0131 ba\u011flanm\u0131\u015ft\u0131. \u00c7ocu\u011fu o anda kurtard\u0131k. Daha sonra evimize kamera koyma karar\u0131 ald\u0131k. Kendisinin psikolojik rahats\u0131zl\u0131klar\u0131 vard\u0131. Onla alakal\u0131 ila\u00e7 kullan\u0131yordu. Bu durumu tetikledi tabi. \u00c7ocuklar\u0131m \u015fuan iyi. Velayet i\u00e7in davam\u0131z\u0131 a\u00e7t\u0131k. Yakla\u015f\u0131k 10 ay oldu bo\u015fanal\u0131\u201d dedi. (\u0130HA)<\/p>\n","protected":false},"excerpt":{"rendered":"<p>Sivas\u2019ta bir baba, bo\u015fand\u0131\u011f\u0131 e\u015finin \u00e7ocuklar\u0131na uygulad\u0131\u011f\u0131 \u015fiddeti gizli kamera ile g\u00f6r\u00fcnt\u00fcledi, \u00e7ocuklara \u015fiddet uygulayan anne g\u00f6zalt\u0131na al\u0131nd\u0131 &#8230;<\/p>\n","protected":false},"author":1,"featured_media":16226,"comment_status":"open","ping_status":"open","sticky":false,"template":"","format":"standard","meta":{"footnotes":""},"categories":[26],"tags":[1077,2301],"class_list":["post-16225","post","type-post","status-publish","format-standard","has-post-thumbnail","hentry","category-gundem","tag-anne","tag-kamera"],"_links":{"self":[{"href":"https:\/\/haberulus.net\/index.php?rest_route=\/wp\/v2\/posts\/16225","targetHints":{"allow":["GET"]}}],"collection":[{"href":"https:\/\/haberulus.net\/index.php?rest_route=\/wp\/v2\/posts"}],"about":[{"href":"https:\/\/haberulus.net\/index.php?rest_route=\/wp\/v2\/types\/post"}],"author":[{"embeddable":true,"href":"https:\/\/haberulus.net\/index.php?rest_route=\/wp\/v2\/users\/1"}],"replies":[{"embeddable":true,"href":"https:\/\/haberulus.net\/index.php?rest_route=%2Fwp%2Fv2%2Fcomments&post=16225"}],"version-history":[{"count":1,"href":"https:\/\/haberulus.net\/index.php?rest_route=\/wp\/v2\/posts\/16225\/revisions"}],"predecessor-version":[{"id":16227,"href":"https:\/\/haberulus.net\/index.php?rest_route=\/wp\/v2\/posts\/16225\/revisions\/16227"}],"wp:featuredmedia":[{"embeddable":true,"href":"https:\/\/haberulus.net\/index.php?rest_route=\/wp\/v2\/media\/16226"}],"wp:attachment":[{"href":"https:\/\/haberulus.net\/index.php?rest_route=%2Fwp%2Fv2%2Fmedia&parent=16225"}],"wp:term":[{"taxonomy":"category","embeddable":true,"href":"https:\/\/haberulus.net\/index.php?rest_route=%2Fwp%2Fv2%2Fcategories&post=16225"},{"taxonomy":"post_tag","embeddable":true,"href":"https:\/\/haberulus.net\/index.php?rest_route=%2Fwp%2Fv2%2Ftags&post=16225"}],"curies":[{"name":"wp","href":"https:\/\/api.w.org\/{rel}","templated":true}]}}