{"id":17571,"date":"2022-08-01T10:51:06","date_gmt":"2022-08-01T10:51:06","guid":{"rendered":"https:\/\/haberulus.net\/?p=17571"},"modified":"2022-08-01T10:51:06","modified_gmt":"2022-08-01T10:51:06","slug":"ebrar-karakurt-kadikoyde-tartisti","status":"publish","type":"post","link":"https:\/\/haberulus.net\/?p=17571","title":{"rendered":"Ebrar Karakurt Kad\u0131k\u00f6y\u2019de tart\u0131\u015ft\u0131"},"content":{"rendered":"<p><b>A Milli Kad\u0131n Voleybol Tak\u0131m\u0131&#8217;n\u0131n y\u0131ld\u0131z\u0131 Ebrar Karakurt, Kad\u0131k\u00f6y&#8217;de bir mekanda kendisine s\u00f6zl\u00fc sald\u0131r\u0131da bulunan ki\u015fiyle tart\u0131\u015ft\u0131.<\/b><\/p>\n<p>\u0130talya\u2019da Igor Gorgonzola Novara tak\u0131m\u0131 formas\u0131n\u0131 giyen A Milli Kad\u0131n Voleybol Tak\u0131m\u0131\u2019n\u0131n y\u0131ld\u0131z\u0131 Ebrar Karakurt, Kad\u0131k\u00f6y\u2019de dola\u015f\u0131rken s\u00f6zl\u00fc sald\u0131r\u0131ya u\u011frad\u0131.<\/p>\n<p>Bir mekandan \u00e7\u0131kt\u0131\u011f\u0131 s\u0131rada bir ki\u015finin \u201cFenerbah\u00e7e d\u00fc\u015fmanlar\u0131n\u0131n Kad\u0131k\u00f6y\u2019de yeri yok\u201d diye ba\u011f\u0131rd\u0131\u011f\u0131 Ebrar Karakurt, bunun \u00fczerine sinirlerine hakim olamad\u0131. Kendisine s\u00f6zl\u00fc \u015fekilde sald\u0131ran ki\u015finin \u00fczerine y\u00fcr\u00fcyen 21 ya\u015f\u0131ndaki voleybolcunun \u201cNe diyorsun lan sen!\u201d diye ba\u011f\u0131rd\u0131\u011f\u0131 duyuldu.<\/p>\n<p>Etraftaki ki\u015filer taraf\u0131ndan videoya \u00e7ekilen olayda, Ebrar Karakurt\u2019un arkada\u015flar\u0131 ve \u00e7evredekiler taraf\u0131ndan g\u00fc\u00e7l\u00fckle sakinle\u015ftirildi\u011fi g\u00f6r\u00fcld\u00fc.<\/p>\n<div><img decoding=\"async\" src=\"https:\/\/i01.sozcucdn.com\/wp-content\/uploads\/2022\/08\/01\/depophotos_17607801.jpg\" alt=\"\" title=\"\"><\/p>\n<p>Ebrar Karakurt<\/p>\n<\/div>\n","protected":false},"excerpt":{"rendered":"<p>A Milli Kad\u0131n Voleybol Tak\u0131m\u0131&#8217;n\u0131n y\u0131ld\u0131z\u0131 Ebrar Karakurt, Kad\u0131k\u00f6y&#8217;de bir mekanda kendisine s\u00f6zl\u00fc sald\u0131r\u0131da bulunan ki\u015fiyle tart\u0131\u015ft\u0131. \u0130talya\u2019da &#8230;<\/p>\n","protected":false},"author":1,"featured_media":17572,"comment_status":"open","ping_status":"open","sticky":false,"template":"","format":"standard","meta":{"footnotes":""},"categories":[31],"tags":[4473],"class_list":["post-17571","post","type-post","status-publish","format-standard","has-post-thumbnail","hentry","category-spor","tag-karakurt"],"_links":{"self":[{"href":"https:\/\/haberulus.net\/index.php?rest_route=\/wp\/v2\/posts\/17571","targetHints":{"allow":["GET"]}}],"collection":[{"href":"https:\/\/haberulus.net\/index.php?rest_route=\/wp\/v2\/posts"}],"about":[{"href":"https:\/\/haberulus.net\/index.php?rest_route=\/wp\/v2\/types\/post"}],"author":[{"embeddable":true,"href":"https:\/\/haberulus.net\/index.php?rest_route=\/wp\/v2\/users\/1"}],"replies":[{"embeddable":true,"href":"https:\/\/haberulus.net\/index.php?rest_route=%2Fwp%2Fv2%2Fcomments&post=17571"}],"version-history":[{"count":1,"href":"https:\/\/haberulus.net\/index.php?rest_route=\/wp\/v2\/posts\/17571\/revisions"}],"predecessor-version":[{"id":17573,"href":"https:\/\/haberulus.net\/index.php?rest_route=\/wp\/v2\/posts\/17571\/revisions\/17573"}],"wp:featuredmedia":[{"embeddable":true,"href":"https:\/\/haberulus.net\/index.php?rest_route=\/wp\/v2\/media\/17572"}],"wp:attachment":[{"href":"https:\/\/haberulus.net\/index.php?rest_route=%2Fwp%2Fv2%2Fmedia&parent=17571"}],"wp:term":[{"taxonomy":"category","embeddable":true,"href":"https:\/\/haberulus.net\/index.php?rest_route=%2Fwp%2Fv2%2Fcategories&post=17571"},{"taxonomy":"post_tag","embeddable":true,"href":"https:\/\/haberulus.net\/index.php?rest_route=%2Fwp%2Fv2%2Ftags&post=17571"}],"curies":[{"name":"wp","href":"https:\/\/api.w.org\/{rel}","templated":true}]}}