{"id":18245,"date":"2022-08-08T12:31:06","date_gmt":"2022-08-08T12:31:06","guid":{"rendered":"https:\/\/haberulus.net\/?p=18245"},"modified":"2022-08-08T12:31:06","modified_gmt":"2022-08-08T12:31:06","slug":"alman-disisleri-bakani-baerbockun-sozleri-tartisma-yaratti-turkiye-uzerinden-yuklendiler","status":"publish","type":"post","link":"https:\/\/haberulus.net\/?p=18245","title":{"rendered":"Alman D\u0131\u015fi\u015fleri Bakan\u0131 Baerbock\u2019un s\u00f6zleri tart\u0131\u015fma yaratt\u0131: T\u00fcrkiye \u00fczerinden y\u00fcklendiler"},"content":{"rendered":"<p><b>Almanya D\u0131\u015fi\u015fleri Bakan\u0131 Annalena Baerbock&#8217;un T\u00fcrkiye ve Yunanistan gezisi \u00fclkesinde g\u00fcndemdeki yerini koruyor. Almanya&#8217;da Baerbock&#8217;a T\u00fcrkiye&#8217;deki a\u00e7\u0131klamalar\u0131 y\u00fcz\u00fcnden muhalefetten sert tepki geldi. <\/b><\/p>\n<p>Almanya\u2019da D\u0131\u015fi\u015fleri Bakan\u0131 olduktan sonra T\u00fcrkiye ve Yunanistan\u2019a ilk ziyaretini ger\u00e7ekle\u015ftiren Annalena Baerbock\u2019un burada yapt\u0131\u011f\u0131 a\u00e7\u0131klamalar ve D\u0131\u015fi\u015fleri Bakan\u0131 Mevl\u00fct \u00c7avu\u015fo\u011flu ile kameralar \u00f6n\u00fcnde gerginlik ya\u015famas\u0131 g\u00fcndemdeki yerini koruyor. Baerbock\u2019a Almanya h\u00fck\u00fcmetinden ve muhalefetinden farkl\u0131 tepkiler y\u00fckseldi.<\/p>\n<p>Bu kez Baerbock\u2019a tepki Merkel\u2019in muhafazakar partisi Hristiyan Demokrat Birlik CDU\u2019dan geldi. Ana muhalefet H\u0131ristiyan Birlik Partisi\u2019nin (CDU) D\u0131\u015f politika s\u00f6zc\u00fcs\u00fc Johann Wadephul Baerbock\u2019un \u00c7avu\u015fo\u011flu ile bas\u0131n toplant\u0131s\u0131nda tart\u0131\u015fmas\u0131n\u0131 ele\u015ftirdi. Wadepuhl, iki \u00fclke aras\u0131nda sorunlar\u0131n ikili g\u00f6r\u00fc\u015fmelerde dile getirilmesinin daha yerinde olaca\u011f\u0131n\u0131 savundu.<\/p>\n<p>Alman Federal Meclisi \u00dcyesi ve CDU\/CSU meclis grup lideri Johann Wadephul, Baerbock\u2019un Atina\u2019da yapt\u0131\u011f\u0131 konu\u015fmaya ve \u00c7avu\u015fo\u011flu ile ya\u015fad\u0131\u011f\u0131 gerginlikle ilgili konu\u015ftu, temsil etti\u011fi partilerin bu konu\u015fmadan rahats\u0131zl\u0131k duydu\u011funu dile getirdi.<\/p>\n<p><strong>\u2018B\u0130Z\u0130M \u0130K\u0130 \u00dcLKEYE DE \u0130HT\u0130YACIMIZ VAR\u2019<\/strong><\/p>\n<p>Wadephul, Baerbock\u2019un Yunanistan\u2019da T\u00fcrkiye\u2019yi ele\u015ftirmesini de yanl\u0131\u015f buldu. AFP haber ajans\u0131na konu\u015fan Wadepuhl, ele\u015ftirilerde \u00fcsluba dikkat edilmesi gerekti\u011fini belirterek, \u201cBizim iki \u00fclkeye de ihtiyac\u0131m\u0131z var\u201d g\u00f6r\u00fc\u015f\u00fcn\u00fc ifade etti. Wadephul, \u201cE\u011fer bu iki \u00fclkeyi birlikte ziyaret etmeye karar veriyorsa, \u00fcslup ve ileti\u015fim \u0131l\u0131man olmal\u0131d\u0131r. T\u00fcrkiye\u2019yi Yunan topraklar\u0131ndan alenen ele\u015ftirmek yanl\u0131\u015ft\u0131.\u201d dedi.<\/p>\n<p>D\u0131\u015fi\u015fleri Bakan\u0131 \u00c7avu\u015fo\u011flu, ortak bas\u0131n toplant\u0131s\u0131 d\u00fczenledi\u011fi Alman mevkida\u015f\u0131 Baerbock\u2019a Osman Kavala konusunda tepki g\u00f6stermi\u015f, \u00c7avu\u015fo\u011flu, \u201cOsman Kavala\u2019y\u0131 T\u00fcrkiye aleyhine kullan\u0131yorsunuz, fonluyorsunuz. Gezi olaylar\u0131nda ne kadar fonlad\u0131\u011f\u0131n\u0131z\u0131 biliyoruz\u201d demi\u015fti.<\/p>\n<p><strong>\u2018KINAYACAK B\u0130R ADIM ATILMADI\u2019<\/strong><\/p>\n<p>Baerbock\u2019a bir ba\u015fka ele\u015ftiri de Almanya\u2019daki Sol Parti SDP\u2019den geldi. SDP\u2019ye \u00fcye Alman Federal Meclisi \u00dcyesi Sevim Da\u011fdelen ise Baerbock\u2019u yeteri kadar sert olmamakla su\u00e7larken Alman h\u00fck\u00fcmetine de y\u00fcklendi. Da\u011fdelen, \u201cAlmanya\u2019n\u0131n T\u00fcrkiye\u2019ye silah ihracat\u0131 ve mali yard\u0131mlar\u0131 halen devam ediyor. NATO orta\u011f\u0131 T\u00fcrkiye\u2019nin hem Irak\u2019ta hem de Suriye\u2019de uluslararas\u0131 hukuku ihlal eden tavr\u0131n\u0131 k\u0131nayacak bir ad\u0131m halen at\u0131lmad\u0131.\u201d ele\u015ftirisine bulundu.<\/p>\n<p>Almanya\u2019daki T\u00fcrk Cemaati Ba\u015fkan\u0131 G\u00f6kay Sofuo\u011flu da D\u0131\u015fi\u015fleri Bakan\u0131 \u00c7avu\u015fo\u011flu ile birlikte Baerbock\u2019u \u201cdiplomasinin dilini\u201d terk etti\u011fi i\u00e7in ele\u015ftirmi\u015f, bunun Almanya\u2019daki T\u00fcrkiyelilere zarar verece\u011fini savunmu\u015ftu.<\/p>\n<p><strong>KEND\u0130 PART\u0130S\u0130NDEN DESTEK GELD\u0130<\/strong><\/p>\n<p>Baerbock\u2019a partili arkada\u015flar\u0131 Federal Tar\u0131m Bakan\u0131 Cem \u00d6zdemir ile Baden W\u00fcrttemberg Maliye Bakan\u0131 Danyal Bayaz\u2019dan destek geldi. Twitter \u00fczerinden a\u00e7\u0131klama yapan Bayaz, Baerbock\u2019un Osman Kavala\u2019n\u0131n serbest b\u0131rak\u0131lmas\u0131n\u0131 talep etmesini ve muhalefet ile g\u00f6r\u00fc\u015fmesini do\u011fru buldu\u011funu belirterek, b\u00f6ylece T\u00fcrkiye\u2019nin Erdo\u011fan\u2019dan ibaret olmad\u0131\u011f\u0131n\u0131 g\u00f6sterdi\u011fini yazd\u0131.<\/p>\n<p>Cem \u00d6zdemir ise iki \u00fclkeyi birbirine ba\u011flayan \u00e7ok \u015fey oldu\u011funu, ancak sorunlar\u0131n da dile getirilmesi gerekti\u011fini yazd\u0131. Twitter \u00fczerinden g\u00f6r\u00fc\u015f\u00fcn\u00fc bildiren \u00d6zdemir, T\u00fcrkiye\u2019nin Suriye\u2019ye askeri harekat\u0131n\u0131n b\u00f6lge halk\u0131na b\u00fcy\u00fck zarar verece\u011fini belirtti.<\/p>\n<p>Almanya D\u0131\u015fi\u015fleri Bakan\u0131 Baerbock\u2019tan ise ele\u015ftirilere hen\u00fcz yan\u0131t gelmedi.<\/p>\n","protected":false},"excerpt":{"rendered":"<p>Almanya D\u0131\u015fi\u015fleri Bakan\u0131 Annalena Baerbock&#8217;un T\u00fcrkiye ve Yunanistan gezisi \u00fclkesinde g\u00fcndemdeki yerini koruyor. Almanya&#8217;da Baerbock&#8217;a T\u00fcrkiye &#8230;<\/p>\n","protected":false},"author":1,"featured_media":18246,"comment_status":"closed","ping_status":"open","sticky":false,"template":"","format":"standard","meta":{"footnotes":""},"categories":[24],"tags":[809,1469,1038,442,15],"class_list":["post-18245","post","type-post","status-publish","format-standard","has-post-thumbnail","hentry","category-dunya","tag-almanya","tag-cavusoglu","tag-disisleri-bakani","tag-parti","tag-turkiye"],"_links":{"self":[{"href":"https:\/\/haberulus.net\/index.php?rest_route=\/wp\/v2\/posts\/18245","targetHints":{"allow":["GET"]}}],"collection":[{"href":"https:\/\/haberulus.net\/index.php?rest_route=\/wp\/v2\/posts"}],"about":[{"href":"https:\/\/haberulus.net\/index.php?rest_route=\/wp\/v2\/types\/post"}],"author":[{"embeddable":true,"href":"https:\/\/haberulus.net\/index.php?rest_route=\/wp\/v2\/users\/1"}],"replies":[{"embeddable":true,"href":"https:\/\/haberulus.net\/index.php?rest_route=%2Fwp%2Fv2%2Fcomments&post=18245"}],"version-history":[{"count":1,"href":"https:\/\/haberulus.net\/index.php?rest_route=\/wp\/v2\/posts\/18245\/revisions"}],"predecessor-version":[{"id":18247,"href":"https:\/\/haberulus.net\/index.php?rest_route=\/wp\/v2\/posts\/18245\/revisions\/18247"}],"wp:featuredmedia":[{"embeddable":true,"href":"https:\/\/haberulus.net\/index.php?rest_route=\/wp\/v2\/media\/18246"}],"wp:attachment":[{"href":"https:\/\/haberulus.net\/index.php?rest_route=%2Fwp%2Fv2%2Fmedia&parent=18245"}],"wp:term":[{"taxonomy":"category","embeddable":true,"href":"https:\/\/haberulus.net\/index.php?rest_route=%2Fwp%2Fv2%2Fcategories&post=18245"},{"taxonomy":"post_tag","embeddable":true,"href":"https:\/\/haberulus.net\/index.php?rest_route=%2Fwp%2Fv2%2Ftags&post=18245"}],"curies":[{"name":"wp","href":"https:\/\/api.w.org\/{rel}","templated":true}]}}