{"id":18907,"date":"2022-08-08T13:01:07","date_gmt":"2022-08-08T13:01:07","guid":{"rendered":"https:\/\/haberulus.net\/?p=18907"},"modified":"2022-08-08T13:01:07","modified_gmt":"2022-08-08T13:01:07","slug":"bedas-duyurdu-istanbulda-elektrik-kesintisi","status":"publish","type":"post","link":"https:\/\/haberulus.net\/?p=18907","title":{"rendered":"BEDA\u015e duyurdu! \u0130stanbul\u2019da elektrik kesintisi"},"content":{"rendered":"<p><b>BEDA\u015e, \u0130stanbul Akaray\u2019da trafo merkezinde meydana gelen yang\u0131n nedeniyle baz\u0131 b\u00f6lgelere ar\u0131za giderilene kadar bir s\u00fcre elektrik verilemeyece\u011fini duyurdu.<\/b><\/p>\n<p>BEDA\u015e&#8217;tan (Bo\u011fazi\u00e7i Elektrik Da\u011f\u0131t\u0131m A.\u015e.) yap\u0131lan yaz\u0131l\u0131 a\u00e7\u0131klamada \u015fu ifadeler kullan\u0131ld\u0131:<\/p>\n<p>\u201c\u0130stanbul Fatih \u0130l\u00e7esi&#8217;ne ba\u011fl\u0131 Aksaray&#8217;da indirici trafo merkezi yak\u0131nlar\u0131nda bug\u00fcn ( 4 A\u011fustos Per\u015fembe) saat 16:00 sular\u0131nda kimli\u011fi belirsiz bir ki\u015fi taraf\u0131ndan \u00e7\u0131kar\u0131ld\u0131\u011f\u0131 tespit edilen yang\u0131n nedeniyle, b\u00f6lgeyi besleyen elektrik kablolar\u0131m\u0131zda a\u011f\u0131r hasar meydana gelmi\u015ftir.<\/p>\n<p>-Yang\u0131n ihbar\u0131 gelir gelmez, can ve mal g\u00fcvenli\u011fini sa\u011flamak i\u00e7in b\u00f6lgedeki baz\u0131 mahallelerde enerji kesintisine gidilirken itfaiyenin yang\u0131n\u0131 s\u00f6nd\u00fcrmesi sonras\u0131nda da ekiplerimiz hasar g\u00f6ren elektrik kablolar\u0131n\u0131n onar\u0131m\u0131 i\u00e7in yo\u011fun bir \u015fekilde \u00e7al\u0131\u015fmalara ba\u015flam\u0131\u015ft\u0131r.<\/p>\n<p>-\u00dcz\u00fclerek belirtmek isteriz ki yang\u0131n nedeniyle ortaya \u00e7\u0131kan enerji kesintisinden Fatih il\u00e7emiz s\u0131n\u0131rlar\u0131 i\u00e7inde bulunan Aksaray semti ile \u0130skenderpa\u015fa, Hobyar, Eminsinan, Binbirdirek, Demirta\u015f, Beyaz\u0131t, Balabana\u011fa ve Ali Ku\u015f\u00e7u mahallelerinde ya\u015fayan vatanda\u015flar\u0131m\u0131z etkilenmektedir.<\/p>\n<p>-Ekiplerimizin ar\u0131zay\u0131 gidermek ve b\u00f6lgeyi en sa\u011fl\u0131kl\u0131 \u015fekilde enerjilendirmek i\u00e7in \u00e7al\u0131\u015fmalar\u0131na aral\u0131ks\u0131z olarak devam etti\u011fini belirtir,\u00a0 bu s\u00fcre\u00e7te g\u00f6sterdikleri anlay\u0131\u015f i\u00e7in vatanda\u015flar\u0131m\u0131za te\u015fekk\u00fcr ederiz.\u201d<\/p>\n","protected":false},"excerpt":{"rendered":"<p>BEDA\u015e, \u0130stanbul Akaray\u2019da trafo merkezinde meydana gelen yang\u0131n nedeniyle baz\u0131 b\u00f6lgelere ar\u0131za giderilene kadar bir s\u00fcre elektrik &#8230;<\/p>\n","protected":false},"author":1,"featured_media":18908,"comment_status":"closed","ping_status":"open","sticky":false,"template":"","format":"standard","meta":{"footnotes":""},"categories":[26],"tags":[518],"class_list":["post-18907","post","type-post","status-publish","format-standard","has-post-thumbnail","hentry","category-gundem","tag-yangin"],"_links":{"self":[{"href":"https:\/\/haberulus.net\/index.php?rest_route=\/wp\/v2\/posts\/18907","targetHints":{"allow":["GET"]}}],"collection":[{"href":"https:\/\/haberulus.net\/index.php?rest_route=\/wp\/v2\/posts"}],"about":[{"href":"https:\/\/haberulus.net\/index.php?rest_route=\/wp\/v2\/types\/post"}],"author":[{"embeddable":true,"href":"https:\/\/haberulus.net\/index.php?rest_route=\/wp\/v2\/users\/1"}],"replies":[{"embeddable":true,"href":"https:\/\/haberulus.net\/index.php?rest_route=%2Fwp%2Fv2%2Fcomments&post=18907"}],"version-history":[{"count":1,"href":"https:\/\/haberulus.net\/index.php?rest_route=\/wp\/v2\/posts\/18907\/revisions"}],"predecessor-version":[{"id":18909,"href":"https:\/\/haberulus.net\/index.php?rest_route=\/wp\/v2\/posts\/18907\/revisions\/18909"}],"wp:featuredmedia":[{"embeddable":true,"href":"https:\/\/haberulus.net\/index.php?rest_route=\/wp\/v2\/media\/18908"}],"wp:attachment":[{"href":"https:\/\/haberulus.net\/index.php?rest_route=%2Fwp%2Fv2%2Fmedia&parent=18907"}],"wp:term":[{"taxonomy":"category","embeddable":true,"href":"https:\/\/haberulus.net\/index.php?rest_route=%2Fwp%2Fv2%2Fcategories&post=18907"},{"taxonomy":"post_tag","embeddable":true,"href":"https:\/\/haberulus.net\/index.php?rest_route=%2Fwp%2Fv2%2Ftags&post=18907"}],"curies":[{"name":"wp","href":"https:\/\/api.w.org\/{rel}","templated":true}]}}