{"id":18949,"date":"2022-08-08T13:03:03","date_gmt":"2022-08-08T13:03:03","guid":{"rendered":"https:\/\/haberulus.net\/?p=18949"},"modified":"2022-08-08T13:03:03","modified_gmt":"2022-08-08T13:03:03","slug":"sigortasiz-calistirilan-isci-sigorta-isteyince-patronunun-bardakli-saldirisina-ugradi","status":"publish","type":"post","link":"https:\/\/haberulus.net\/?p=18949","title":{"rendered":"Sigortas\u0131z \u00e7al\u0131\u015ft\u0131r\u0131lan i\u015f\u00e7i, sigorta isteyince patronunun bardakl\u0131 sald\u0131r\u0131s\u0131na u\u011frad\u0131"},"content":{"rendered":"<p><b>Ba\u011fc\u0131lar\u2019da, \u00e7al\u0131\u015ft\u0131\u011f\u0131 i\u015f yerinde sigortas\u0131n\u0131n yap\u0131lmas\u0131n\u0131 isteyen genci, iddiaya g\u00f6re patron ve \u00e7al\u0131\u015fanlar g\u00f6z\u00fcne cam bardak f\u0131rlatarak yaralad\u0131. Sald\u0131r\u0131 sonucu g\u00f6z\u00fcnde g\u00f6rme kayb\u0131 olan gen\u00e7, savc\u0131l\u0131\u011fa ve SGK\u2019ya su\u00e7 duyurusunda bulundu.<\/b><\/p>\n<p>Olay, ge\u00e7ti\u011fimiz Cumartesi g\u00fcn\u00fc Ba\u011fc\u0131lar G\u00fcne\u015fli&#8217;de ya\u015fand\u0131. Edinilen bilgiye g\u00f6re, tekstil bask\u0131s\u0131 yapan bir firmada \u00e7al\u0131\u015fmaya ba\u015flayan Sel\u00e7uk \u015eim\u015fek, sigortas\u0131n\u0131n yap\u0131lmas\u0131n\u0131 istedi. \u00dc\u00e7 ay boyunca \u015eim\u015fek, y\u00f6netime sigortas\u0131n\u0131n yap\u0131lmas\u0131 i\u00e7in talebini iletti.<\/p>\n<p>\u0130ddiaya g\u00f6re, \u015eim\u015fek 3 ay boyunca oyaland\u0131. Sigortas\u0131n\u0131n yap\u0131lmad\u0131\u011f\u0131n\u0131 fark eden \u015eim\u015fek, \u00f6nce i\u015ften ayr\u0131ld\u0131 ard\u0131ndan i\u00e7erde kalan paras\u0131n\u0131 almak istedi. Ancak \u015eim\u015fek, ofiste patron ve muhasebecinin sald\u0131r\u0131s\u0131na u\u011frad\u0131. Sald\u0131r\u0131da, muhasebecinin \u015eim\u015fek&#8217;in g\u00f6z\u00fcne cam su barda\u011f\u0131n\u0131 f\u0131rlatt\u0131\u011f\u0131 ileri s\u00fcr\u00fcld\u00fc. Bunun \u00fczerine a\u011f\u0131r yaralanan gen\u00e7 hastaneye kald\u0131r\u0131ld\u0131. Burada tedaviye al\u0131nan \u015eim\u015fek, 4 saat ameliyatta kald\u0131.<\/p>\n<p><strong>SU\u00c7 DUYURUSUNDA BULUNDU<\/strong><\/p>\n<p>Ameliyat\u0131n ard\u0131ndan gencin g\u00f6z\u00fcnde g\u00f6rme kayb\u0131 olu\u015furken, 6 ila 8 ay i\u00e7inde ancak iyile\u015febilece\u011fi belirtildi. Bunun \u00fczerine gen\u00e7, babas\u0131 ile birlikte K\u00fc\u00e7\u00fck\u00e7ekmece Adliyesine giderek savc\u0131l\u0131\u011fa ve daha sonra SGK&#8217;ya i\u015f yeri sahibi ile i\u015f yeri hakk\u0131nda su\u00e7 duyurusunda bulundu.<\/p>\n<p>Ya\u015fad\u0131klar\u0131n\u0131 anlatan 22 ya\u015f\u0131ndaki Sel\u00e7uk \u015eim\u015fek, \u201c\u00c7al\u0131\u015ft\u0131\u011f\u0131m \u015firkette 3 ayl\u0131k bir \u00e7al\u0131\u015fma s\u00fcrecim oldu. \u0130\u015fe girdi\u011fimde sigortam\u0131n yap\u0131laca\u011f\u0131n\u0131 s\u00f6ylediler s\u00fcrekli beni b\u00f6yle oyalad\u0131lar. Beni oyalad\u0131klar\u0131n\u0131 g\u00f6r\u00fcnce benim sigortam\u0131 yapmayacaklar\u0131n\u0131 anlad\u0131m ve e-devlet \u00fczerinden de bakt\u0131\u011f\u0131mda sigortam g\u00f6z\u00fckm\u00fcyordu. Ben de i\u015ften \u00e7\u0131k\u0131p, ba\u015fka i\u015fe girdim. Ondan sonra i\u00e7erde kalan param\u0131 istemeye gittim. O s\u0131rada patron k\u00fcf\u00fcrl\u00fc ve tehdit vari konu\u015ftu. K\u00fcfr\u00fcn \u015fiddeti art\u0131nca kar\u015f\u0131l\u0131kl\u0131 bir tart\u0131\u015fma ya\u015fand\u0131. Muhasebeci de benin param\u0131 vermeyece\u011fini s\u00f6yledi, \u2018seni Allah&#8217;\u0131na kavu\u015fturaca\u011f\u0131m&#8217; dedi. Ben de sinirlenip elimi masaya vurdum. Sonra patron ve di\u011ferleri beni tuttu, muhasebeci de masan\u0131n \u00fczerinde bulunan su barda\u011f\u0131n\u0131 y\u00fcz\u00fcme f\u0131rlatt\u0131\u201d dedi.<\/p>\n<p><strong>\u201c6 \u0130LA 8 AY ARASINDA B\u0130R \u0130Y\u0130LE\u015eME ANCAK OLUR\u201d<\/strong><\/p>\n<p>G\u00f6z\u00fcnde 6 aya kadar g\u00f6rme kayb\u0131 olaca\u011f\u0131n\u0131 anlatan \u015eim\u015fek, \u201cG\u00f6z\u00fcmde patlayan cam, g\u00f6z\u00fcm\u00fcn ameliyat olmas\u0131na sebep oldu. Bir tanesi hayati \u00f6nem ta\u015f\u0131yordu. Ayr\u0131ca 6 ila 8 ay aras\u0131nda bir iyile\u015fme s\u00fcreci oldu\u011fu i\u00e7in g\u00f6z\u00fcn net bir \u015fekilde g\u00f6rme veya g\u00f6rmeme \u015feyi yok. Doktorlar da net bir \u015fey s\u00f6ylemiyor. Ben hakk\u0131m\u0131 talep ediyorum. Hem savc\u0131l\u0131\u011fa hem de Sosyal G\u00fcvenlik Kurumuna (SGK) \u015fikayette bulundum. Olaydan sonra polisler geldi, beni ambulansla \u0130stanbul Okmeydan\u0131 Prof. Dr. Cemil Ta\u015fc\u0131o\u011flu \u015eehir Hastanesine kald\u0131rd\u0131lar. \u015eu an diki\u015flerden dolay\u0131 g\u00f6z kapaklar\u0131m\u0131 a\u00e7am\u0131yorum. A\u00e7t\u0131\u011f\u0131m zaman da net bir g\u00f6r\u00fcnt\u00fc yok, bulan\u0131k g\u00f6r\u00fcyorum\u201d diye konu\u015ftu.<\/p>\n<p>Daha sonra konu\u015fan 22 ya\u015f\u0131ndaki gencin babas\u0131 Servet \u015eim\u015fek ise, \u201cBen o g\u00fcn evde de\u011fildim. K\u0131z\u0131m beni arad\u0131, Sel\u00e7uk&#8217;un ufak bir kaza ge\u00e7irdi\u011fini s\u00f6yledi. Hastaneye gitti\u011fimde ameliyata alm\u0131\u015flard\u0131. 6-7 g\u00fcn ge\u00e7ti kar\u015f\u0131 taraftan kimse bizimle irtibata ge\u00e7medi. Onlardan \u015fikayet\u00e7i olduk, pe\u015fini b\u0131rakmayaca\u011f\u0131z\u201d dedi. (\u0130HA)<\/p>\n","protected":false},"excerpt":{"rendered":"<p>Ba\u011fc\u0131lar\u2019da, \u00e7al\u0131\u015ft\u0131\u011f\u0131 i\u015f yerinde sigortas\u0131n\u0131n yap\u0131lmas\u0131n\u0131 isteyen genci, iddiaya g\u00f6re patron ve \u00e7al\u0131\u015fanlar g\u00f6z\u00fcne cam bardak f\u0131rlatarak yaralad\u0131 &#8230;<\/p>\n","protected":false},"author":1,"featured_media":18950,"comment_status":"closed","ping_status":"open","sticky":false,"template":"","format":"standard","meta":{"footnotes":""},"categories":[26],"tags":[4727,4726,83,616],"class_list":["post-18949","post","type-post","status-publish","format-standard","has-post-thumbnail","hentry","category-gundem","tag-gorme","tag-gozun","tag-is","tag-simsek"],"_links":{"self":[{"href":"https:\/\/haberulus.net\/index.php?rest_route=\/wp\/v2\/posts\/18949","targetHints":{"allow":["GET"]}}],"collection":[{"href":"https:\/\/haberulus.net\/index.php?rest_route=\/wp\/v2\/posts"}],"about":[{"href":"https:\/\/haberulus.net\/index.php?rest_route=\/wp\/v2\/types\/post"}],"author":[{"embeddable":true,"href":"https:\/\/haberulus.net\/index.php?rest_route=\/wp\/v2\/users\/1"}],"replies":[{"embeddable":true,"href":"https:\/\/haberulus.net\/index.php?rest_route=%2Fwp%2Fv2%2Fcomments&post=18949"}],"version-history":[{"count":1,"href":"https:\/\/haberulus.net\/index.php?rest_route=\/wp\/v2\/posts\/18949\/revisions"}],"predecessor-version":[{"id":18951,"href":"https:\/\/haberulus.net\/index.php?rest_route=\/wp\/v2\/posts\/18949\/revisions\/18951"}],"wp:featuredmedia":[{"embeddable":true,"href":"https:\/\/haberulus.net\/index.php?rest_route=\/wp\/v2\/media\/18950"}],"wp:attachment":[{"href":"https:\/\/haberulus.net\/index.php?rest_route=%2Fwp%2Fv2%2Fmedia&parent=18949"}],"wp:term":[{"taxonomy":"category","embeddable":true,"href":"https:\/\/haberulus.net\/index.php?rest_route=%2Fwp%2Fv2%2Fcategories&post=18949"},{"taxonomy":"post_tag","embeddable":true,"href":"https:\/\/haberulus.net\/index.php?rest_route=%2Fwp%2Fv2%2Ftags&post=18949"}],"curies":[{"name":"wp","href":"https:\/\/api.w.org\/{rel}","templated":true}]}}