{"id":19258,"date":"2022-08-08T13:14:06","date_gmt":"2022-08-08T13:14:06","guid":{"rendered":"https:\/\/haberulus.net\/?p=19258"},"modified":"2022-08-08T13:14:06","modified_gmt":"2022-08-08T13:14:06","slug":"olum-gemisi-yolda-izmir-halki-ayakta","status":"publish","type":"post","link":"https:\/\/haberulus.net\/?p=19258","title":{"rendered":"\u2018\u00d6l\u00fcm gemisi\u2019 yolda, \u0130zmir halk\u0131 ayakta!"},"content":{"rendered":"<p><b>Bar\u0131nd\u0131rd\u0131\u011f\u0131 tonlarca asbest, radyoaktif ve tehlikeli zararl\u0131 at\u0131k madde nedeniyle uzmanlar\u0131n uyar\u0131da bulundu\u011fu n\u00fckleer sava\u015f gemisi Nae Sao Paulo, T\u00fcrkiye\u2019de s\u00f6k\u00fclmek \u00fczere Brezilya\u2019dan yola \u00e7\u0131kar\u0131ld\u0131. Demokratik kitle \u00f6rg\u00fctleri sert tepki g\u00f6sterdi.<\/b><\/p>\n<p>T\u00fcrk firmas\u0131 S\u00f6k Denizcilik A.\u015e&#8217;nin Brezilya devletinden 16 ay \u00f6nce sat\u0131n ald\u0131\u011f\u0131 n\u00fckleer sava\u015f gemisi Nae Sao Paulo, \u00c7evre, \u015eehircilik ve \u0130klim De\u011fi\u015fikli\u011fi Bakanl\u0131\u011f\u0131&#8217;n\u0131n onay vermesinin ard\u0131ndan \u0130zmir Alia\u011fa Gemi S\u00f6k\u00fcm B\u00f6lgesi&#8217;ne getirilmek \u00fczere yola \u00e7\u0131kt\u0131.<\/p>\n<p>T\u00fcrkiye, Brezilya ve bir\u00e7ok Akdeniz \u00fclkesindeki \u00e7evre \u00f6rg\u00fctlerinin kar\u015f\u0131 \u00e7\u0131kmas\u0131na ra\u011fmen, gemi d\u00fcn Rio De Jenario Liman\u0131&#8217;na g\u00f6nderilen r\u00f6mork\u00f6rlerle \u00e7ekilmeye ba\u015fland\u0131.<\/p>\n<p><img decoding=\"async\" src=\"https:\/\/i01.sozcucdn.com\/wp-content\/uploads\/2022\/08\/05\/7b17eb09-2766-4a14-abf2-eaad53d5871c.jpeg\" alt=\"\" title=\"\"><\/p>\n<p><strong>AL\u0130A\u011eA&#8217;DA PROTESTO M\u0130T\u0130NG\u0130<\/strong><\/p>\n<p>Haber \u0130zmir&#8217;de b\u00fcy\u00fck yank\u0131 uyand\u0131rd\u0131 ve tepki do\u011furdu.<\/p>\n<p>Y\u00fczlerce sivil toplum kurulu\u015fu \u00fcyesi, Alia\u011fa Demokrasi Meydan\u0131&#8217;nda protesto mitingi yapt\u0131. Yurtta\u015flar, \u201cAlia\u011fa d\u00fcnyan\u0131n \u00e7\u00f6pl\u00fc\u011f\u00fc de\u011fildir\u201d, \u201c\u00d6l\u00fcm gemisinin karasular\u0131m\u0131za girmesini istemiyoruz\u201d, \u201cHavama, suyuma, topra\u011f\u0131ma dokunma\u201d, \u201c\u00d6l\u00fcm gemisini durdural\u0131m\u201d yaz\u0131l\u0131 pankartlar ta\u015f\u0131d\u0131. Bas\u0131n a\u00e7\u0131klamas\u0131nda; s\u00f6z konusu gemi s\u00f6k\u00fcm\u00fcn\u00fcn yarataca\u011f\u0131 kirlilik ve tahribat\u0131n Alia\u011fa&#8217;yla s\u0131n\u0131rl\u0131 kalmayaca\u011f\u0131, \u0130zmir ve Ege B\u00f6lgesi&#8217;ni de etkileyece\u011fi vurgulanarak, \u201c\u00c7evre, \u015eehircilik ve \u0130klim De\u011fi\u015fikli\u011fi Bakanl\u0131\u011f\u0131&#8217;n\u0131 bir avu\u00e7 sermayedar\u0131n de\u011fil, halk\u0131n bakanl\u0131\u011f\u0131 olmaya davet ediyoruz\u201d denildi, verilen iznin iptal edilmesi istendi.<\/p>\n<p><img decoding=\"async\" src=\"https:\/\/i01.sozcucdn.com\/wp-content\/uploads\/2022\/08\/05\/e5a3f77d-bf02-4c22-9b69-dbfb46a64550.jpeg\" alt=\"\" title=\"\"><\/p>\n<p><strong>\u0130ZM\u0130RL\u0130LER G\u00dcNDO\u011eDU&#8217;DA TOPLANDI<\/strong><\/p>\n<p>\u0130zmirliler ak\u015fam saatlerinde G\u00fcndo\u011fdu Meydan\u0131&#8217;nda toplanarak protestoda bulundu. T\u00fcrk M\u00fchendis ve Mimar Odalar\u0131 Birli\u011fi (TMMOB), KESK, \u0130zmir Tabip Odas\u0131, \u0130zmir Barosu ve D\u0130SK&#8217;in yer ald\u0131\u011f\u0131 \u0130zmir Emek ve Demokrasi G\u00fc\u00e7leri&#8217;yle \u0130zmir B\u00fcy\u00fck\u015fehir Belediyesi ve muhalefet partisi temsilcileri gemi protestosunda birle\u015fti.<\/p>\n<p>Efsanevi Mo\u011follar grubunun, \u00e7evre ve halk sa\u011fl\u0131\u011f\u0131n\u0131n korunmas\u0131 i\u00e7in \u015fark\u0131lar seslendirdi\u011fi mitingte, vatanda\u015flar, \u201cToksik gemi geldi\u011fi gibi gidecek\u201d pankart\u0131 ta\u015f\u0131d\u0131.<\/p>\n<p><strong>\u00a0SOYER: \u201cGELD\u0130KLER\u0130 G\u0130B\u0130 G\u0130DECEKLER\u201d<\/strong><\/p>\n<p>\u0130zmir B\u00fcy\u00fck\u015fehir Belediye Ba\u015fkan\u0131 Tun\u00e7 Soyer, \u00a0konu\u015fmas\u0131na \u201cNe zaman bu \u00fclkenin do\u011fas\u0131na ta\u015f\u0131na sald\u0131r\u0131 olsa dimdik ayakta duran ve bu \u00fclkenin vicdan\u0131 olan Mo\u011follar\u2019a te\u015fekk\u00fcr ediyoruz\u201d s\u00f6zleriyle ba\u015flad\u0131. \u0130zmir\u2019in d\u00fcnyan\u0131n \u00e7\u00f6pl\u00fc\u011f\u00fc olmayaca\u011f\u0131n\u0131 ifade eden Soyer, \u201cGemi Brezilya&#8217;dan yola \u00e7\u0131kt\u0131. Bug\u00fcn Ankara&#8217;da Brezilya B\u00fcy\u00fckel\u00e7ili\u011finin \u00f6n\u00fcnde pankart a\u00e7t\u0131k ve uyard\u0131k. Dedik ki, \u2018Bu gemi \u0130zmir&#8217;e gelmeyecek.&#8217; Gemi yolda, 30 \u2013 40 g\u00fcn i\u00e7erisinde \u0130zmir\u2019e varmas\u0131 bekleniyor. Ama bu gemiyi \u0130zmir&#8217;e sokmamak i\u00e7in elimizden geleni yapmaya devam edece\u011fiz. \u0130zmir d\u00fcnyan\u0131n \u00e7\u00f6pl\u00fc\u011f\u00fc de\u011fildir. Bu 30-40 g\u00fcn boyunca bir\u00e7ok eylem yapaca\u011f\u0131z. Can\u0131m\u0131z kadar sevdi\u011fimiz \u0130zmir&#8217;e hep beraber sahip \u00e7\u0131kaca\u011f\u0131z. Geldikleri gibi gidecekler\u201d dedi.<br \/><img decoding=\"async\" src=\"https:\/\/i01.sozcucdn.com\/wp-content\/uploads\/2022\/08\/05\/9b05df18-14fa-4cfd-a365-7efa663f60fa.jpeg\" alt=\"\" title=\"\"><\/p>\n<p><strong>CAH\u0130T BERKAY: \u201c\u0130NSANIN AKLI VE V\u0130CDANI ALMIYOR\u201d<\/strong><\/p>\n<p>Usta sanat\u00e7\u0131 Cahit Berkay \u201cGemi b\u00fct\u00fcn asbestini bu \u00fclkeye getirecek. Neresinden bakarsan bak insan\u0131n akl\u0131, vicdan\u0131 ve mant\u0131\u011f\u0131 alm\u0131yor. Bu \u00fclke \u00e7\u00f6pl\u00fck olmayacak\u201d dedi.<\/p>\n<p>TMMOB, D\u0130SK, KESK, T\u00fcrkiye Barolar Birli\u011fi ve \u0130zmir Tabip Odas\u0131 da ortak a\u00e7\u0131klama yaparak uyar\u0131larda bulundu. \u00c7arp\u0131c\u0131 saptamalar\u0131n yer ald\u0131\u011f\u0131 a\u00e7\u0131klamada \u015f\u00f6yle denildi:<\/p>\n<p>Bu gemi b\u00fct\u00fcn\u00fcyle tehlikeli at\u0131k stat\u00fcs\u00fcndedir! Neden?<\/p>\n<p>*Tehlikeli madde envanterini ger\u00e7ekle\u015ftiren \u015firketin bile kabul etti\u011fi eksiklik ve uygunsuzluklar vard\u0131r.<\/p>\n<p>*Envanter gemi alanlar\u0131n\u0131n sadece y\u00fczde 12 gibi kabul edilemeyecek d\u00fc\u015f\u00fck bir k\u0131sm\u0131n\u0131 kapsamaktad\u0131r.<\/p>\n<p>*Radyoaktivite \u00f6l\u00e7\u00fcmlerini gemi sahibinin tuttu\u011fu bir \u015firket sahibi taraf\u0131ndan yap\u0131lm\u0131\u015ft\u0131r.<\/p>\n<p>*Sadece gemi sahibinin ibraz etti\u011fi belgeler d\u0131\u015f\u0131nda ikiz gemisi Clemenceau (Klemanso)\u2019nun s\u00f6k\u00fcm ve bu geminin in\u015fa planlar\u0131 talep edilmemi\u015f ve \u00f6rnekleri al\u0131rken bunlar kullan\u0131lmam\u0131\u015ft\u0131r.<\/p>\n<p>*\u0130kiz gemisinin y\u00fczde 86&#8217;s\u0131n\u0131 kapsayarak yap\u0131lan envanterin g\u00f6sterdi\u011fi tehlikeli madde miktarlar\u0131yla Sao Paulo\u2019nun envanterinin g\u00f6sterebildikleri aras\u0131ndaki u\u00e7urum hala a\u00e7\u0131klanmam\u0131\u015ft\u0131r.<\/p>\n<p>*Brezilya Ordusu, geminin tamiratlar\u0131 s\u0131ras\u0131nda iki envanter aras\u0131ndaki tonlarca asbest fark\u0131n\u0131 a\u00e7\u0131klayacak (birinde 760, di\u011ferinde 9,6 ton) dair ge\u00e7erli bir asbest bertaraf belgesi ibraz etmemi\u015ftir.<\/p>\n<p>*Mart 2021\u2019deki sat\u0131\u015f sonras\u0131nda S\u00d6K Denizcilik ad\u0131na gemide \u015firket ad\u0131na \u00e7al\u0131\u015fan i\u015f\u00e7iler bir senedir belirsiz \u015fartlarda asbeste maruz kalm\u0131\u015flard\u0131r.<\/p>\n","protected":false},"excerpt":{"rendered":"<p>Bar\u0131nd\u0131rd\u0131\u011f\u0131 tonlarca asbest, radyoaktif ve tehlikeli zararl\u0131 at\u0131k madde nedeniyle uzmanlar\u0131n uyar\u0131da bulundu\u011fu n\u00fckleer sava\u015f gemisi Nae Sao &#8230;<\/p>\n","protected":false},"author":1,"featured_media":19259,"comment_status":"closed","ping_status":"open","sticky":false,"template":"","format":"standard","meta":{"footnotes":""},"categories":[26],"tags":[1403,562,3166,196,4341],"class_list":["post-19258","post","type-post","status-publish","format-standard","has-post-thumbnail","hentry","category-gundem","tag-brezilya","tag-gemi","tag-gemisi","tag-izmir","tag-sok"],"_links":{"self":[{"href":"https:\/\/haberulus.net\/index.php?rest_route=\/wp\/v2\/posts\/19258","targetHints":{"allow":["GET"]}}],"collection":[{"href":"https:\/\/haberulus.net\/index.php?rest_route=\/wp\/v2\/posts"}],"about":[{"href":"https:\/\/haberulus.net\/index.php?rest_route=\/wp\/v2\/types\/post"}],"author":[{"embeddable":true,"href":"https:\/\/haberulus.net\/index.php?rest_route=\/wp\/v2\/users\/1"}],"replies":[{"embeddable":true,"href":"https:\/\/haberulus.net\/index.php?rest_route=%2Fwp%2Fv2%2Fcomments&post=19258"}],"version-history":[{"count":1,"href":"https:\/\/haberulus.net\/index.php?rest_route=\/wp\/v2\/posts\/19258\/revisions"}],"predecessor-version":[{"id":19260,"href":"https:\/\/haberulus.net\/index.php?rest_route=\/wp\/v2\/posts\/19258\/revisions\/19260"}],"wp:featuredmedia":[{"embeddable":true,"href":"https:\/\/haberulus.net\/index.php?rest_route=\/wp\/v2\/media\/19259"}],"wp:attachment":[{"href":"https:\/\/haberulus.net\/index.php?rest_route=%2Fwp%2Fv2%2Fmedia&parent=19258"}],"wp:term":[{"taxonomy":"category","embeddable":true,"href":"https:\/\/haberulus.net\/index.php?rest_route=%2Fwp%2Fv2%2Fcategories&post=19258"},{"taxonomy":"post_tag","embeddable":true,"href":"https:\/\/haberulus.net\/index.php?rest_route=%2Fwp%2Fv2%2Ftags&post=19258"}],"curies":[{"name":"wp","href":"https:\/\/api.w.org\/{rel}","templated":true}]}}