{"id":19649,"date":"2022-08-08T13:28:06","date_gmt":"2022-08-08T13:28:06","guid":{"rendered":"https:\/\/haberulus.net\/?p=19649"},"modified":"2022-08-08T13:28:06","modified_gmt":"2022-08-08T13:28:06","slug":"cicek-balinda-hasat-basladi-fiyatlar-belli-oldu","status":"publish","type":"post","link":"https:\/\/haberulus.net\/?p=19649","title":{"rendered":"\u00c7i\u00e7ek bal\u0131nda hasat ba\u015flad\u0131, fiyatlar belli oldu"},"content":{"rendered":"<p><b>&#8216;Co\u011frafi \u0130\u015faret Patentli \u00c7i\u00e7ek Bal\u0131&#8217;nda hasat d\u00f6nemi ba\u015flad\u0131. Sezonun verimli ge\u00e7ti\u011fini, rekoltenin 800-900 tona \u00e7\u0131kmas\u0131n\u0131 beklediklerini s\u00f6yleyen Ar\u0131 Yeti\u015ftiricileri Birli\u011fi Ba\u015fkan\u0131 \u0130lhan Evliyao\u011flu, bal fiyatlar\u0131n\u0131 ise 200-230 TL aras\u0131nda belirlediklerini aktard\u0131.<\/b><\/p>\n<p>Ardahan\u2019da Kafkas ar\u0131lar\u0131n\u0131n yapt\u0131\u011f\u0131 co\u011frafi i\u015faret tescilli \u00e7i\u00e7ek bal\u0131nda hasat ba\u015flad\u0131.<\/p>\n<p>Ar\u0131 Yeti\u015ftiricileri Birli\u011fi Ba\u015fkan\u0131 \u0130lhan Evliyao\u011flu, 2 y\u0131l aradan sonra bal rekoltesinde ya\u015fanan art\u0131\u015f\u0131n \u00fcreticileri sevindirdi\u011fini belirterek, sezonda 800-900 ton bal \u00fcretimi beklediklerini s\u00f6yledi.<\/p>\n<p><b>\u00c7\u0130\u00c7EK BALINDA HASAT BA\u015eLADI<\/b><\/p>\n<p>Kafkas ar\u0131 \u0131rk\u0131n\u0131n gen merkezi olan Ardahan\u2019da ar\u0131lar\u0131n y\u00fczlerce \u00e7i\u00e7ek ve ball\u0131 bitkiden \u00fcretti\u011fi \u2018Co\u011frafi \u0130\u015faret Patentli \u00c7i\u00e7ek Bal\u0131\u2019nda hasat d\u00f6nemi ba\u015flad\u0131.<\/p>\n<p>Sezonun verimli ge\u00e7mesi, \u00fcreticileri de sevindirdi.<\/p>\n<p>Yeti\u015ftiriciler, \u00f6zel k\u0131yafetlerini giyerek girdikleri ar\u0131l\u0131klarda kovanlar\u0131n kapa\u011f\u0131n\u0131 a\u00e7\u0131p, petekleri \u00e7\u0131kar\u0131yor ve \u015feffaf kaba alarak muhafaza ediyor.<\/p>\n<p>Yeti\u015ftiriciler, daha sonra da \u00f6zel tezgaha ald\u0131klar\u0131 peteklerdeki bal\u0131n akmas\u0131n\u0131 engellemek i\u00e7in ar\u0131lar\u0131n \u00f6rd\u00fc\u011f\u00fc s\u0131rr\u0131 \u00e7engelli alet kullan\u0131p al\u0131yor ard\u0131ndan sa\u011f\u0131m makinesine koyarak bal ak\u0131\u015f\u0131n\u0131 sa\u011fl\u0131yor. Savrulman\u0131n etkisiyle petekten ayr\u0131lan \u00e7i\u00e7ek bal\u0131, kavanozlara ak\u0131t\u0131l\u0131p, paketleniyor ve sat\u0131\u015fa haz\u0131r hale getiriliyor.<\/p>\n<p><b>\u2018BU YIL ARICILARIMIZ \u0130Y\u0130 \u00dcR\u00dcN ALACAK\u2019<\/b><\/p>\n<p>Evliyao\u011flu, 2 y\u0131l aradan sonra birlik \u00fcyesi 750 yeti\u015ftiricinin bu sezon kovan ba\u015f\u0131 ortalama 25 kilogram bal ald\u0131\u011f\u0131n\u0131, sezonda 800- 900 ton bal \u00fcretimi beklediklerini s\u00f6yledi.<\/p>\n<p>Evliyao\u011flu, \u201c2022 y\u0131l\u0131 hasat d\u00f6nemimiz 1 haftad\u0131r ba\u015flam\u0131\u015f durumda. Birli\u011fimize kay\u0131tl\u0131 750 \u00fcyemiz bulunuyor. Kovan say\u0131m\u0131z bu y\u0131l 80 bine ula\u015ft\u0131\u201d dedi.<\/p>\n<p>\u201c2020 ve 2021 y\u0131l\u0131nda iklim \u015fartlar\u0131 nedeniyle bal verimi \u00e7ok d\u00fc\u015f\u00fckt\u00fc. Bu y\u0131l y\u00fczde 90\u2019lara varan verim g\u00f6r\u00fcn\u00fcyor\u201d diyen Evliyao\u011flu, \u015f\u00f6yle devam etti:<\/p>\n<p><b>\u2018F\u0130YATLARI 200-230 TL ARASINDA BEL\u0130RLED\u0130K\u2019<\/b><\/p>\n<p>\u201cBu da iklim \u015fartlar\u0131n\u0131n iyi ge\u00e7mesine ba\u011fl\u0131. Bu y\u0131l t\u00fcm ar\u0131c\u0131lar\u0131m\u0131z iyi \u00fcr\u00fcn alacakt\u0131r.<\/p>\n<p>Tar\u0131m Bakanl\u0131\u011f\u0131 taraf\u0131ndan koruma alt\u0131na al\u0131nan Kafkas ar\u0131 \u0131rk\u0131, 1900 rak\u0131mda bal \u00fcretiyor. Hortumunun uzun olmas\u0131 sebebiyle do\u011fadaki ball\u0131 bitkilerin en derinine inerek en iyi bal\u0131 almaktad\u0131r. Bu nedenle Ardahan \u00e7i\u00e7ek bal\u0131 \u00f6nemli bir de\u011ferdir.<\/p>\n<p>2019 y\u0131l\u0131nda alm\u0131\u015f oldu\u011fumuz marka tescili de bunu ortaya koymaktad\u0131r. Bu y\u0131l da marka tescilli bal\u0131m\u0131z\u0131 paketleyip sat\u0131\u015fa haz\u0131r hale getirece\u011fiz. Bu y\u0131l da kovan ba\u015f\u0131 25 kilogram ve toplam 900 tona yak\u0131n rekolte bekliyoruz.<\/p>\n<p>Ar\u0131 yeti\u015ftiricilerimizle birlikte ald\u0131\u011f\u0131m\u0131z karar neticesinde bal fiyatlar\u0131n\u0131 200-230 TL aras\u0131nda belirledik.\u201d (DHA)<\/p>\n","protected":false},"excerpt":{"rendered":"<p>&#8216;Co\u011frafi \u0130\u015faret Patentli \u00c7i\u00e7ek Bal\u0131&#8217;nda hasat d\u00f6nemi ba\u015flad\u0131. Sezonun verimli ge\u00e7ti\u011fini, rekoltenin 800-900 tona \u00e7\u0131kmas\u0131n\u0131 beklediklerini &#8230;<\/p>\n","protected":false},"author":1,"featured_media":19650,"comment_status":"closed","ping_status":"open","sticky":false,"template":"","format":"standard","meta":{"footnotes":""},"categories":[25],"tags":[4842,2872,300,4843,201],"class_list":["post-19649","post","type-post","status-publish","format-standard","has-post-thumbnail","hentry","category-ekonomi","tag-4842","tag-ari","tag-bal","tag-hasat","tag-sezon"],"_links":{"self":[{"href":"https:\/\/haberulus.net\/index.php?rest_route=\/wp\/v2\/posts\/19649","targetHints":{"allow":["GET"]}}],"collection":[{"href":"https:\/\/haberulus.net\/index.php?rest_route=\/wp\/v2\/posts"}],"about":[{"href":"https:\/\/haberulus.net\/index.php?rest_route=\/wp\/v2\/types\/post"}],"author":[{"embeddable":true,"href":"https:\/\/haberulus.net\/index.php?rest_route=\/wp\/v2\/users\/1"}],"replies":[{"embeddable":true,"href":"https:\/\/haberulus.net\/index.php?rest_route=%2Fwp%2Fv2%2Fcomments&post=19649"}],"version-history":[{"count":1,"href":"https:\/\/haberulus.net\/index.php?rest_route=\/wp\/v2\/posts\/19649\/revisions"}],"predecessor-version":[{"id":19651,"href":"https:\/\/haberulus.net\/index.php?rest_route=\/wp\/v2\/posts\/19649\/revisions\/19651"}],"wp:featuredmedia":[{"embeddable":true,"href":"https:\/\/haberulus.net\/index.php?rest_route=\/wp\/v2\/media\/19650"}],"wp:attachment":[{"href":"https:\/\/haberulus.net\/index.php?rest_route=%2Fwp%2Fv2%2Fmedia&parent=19649"}],"wp:term":[{"taxonomy":"category","embeddable":true,"href":"https:\/\/haberulus.net\/index.php?rest_route=%2Fwp%2Fv2%2Fcategories&post=19649"},{"taxonomy":"post_tag","embeddable":true,"href":"https:\/\/haberulus.net\/index.php?rest_route=%2Fwp%2Fv2%2Ftags&post=19649"}],"curies":[{"name":"wp","href":"https:\/\/api.w.org\/{rel}","templated":true}]}}