{"id":19661,"date":"2022-08-08T13:29:06","date_gmt":"2022-08-08T13:29:06","guid":{"rendered":"https:\/\/haberulus.net\/?p=19661"},"modified":"2022-08-08T13:29:06","modified_gmt":"2022-08-08T13:29:06","slug":"iskiden-atik-su-tuneli-insa-edilmiyor-iddialarina-yanit","status":"publish","type":"post","link":"https:\/\/haberulus.net\/?p=19661","title":{"rendered":"\u0130SK\u0130\u2019den \u2018at\u0131k su t\u00fcneli in\u015fa edilmiyor\u2019 iddialar\u0131na yan\u0131t"},"content":{"rendered":"<p><b>\u0130SK\u0130\u2019nin 2018 y\u0131l\u0131ndan bu yana at\u0131ksu t\u00fcneli in\u015fa etmedi\u011fi iddias\u0131 yalanland\u0131. <\/b><\/p>\n<p>\u0130SK\u0130, baz\u0131 bas\u0131n yay\u0131n organlar\u0131nda ve sosyal medya hesaplar\u0131nda yer alan, kurumun 2018 y\u0131l\u0131ndan bug\u00fcne at\u0131ksu t\u00fcneli in\u015fa etmedi\u011fi iddialar\u0131na ili\u015fkin yaz\u0131l\u0131 a\u00e7\u0131klama yapt\u0131.<\/p>\n<p>A\u00e7\u0131klamada iddialar\u0131n ger\u00e7ek d\u0131\u015f\u0131 oldu\u011fu belirtilerek \u201c\u0130SK\u0130, 2019 Haziran ay\u0131ndan itibaren \u0130stavroz, Ambarl\u0131 ve Atak\u00f6y at\u0131ksu t\u00fcnelleri ile Hali\u00e7, Unkapan\u0131, Kad\u0131k\u00f6y Dinlen\u00e7 ve B\u00fclb\u00fcldere-\u00c7avu\u015fdere ya\u011fmursuyu t\u00fcnellerinde toplamda 25 kilometrelik bir metrajda \u00e7al\u0131\u015fmalar\u0131n\u0131 y\u00fcr\u00fctm\u00fc\u015ft\u00fcr. 2019&#8217;dan bug\u00fcne 8 kilometre at\u0131ksu ve 7 kilometre ya\u011fmursuyu t\u00fcneli in\u015fa edilmi\u015ftir. 10 kilometrelik t\u00fcnel in\u015faatlar\u0131na ise t\u00fcm h\u0131z\u0131yla devam edilmektedir\u201d denildi.<\/p>\n<p><strong>\u201cFAAL\u0130YET RAPORUNDAK\u0130 UZUNLUKLAR TAMAMLANAN PROJELER\u201d<\/strong><\/p>\n<p>A\u00e7\u0131klamada, iddialara dayanak olarak g\u00f6sterilen \u0130SK\u0130&#8217;nin faaliyet raporlar\u0131nda yer alan at\u0131ksu t\u00fcnel uzunluklar\u0131n\u0131n tamamlanan ve i\u015fletme halindekilere ait oldu\u011fu ifade edilerek \u201cBas\u0131na ve sosyal medya hesaplar\u0131na yans\u0131yan durum, \u00e7al\u0131\u015fma yap\u0131lmad\u0131\u011f\u0131n\u0131 de\u011fil \u00e7al\u0131\u015fmalar\u0131n devam etti\u011fini g\u00f6stermektedir. Yerin metrelerce alt\u0131nda devam eden bu \u00e7al\u0131\u015fmalar\u0131n tamamlanmas\u0131 yap\u0131s\u0131 gere\u011fi zaman almaktad\u0131r\u201d denildi.<\/p>\n<p><strong>BO\u011eAZA ATIK SU G\u0130R\u0130 SONA ERD\u0130<\/strong><\/p>\n<p>\u0130SK\u0130&#8217;nin 4 A\u011fustos 2022&#8217;de a\u00e7\u0131l\u0131\u015f\u0131n\u0131 ger\u00e7ekle\u015ftirdi\u011fi \u0130stavroz At\u0131ksu T\u00fcneli ile \u0130stanbul Bo\u011faz\u0131&#8217;na kontrols\u00fcz at\u0131ksu giri\u015fini sona erdirdi\u011fi vurguland\u0131.<\/p>\n<p>\u0130n\u015faat \u00e7al\u0131\u015fmalar\u0131 devam eden Ambarl\u0131 ve Atak\u00f6y at\u0131ksu t\u00fcnelleri ile K\u00fc\u00e7\u00fck\u00e7ekmece At\u0131ksu \u00d6n Ar\u0131tma Tesisi&#8217;ne aktar\u0131lan at\u0131ksular\u0131n, Ambarl\u0131 ve Atak\u00f6y \u0130leri Biyolojik At\u0131ksu Ar\u0131tma Tesisi&#8217;ne aktar\u0131laca\u011f\u0131 ve \u00f6n ar\u0131tmaya tabi tutulan at\u0131ksular\u0131n ileri biyolojik olarak ar\u0131t\u0131laca\u011f\u0131 kaydedildi.<\/p>\n","protected":false},"excerpt":{"rendered":"<p>\u0130SK\u0130\u2019nin 2018 y\u0131l\u0131ndan bu yana at\u0131ksu t\u00fcneli in\u015fa etmedi\u011fi iddias\u0131 yalanland\u0131. \u0130SK\u0130, baz\u0131 bas\u0131n yay\u0131n organlar\u0131nda ve sosyal medya &#8230;<\/p>\n","protected":false},"author":1,"featured_media":19662,"comment_status":"closed","ping_status":"open","sticky":false,"template":"","format":"standard","meta":{"footnotes":""},"categories":[26],"tags":[2759,317,3290],"class_list":["post-19661","post","type-post","status-publish","format-standard","has-post-thumbnail","hentry","category-gundem","tag-atiksu","tag-calisma","tag-insa"],"_links":{"self":[{"href":"https:\/\/haberulus.net\/index.php?rest_route=\/wp\/v2\/posts\/19661","targetHints":{"allow":["GET"]}}],"collection":[{"href":"https:\/\/haberulus.net\/index.php?rest_route=\/wp\/v2\/posts"}],"about":[{"href":"https:\/\/haberulus.net\/index.php?rest_route=\/wp\/v2\/types\/post"}],"author":[{"embeddable":true,"href":"https:\/\/haberulus.net\/index.php?rest_route=\/wp\/v2\/users\/1"}],"replies":[{"embeddable":true,"href":"https:\/\/haberulus.net\/index.php?rest_route=%2Fwp%2Fv2%2Fcomments&post=19661"}],"version-history":[{"count":1,"href":"https:\/\/haberulus.net\/index.php?rest_route=\/wp\/v2\/posts\/19661\/revisions"}],"predecessor-version":[{"id":19663,"href":"https:\/\/haberulus.net\/index.php?rest_route=\/wp\/v2\/posts\/19661\/revisions\/19663"}],"wp:featuredmedia":[{"embeddable":true,"href":"https:\/\/haberulus.net\/index.php?rest_route=\/wp\/v2\/media\/19662"}],"wp:attachment":[{"href":"https:\/\/haberulus.net\/index.php?rest_route=%2Fwp%2Fv2%2Fmedia&parent=19661"}],"wp:term":[{"taxonomy":"category","embeddable":true,"href":"https:\/\/haberulus.net\/index.php?rest_route=%2Fwp%2Fv2%2Fcategories&post=19661"},{"taxonomy":"post_tag","embeddable":true,"href":"https:\/\/haberulus.net\/index.php?rest_route=%2Fwp%2Fv2%2Ftags&post=19661"}],"curies":[{"name":"wp","href":"https:\/\/api.w.org\/{rel}","templated":true}]}}