{"id":19682,"date":"2022-08-08T13:30:04","date_gmt":"2022-08-08T13:30:04","guid":{"rendered":"https:\/\/haberulus.net\/?p=19682"},"modified":"2022-08-08T13:30:04","modified_gmt":"2022-08-08T13:30:04","slug":"erdoganin-poz-verdigi-reyonda-fiyatlar-uctu","status":"publish","type":"post","link":"https:\/\/haberulus.net\/?p=19682","title":{"rendered":"Erdo\u011fan\u2019\u0131n poz verdi\u011fi reyonda fiyatlar u\u00e7tu"},"content":{"rendered":"<p><b>Cumhurba\u015fkan\u0131 Recep Tayyip Erdo\u011fan Ekim 2021&#8217;de Tar\u0131m Kredi marketine gidip at\u0131\u015ft\u0131rmal\u0131k g\u0131dalar alm\u0131\u015f \u201cFiyatlar gayet uygun\u201d demi\u015fti. Erdo\u011fan&#8217;\u0131n \u00f6n\u00fcnde poz verdi\u011fi gofret-bisk\u00fcvi-kraker reyonunda 1 y\u0131l dolmadan fiyat\u0131 \u00fc\u00e7e katlanan \u00fcr\u00fcnler var.<\/b><\/p>\n<p>T\u00fcrkiye \u0130statistik Kurumu (T\u00dc\u0130K) hafta i\u00e7inde temmuz enflasyonunu a\u00e7\u0131klad\u0131. Y\u0131ll\u0131k enflasyon y\u00fczde 79,60 ile 24 y\u0131l\u0131n zirvesini yeniledi.<\/p>\n<p>Ba\u011f\u0131ms\u0131z akademisyenlerin olu\u015fturdu\u011fu Enflasyon Ara\u015ft\u0131rma Grubu (ENAG) t\u00fcketici enflasyonunun temmuzda y\u0131ll\u0131k y\u00fczde 176,04 oldu\u011funu a\u00e7\u0131klad\u0131.<\/p>\n<p>Bu arada, T\u00dc\u0130K, may\u0131s ay\u0131ndan bu yana 409 \u00fcr\u00fcn\u00fcn ayl\u0131k fiyat de\u011fi\u015fimlerini g\u00f6steren \u201cmadde sepeti ve ortalama madde fiyatlar\u0131\u201d tablosunu yay\u0131mlam\u0131yor.<\/p>\n<p>\u201c\u00dclkemizde enflasyon de\u011fil, fiili bir hayat pahal\u0131l\u0131\u011f\u0131 sorunu var\u201d diyen Cumhurba\u015fkan\u0131 Recep Tayyip Erdo\u011fan 3 Ekim 2021 g\u00fcn\u00fc \u0130stanbul K\u0131s\u0131kl\u0131&#8217;daki evinin yak\u0131n\u0131nda yer alan Tar\u0131m Kredi Kooperatifi sat\u0131\u015f ma\u011fazas\u0131ndan al\u0131\u015fveri\u015f yapt\u0131.<\/p>\n<p>E\u015fi Emine Erdo\u011fan, k\u0131z\u0131 S\u00fcmeyye Erdo\u011fan Bayraktar ve torunu Canan Ayb\u00fcke&#8217;nin de kendisine e\u015flik etti\u011fi al\u0131\u015fveri\u015fte Erdo\u011fan, iki al\u0131\u015fveri\u015f arabas\u0131n\u0131 gevrek, kuru meyve, bisk\u00fcvi, gofret ve meyve suyu gibi \u00fcr\u00fcnlerle doldurdu.<\/p>\n<p>Toplamda 1002 lira \u00f6deyen Erdo\u011fan, market \u00e7\u0131k\u0131\u015f\u0131nda yapt\u0131\u011f\u0131 a\u00e7\u0131klamada, \u201cTar\u0131m Kredi Kooperatiflerimizin g\u00f6rd\u00fc\u011f\u00fcn\u00fcz gibi buradaki market ger\u00e7ekten \u00e7e\u015fitli \u00fcr\u00fcnler, kalite, fiyatlar noktas\u0131nda gayet uygun. Ger\u00e7ekten vatanda\u015flar\u0131m\u0131z\u0131n kesesine uygun fiyatlar\u0131n uyguland\u0131\u011f\u0131 bir yer\u201d dedi.<\/p>\n<p>S\u00d6ZC\u00dc, Erdo\u011fan&#8217;\u0131n market al\u0131\u015fveri\u015fi s\u0131ras\u0131nda, bisk\u00fcvi, gofret ve kraker \u00fcr\u00fcnlerinin yer ald\u0131\u011f\u0131 reyonun \u00f6n\u00fcnde \u00e7ekilen bir foto\u011fraf\u0131ndan yola \u00e7\u0131karak s\u00f6z konusu \u00fcr\u00fcnlerdeki son 10 aydaki fiyat hareketlili\u011fini mercek alt\u0131na ald\u0131.<\/p>\n<p>\u0130\u015fte son d\u00f6nemde vatanda\u015flara \u2018biraz daha sab\u0131r\u2019 \u00e7a\u011fr\u0131s\u0131 yapan ve enflasyondaki d\u00fc\u015f\u00fc\u015f i\u00e7in 2023 y\u0131l\u0131n\u0131 i\u015faret eden Erdo\u011fan\u2019\u0131n poz verdi\u011fi reyondaki \u00fcr\u00fcnlerin fiyat de\u011fi\u015fimi:<\/p>\n<p><img decoding=\"async\" src=\"https:\/\/i01.sozcucdn.com\/wp-content\/uploads\/2022\/08\/06\/7878.jpg\" alt=\"\" title=\"\"><\/p>\n","protected":false},"excerpt":{"rendered":"<p>Cumhurba\u015fkan\u0131 Recep Tayyip Erdo\u011fan Ekim 2021&#8217;de Tar\u0131m Kredi marketine gidip at\u0131\u015ft\u0131rmal\u0131k g\u0131dalar alm\u0131\u015f \u201cFiyatlar gayet uygun\u201d demi\u015fti. Erdo\u011fan&#8217;\u0131n &#8230;<\/p>\n","protected":false},"author":1,"featured_media":19683,"comment_status":"closed","ping_status":"open","sticky":false,"template":"","format":"standard","meta":{"footnotes":""},"categories":[25],"tags":[60,259,75,3980],"class_list":["post-19682","post","type-post","status-publish","format-standard","has-post-thumbnail","hentry","category-ekonomi","tag-enflasyon","tag-erdogan","tag-fiyat","tag-urunler"],"_links":{"self":[{"href":"https:\/\/haberulus.net\/index.php?rest_route=\/wp\/v2\/posts\/19682","targetHints":{"allow":["GET"]}}],"collection":[{"href":"https:\/\/haberulus.net\/index.php?rest_route=\/wp\/v2\/posts"}],"about":[{"href":"https:\/\/haberulus.net\/index.php?rest_route=\/wp\/v2\/types\/post"}],"author":[{"embeddable":true,"href":"https:\/\/haberulus.net\/index.php?rest_route=\/wp\/v2\/users\/1"}],"replies":[{"embeddable":true,"href":"https:\/\/haberulus.net\/index.php?rest_route=%2Fwp%2Fv2%2Fcomments&post=19682"}],"version-history":[{"count":1,"href":"https:\/\/haberulus.net\/index.php?rest_route=\/wp\/v2\/posts\/19682\/revisions"}],"predecessor-version":[{"id":19684,"href":"https:\/\/haberulus.net\/index.php?rest_route=\/wp\/v2\/posts\/19682\/revisions\/19684"}],"wp:featuredmedia":[{"embeddable":true,"href":"https:\/\/haberulus.net\/index.php?rest_route=\/wp\/v2\/media\/19683"}],"wp:attachment":[{"href":"https:\/\/haberulus.net\/index.php?rest_route=%2Fwp%2Fv2%2Fmedia&parent=19682"}],"wp:term":[{"taxonomy":"category","embeddable":true,"href":"https:\/\/haberulus.net\/index.php?rest_route=%2Fwp%2Fv2%2Fcategories&post=19682"},{"taxonomy":"post_tag","embeddable":true,"href":"https:\/\/haberulus.net\/index.php?rest_route=%2Fwp%2Fv2%2Ftags&post=19682"}],"curies":[{"name":"wp","href":"https:\/\/api.w.org\/{rel}","templated":true}]}}