{"id":19694,"date":"2022-08-08T13:30:06","date_gmt":"2022-08-08T13:30:06","guid":{"rendered":"https:\/\/haberulus.net\/?p=19694"},"modified":"2022-08-08T13:30:06","modified_gmt":"2022-08-08T13:30:06","slug":"antalyaspor-galatasarayi-sahasinda-7-yil-sonra-yenmek-istiyor","status":"publish","type":"post","link":"https:\/\/haberulus.net\/?p=19694","title":{"rendered":"Antalyaspor, Galatasaray\u2019\u0131 sahas\u0131nda 7 y\u0131l sonra yenmek istiyor"},"content":{"rendered":"<p><b>Spor Toto S\u00fcper Lig&#8217;in ilk haftas\u0131nda sahas\u0131nda Galatasaray&#8217;\u0131 a\u011f\u0131rlayacak Fraport TAV Antalyaspor, 7 y\u0131ld\u0131r sahas\u0131nda galibiyet alamad\u0131\u011f\u0131 rakibini ma\u011flup etmek istiyor. K\u0131rm\u0131z\u0131 beyazl\u0131lar ge\u00e7en sezon k\u0131rd\u0131\u011f\u0131 ve devam eden rekorlar\u0131n\u0131 da geli\u015ftirmenin planlar\u0131n\u0131 yap\u0131yor.<\/b><\/p>\n<p>2022- 2023 sezonunun ilk haftas\u0131nda sahas\u0131nda Galatasaray\u2019\u0131 konuk edecek Fraport TAV Antalyaspor, Pazar g\u00fcn\u00fc oynanacak m\u00fccadelenin haz\u0131rl\u0131klar\u0131n\u0131 bug\u00fcn yapaca\u011f\u0131 antrenmanla tamamlayacak. K\u0131rm\u0131z\u0131 beyazl\u0131 ekip, futbol sorumlusu Nuri \u015eahin y\u00f6netiminde hafta boyunca yapt\u0131klar\u0131 \u00e7al\u0131\u015fmada sezona galibiyetle ba\u015flamaya odakland\u0131.<\/p>\n<p>Fraport TAV Antalyaspor ile Galatasaray sezonun ilk ma\u00e7\u0131nda oynayacaklar\u0131 m\u00fccadele ile S\u00fcper Lig\u2019de 53, toplamda ise 63\u2019\u00fcnc\u00fc kez rakip olacak. \u0130ki tak\u0131m aras\u0131nda oynanan 62 ma\u00e7\u0131n 10\u2019u T\u00fcrkiye Kupas\u0131, 52\u2019si ise Spor Toto S\u00fcper Lig ma\u00e7\u0131 olarak kay\u0131tlara ge\u00e7ti. Antalyaspor, toplamda oynanan 62 ma\u00e7ta 8 galibiyet, 18 beraberlik ve 36 yenilgi ile sahadan ayr\u0131ld\u0131.<\/p>\n<p><b>ANTALYA\u2019DA GALATASARAY \u00dcST\u00dcN<\/b><\/p>\n<p>K\u0131rm\u0131z\u0131 beyazl\u0131lar ile sar\u0131 k\u0131rm\u0131z\u0131l\u0131lar\u0131n Antalya\u2019da oynad\u0131\u011f\u0131 ma\u00e7larda \u0130stanbul temsilcinin \u00fcst\u00fcnl\u00fc\u011f\u00fc g\u00f6ze \u00e7arp\u0131yor. Antalya\u2019da oynanan 31 ma\u00e7ta Antalyaspor sadece 4 galibiyet al\u0131rken, 11 beraberlik ve 16 da yenilgi ald\u0131. Ge\u00e7en sezonun son haftas\u0131nda Antalya\u2019da oynanan Spor Toto S\u00fcper Lig ma\u00e7\u0131nda iki tak\u0131m sahadan 1- 1 beraberlikle ayr\u0131ld\u0131.<\/p>\n<p>Akdeniz ekibi Antalyaspor, 2015-2016 sezonundan sonra Antalya\u2019da a\u011f\u0131rlad\u0131\u011f\u0131 Galatasaray\u2019a kar\u015f\u0131 galibiyet elde edemedi. Fraport TAV Antalyaspor 2015- 2016 sezonunda Antalya\u2019da oynanan ma\u00e7ta rakibini 4-2 ma\u011flup ederken sonras\u0131nda oynad\u0131\u011f\u0131 6 ma\u00e7ta 3 beraberlik ve 3 yenilgi ald\u0131.<\/p>\n<p><b>REKORLARINI GEL\u0130\u015eT\u0130RMEK \u0130ST\u0130YOR<\/b><\/p>\n<p>Ge\u00e7en sezon ortaya koydu\u011fu performansla kul\u00fcp tarihinde rekorlar k\u0131ran futbol sorumlusu Nuri \u015eahin ve futbolcular\u0131, bu sezon kald\u0131\u011f\u0131 yerden devam etmenin planlar\u0131n\u0131 yap\u0131yor. K\u0131rm\u0131z\u0131 beyazl\u0131lar ge\u00e7en sezon genelde 16 ma\u00e7l\u0131k yenilmezlik serisi yakalarken Galatasaray kar\u015f\u0131s\u0131nda bu seriyi 17 ma\u00e7a \u00e7\u0131karmak istiyor. Fraport TAV Antalyaspor, 16 ma\u00e7ta 10 galibiyet ve 6 beraberlik elde etti. \u0130\u00e7 saha ma\u00e7lar\u0131nda da rakiplerine \u015fans tan\u0131mayan Akdeniz ekibi 13 ma\u00e7 yenilgi y\u00fcz\u00fc g\u00f6rmezken 8 galibiyet ve 5 beraberlik ile sahadan ayr\u0131ld\u0131.<\/p>\n<p><b>5 OYUNCU \u0130LK KEZ FORMA G\u0130YECEK<\/b><\/p>\n<p>Fraport TAV Antalyaspor\u2019da 5 oyuncu futbol sorumlusu Nuri \u015eahin\u2019in g\u00f6rev vermesi halinde ilk kez tak\u0131m\u0131 ad\u0131na forma terletecek. K\u0131rm\u0131z\u0131 beyazl\u0131larda sezon ba\u015f\u0131nda \u0130stanbulspor\u2019dan transfer edilen kaleci Alperen Uysal, Alman ekibi Werder Bremen\u2019den tak\u0131ma dahil olan defans oyuncusu \u00d6mer Toprak, G\u00f6ztepe\u2019den ayr\u0131larak tak\u0131ma gelen Soner Aydo\u011fdu\u2019nun yan\u0131 s\u0131ra Sam Larsson ve Cemali Sertel g\u00f6rev verilmesi halinde Antalyaspor formas\u0131n\u0131 ilk kez giyecek.<\/p>\n<p><b>5,5 YIL SONRA HASAN SUBA\u015eI\u2019NDA ANTRENMAN<\/b><\/p>\n<p>Fraport TAV Antalyaspor, 5,5 y\u0131l \u00f6nce D\u00f6\u015femealt\u0131\u2019nda yap\u0131lan Atilla Vehbi Konuk Tesisleri\u2019ne ta\u015f\u0131n\u0131rken, Galatasaray ma\u00e7\u0131 \u00f6ncesi Hasan Suba\u015f\u0131 Tesisleri\u2019nde antrenman ger\u00e7ekle\u015ftirdi. \u0130lk 15 dakikas\u0131 a\u00e7\u0131k olan antrenman\u0131 taraftarlar da izledi. Antalyaspor taraftarlar\u0131 alk\u0131\u015flar ve me\u015faleler yakarak sezon \u00f6ncesi tak\u0131ma moral verdi.<\/p>\n<p>Fraport TAV Antalyaspor ile Galatasaray aras\u0131nda Pazar g\u00fcn\u00fc saat 21.45\u2019de Corendon Airlines Park Antalya\u2019da oynanacak Spor Toto S\u00fcper Lig\u2019in ilk hafta ma\u00e7\u0131nda Atilla Karao\u011flan d\u00fcd\u00fck \u00e7alacak. Karao\u011flan\u2019\u0131n yard\u0131mc\u0131l\u0131klar\u0131n\u0131 ise Mustafa Emre Eyisoy ve \u0130brahim \u00c7a\u011flar Uyarcan yapacak.<\/p>\n","protected":false},"excerpt":{"rendered":"<p>Spor Toto S\u00fcper Lig&#8217;in ilk haftas\u0131nda sahas\u0131nda Galatasaray&#8217;\u0131 a\u011f\u0131rlayacak Fraport TAV Antalyaspor, 7 y\u0131ld\u0131r sahas\u0131nda galibiyet alamad\u0131\u011f\u0131 &#8230;<\/p>\n","protected":false},"author":1,"featured_media":19695,"comment_status":"closed","ping_status":"open","sticky":false,"template":"","format":"standard","meta":{"footnotes":""},"categories":[31],"tags":[4852,859,4661,2990,201],"class_list":["post-19694","post","type-post","status-publish","format-standard","has-post-thumbnail","hentry","category-spor","tag-fraport-tav-antalyaspor","tag-galatasaray","tag-galibiyet","tag-saha","tag-sezon"],"_links":{"self":[{"href":"https:\/\/haberulus.net\/index.php?rest_route=\/wp\/v2\/posts\/19694","targetHints":{"allow":["GET"]}}],"collection":[{"href":"https:\/\/haberulus.net\/index.php?rest_route=\/wp\/v2\/posts"}],"about":[{"href":"https:\/\/haberulus.net\/index.php?rest_route=\/wp\/v2\/types\/post"}],"author":[{"embeddable":true,"href":"https:\/\/haberulus.net\/index.php?rest_route=\/wp\/v2\/users\/1"}],"replies":[{"embeddable":true,"href":"https:\/\/haberulus.net\/index.php?rest_route=%2Fwp%2Fv2%2Fcomments&post=19694"}],"version-history":[{"count":1,"href":"https:\/\/haberulus.net\/index.php?rest_route=\/wp\/v2\/posts\/19694\/revisions"}],"predecessor-version":[{"id":19696,"href":"https:\/\/haberulus.net\/index.php?rest_route=\/wp\/v2\/posts\/19694\/revisions\/19696"}],"wp:featuredmedia":[{"embeddable":true,"href":"https:\/\/haberulus.net\/index.php?rest_route=\/wp\/v2\/media\/19695"}],"wp:attachment":[{"href":"https:\/\/haberulus.net\/index.php?rest_route=%2Fwp%2Fv2%2Fmedia&parent=19694"}],"wp:term":[{"taxonomy":"category","embeddable":true,"href":"https:\/\/haberulus.net\/index.php?rest_route=%2Fwp%2Fv2%2Fcategories&post=19694"},{"taxonomy":"post_tag","embeddable":true,"href":"https:\/\/haberulus.net\/index.php?rest_route=%2Fwp%2Fv2%2Ftags&post=19694"}],"curies":[{"name":"wp","href":"https:\/\/api.w.org\/{rel}","templated":true}]}}