{"id":19730,"date":"2022-08-08T13:32:04","date_gmt":"2022-08-08T13:32:04","guid":{"rendered":"https:\/\/haberulus.net\/?p=19730"},"modified":"2022-08-08T13:32:04","modified_gmt":"2022-08-08T13:32:04","slug":"yas-meyve-ve-sebze-ihracatcisi-gunlerdir-kapikule-sinir-kapisinda-bekliyor","status":"publish","type":"post","link":"https:\/\/haberulus.net\/?p=19730","title":{"rendered":"Ya\u015f meyve ve sebze ihracat\u00e7\u0131s\u0131 g\u00fcnlerdir Kap\u0131kule S\u0131n\u0131r Kap\u0131s\u0131\u2019nda bekliyor"},"content":{"rendered":"<p><b>Bulgaristan&#8217;daki laboratuvar\u0131n kapal\u0131 olmas\u0131 nedeniyle, ya\u015f sebze-meyve ta\u015f\u0131yan T\u00fcrk TIR\u2019lar\u0131n\u0131n Kap\u0131kule S\u0131n\u0131r Kap\u0131s\u0131&#8217;nda bekletilmesine tepki g\u00f6steren \u0130Y\u0130 Parti Antalya Milletvekili Feridun Bah\u015fi, \u201c\u0130hra\u00e7 edilecek ya\u015f sebze ve meyveler \u00e7\u00fcr\u00fcme riskiyle kar\u015f\u0131 kar\u015f\u0131ya\u201d dedi. <\/b><\/p>\n<p>\u0130Y\u0130 Parti Antalya Milletvekili Feridun Bah\u015fi, T\u00fcrkiye&#8217;den Avrupa&#8217;ya ihra\u00e7 edilen ya\u015f meyve ve sebzelerin Bulgaristan s\u0131n\u0131r kap\u0131s\u0131nda evrak, kalite ve analiz kontrollerindeki gecikmelere tepki g\u00f6sterdi.<\/p>\n<p>Bah\u015fi, \u201cT\u00fcrkiye&#8217;nin Avrupa&#8217;ya a\u00e7\u0131lan en \u00f6nemli s\u0131n\u0131r kap\u0131s\u0131 olan Kap\u0131kule&#8217;den ge\u00e7i\u015fte, Bulgaristan taraf\u0131nda g\u0131da ve benzeri baz\u0131 \u00fcr\u00fcnlerin analizlerinin yap\u0131ld\u0131\u011f\u0131 laboratuvar\u0131n kapat\u0131larak analiz i\u00e7in mallar\u0131n s\u0131n\u0131ra 350 kilometre uzakl\u0131ktaki Sofya&#8217;ya g\u00f6nderilmesi nedeniyle nakliyeci esnaf\u0131 4-5 g\u00fcn s\u0131n\u0131r kap\u0131s\u0131nda beklemek zorunda kald\u0131\u201d dedi.<\/p>\n<p>\u201cBu y\u00fczden ihra\u00e7 edilecek ya\u015f sebze ve meyveler \u00e7\u00fcr\u00fcme riskiyle kar\u015f\u0131 kar\u015f\u0131yad\u0131r\u201d diyen Bah\u015fi, \u201cGirdi maliyetlerinin bu kadar y\u00fcksek oldu\u011fu bu \u015fartlarda bir de ihracat\u00e7\u0131n\u0131n b\u00f6yle sorunlarla kar\u015f\u0131 kar\u015f\u0131ya kalmas\u0131 zaten zor durumda olan \u00fcreticiyi \u00fcretemez hale getirmektedir\u201d diye konu\u015ftu.<\/p>\n<p><b>\u2018B\u0130R G\u0130R\u0130\u015e\u0130MDE BULUNACAK MISINIZ?\u2019<\/b><\/p>\n<p>Konuyu Meclis g\u00fcndemine ta\u015f\u0131y\u0131p Ticaret Bakan\u0131 Mehmet Mu\u015f taraf\u0131ndan cevaplanmas\u0131 istemiyle soru \u00f6nergesi sunan Bah\u015fi, \u015fu sorulara cevap arad\u0131:<\/p>\n<p>-Ya\u015fanan sorunun a\u015f\u0131lmas\u0131, ma\u011fduriyetlerin giderilmesi i\u00e7in Bulgaristan makamlar\u0131 nezdinde bir giri\u015fiminde bulunacak m\u0131s\u0131n\u0131z?<\/p>\n<p>-\u0130hracat\u00e7\u0131n\u0131n \u00f6n\u00fcn\u00fc a\u00e7arak \u00fcreticimizin g\u00fc\u00e7lenmesi i\u00e7in bir \u00e7al\u0131\u015fman\u0131z var m\u0131d\u0131r?<\/p>\n","protected":false},"excerpt":{"rendered":"<p>Bulgaristan&#8217;daki laboratuvar\u0131n kapal\u0131 olmas\u0131 nedeniyle, ya\u015f sebze-meyve ta\u015f\u0131yan T\u00fcrk TIR\u2019lar\u0131n\u0131n Kap\u0131kule S\u0131n\u0131r Kap\u0131s\u0131&#8217;nda bekletilmesine tepki &#8230;<\/p>\n","protected":false},"author":1,"featured_media":19731,"comment_status":"closed","ping_status":"open","sticky":false,"template":"","format":"standard","meta":{"footnotes":""},"categories":[25],"tags":[4858,1754,556],"class_list":["post-19730","post","type-post","status-publish","format-standard","has-post-thumbnail","hentry","category-ekonomi","tag-bahsi","tag-sinir","tag-yas"],"_links":{"self":[{"href":"https:\/\/haberulus.net\/index.php?rest_route=\/wp\/v2\/posts\/19730","targetHints":{"allow":["GET"]}}],"collection":[{"href":"https:\/\/haberulus.net\/index.php?rest_route=\/wp\/v2\/posts"}],"about":[{"href":"https:\/\/haberulus.net\/index.php?rest_route=\/wp\/v2\/types\/post"}],"author":[{"embeddable":true,"href":"https:\/\/haberulus.net\/index.php?rest_route=\/wp\/v2\/users\/1"}],"replies":[{"embeddable":true,"href":"https:\/\/haberulus.net\/index.php?rest_route=%2Fwp%2Fv2%2Fcomments&post=19730"}],"version-history":[{"count":1,"href":"https:\/\/haberulus.net\/index.php?rest_route=\/wp\/v2\/posts\/19730\/revisions"}],"predecessor-version":[{"id":19732,"href":"https:\/\/haberulus.net\/index.php?rest_route=\/wp\/v2\/posts\/19730\/revisions\/19732"}],"wp:featuredmedia":[{"embeddable":true,"href":"https:\/\/haberulus.net\/index.php?rest_route=\/wp\/v2\/media\/19731"}],"wp:attachment":[{"href":"https:\/\/haberulus.net\/index.php?rest_route=%2Fwp%2Fv2%2Fmedia&parent=19730"}],"wp:term":[{"taxonomy":"category","embeddable":true,"href":"https:\/\/haberulus.net\/index.php?rest_route=%2Fwp%2Fv2%2Fcategories&post=19730"},{"taxonomy":"post_tag","embeddable":true,"href":"https:\/\/haberulus.net\/index.php?rest_route=%2Fwp%2Fv2%2Ftags&post=19730"}],"curies":[{"name":"wp","href":"https:\/\/api.w.org\/{rel}","templated":true}]}}