{"id":20169,"date":"2022-08-08T13:48:04","date_gmt":"2022-08-08T13:48:04","guid":{"rendered":"https:\/\/haberulus.net\/?p=20169"},"modified":"2022-08-08T13:48:04","modified_gmt":"2022-08-08T13:48:04","slug":"elon-musktan-babasi-errol-muska-konusma-yasagi","status":"publish","type":"post","link":"https:\/\/haberulus.net\/?p=20169","title":{"rendered":"Elon Musk\u2019tan babas\u0131 Errol Musk\u2019a konu\u015fma yasa\u011f\u0131"},"content":{"rendered":"<p><b>Errol Musk, son zamanlarda yapt\u0131\u011f\u0131 a\u00e7\u0131klamalarla bas\u0131n\u0131n ilgisini \u00e7ekerken o\u011flu Elon Musk&#8217;tan ambargo yedi. Tesla ve SpaceX CEO&#8217;su, 76 ya\u015f\u0131ndaki babas\u0131 Errol Musk bir r\u00f6portajda, kendisiyle gurur duymad\u0131\u011f\u0131n\u0131 s\u00f6yledikten sonra bir k\u0131sa mesajda sessiz kalmas\u0131n\u0131 s\u00f6yledi. Ancak baba Musk bu uyar\u0131y\u0131 pek de dinlemi\u015f g\u00f6r\u00fcnm\u00fcyor.<\/b><\/p>\n<p>Errol Musk, ge\u00e7ti\u011fimiz haftalarda \u00f6nce \u00fcvey k\u0131z\u0131ndan iki \u00e7ocu\u011fu oldu\u011funu a\u00e7\u0131klayarak g\u00fcndeme gelmi\u015f, ard\u0131ndan da verdi\u011fi r\u00f6portajlarda o\u011flu Elon Musk ile ilgili s\u00f6zleriyle dikkat \u00e7ekmi\u015fti.<\/p>\n<p>Errol Musk, \u00fcvey k\u0131z\u0131ndan \u00e7ocuklar\u0131 olmas\u0131n\u0131n son derece normal oldu\u011funu, insanlar\u0131n amac\u0131n\u0131n \u00fcremek oldu\u011funu belirtirken spermleri i\u00e7in de \u00e7e\u015fitli sperm bankas\u0131 \u015firketlerinin talip oldu\u011funu s\u00f6ylemi\u015fti. Baba Musk\u2019\u0131n bu a\u00e7\u0131klamalar\u0131n\u0131n yank\u0131lar\u0131 devam ederken bir ba\u015fka r\u00f6portajda da bu defa o\u011flu Elon Musk i\u00e7in ilgin\u00e7 a\u00e7\u0131klamalar yapm\u0131\u015ft\u0131.<\/p>\n<p><img decoding=\"async\" src=\"https:\/\/i01.sozcucdn.com\/wp-content\/uploads\/2022\/08\/07\/errol_musk.jpg\" alt=\"\" title=\"\"><\/p>\n<p>Errol Musk, o\u011fluyla gurur duymad\u0131\u011f\u0131n\u0131 hatta di\u011fer o\u011flunu \u00e7ok daha ba\u015far\u0131l\u0131 ve ne\u015feli buldu\u011funu belirtirken Elon Musk\u2019\u0131n kilosuyla ilgili de ele\u015ftiriler de bulunmu\u015ftu.<\/p>\n<p><b>\u201cARTIK L\u00dcTFEN SESS\u0130Z KAL\u201d<\/b><\/p>\n<p>Insider\u2019\u0131n haberine g\u00f6re bu a\u00e7\u0131klamalardan sonra Elon Musk, babas\u0131n\u0131n sessiz kalmas\u0131n\u0131 istedi\u011fi bir mesaj atm\u0131\u015f. Ancak Errol Musk pek de o\u011flunu dinleyecek gibi g\u00f6r\u00fcnm\u00fcyor.<\/p>\n<p>Daily Mail Australia ile yapt\u0131\u011f\u0131 yeni bir r\u00f6portajda Errol Musk, Elon\u2019la gurur duyup duymad\u0131\u011f\u0131 soruldu\u011funda \u201chay\u0131r\u201d yan\u0131t\u0131n\u0131 verdi\u011fini, \u00e7\u00fcnk\u00fc soruyu yanl\u0131\u015f anlad\u0131\u011f\u0131n\u0131 s\u00f6yledi. Gazeteye verdi\u011fi deme\u00e7te, \u201cAsl\u0131nda sorunun gururla ilgili oldu\u011funu fark etmedim. Daha sonra kayd\u0131 dinledi\u011fimde fark ettim\u201d dedi.<\/p>\n<p><img decoding=\"async\" src=\"https:\/\/i01.sozcucdn.com\/wp-content\/uploads\/2022\/08\/07\/g1_16_9_1658039303.jpg\" alt=\"\" title=\"\"><\/p>\n<p>Errol Musk, s\u00f6zlerine \u015fu \u015fekilde devam etti: \u201cHerhangi bir ebeveyne o\u011fullar\u0131 ile gurur duyup duymad\u0131klar\u0131n\u0131 sorarsan\u0131z, do\u011fduklar\u0131 g\u00fcnden itibaren onlarla gurur duydu\u011funu s\u00f6yler.\u201d<\/p>\n<p>Yine de Musk, \u00fc\u00e7 k\u0131z\u0131n\u0131n (Alexandra, Asha ve Tosca) Avustralya radyosuna yapt\u0131\u011f\u0131 yorumlardan sonra g\u00fcnlerce kendisiyle konu\u015fmad\u0131\u011f\u0131n\u0131 s\u00f6yledi.<\/p>\n<p>Errol Musk, verdi\u011fi yan\u0131tlara o\u011flunun tepkisiyle ilgili de \u201cElon bunun do\u011fru olmad\u0131\u011f\u0131n\u0131 biliyor, bu y\u00fczden asla \u00fcz\u00fclmez. Bu t\u00fcr \u015feylere sadece g\u00fcler\u201d dedi.<\/p>\n<p>Ayr\u0131ca Errol Musk, r\u00f6portajlardan sonra Elon Musk\u2019\u0131n kendisine bir mesaj g\u00f6nderdi\u011fini ve mesajda \u201cBaba bas\u0131n seninle oynuyor, bu y\u00fczden l\u00fctfen sessiz ol\u201d yazd\u0131\u011f\u0131n\u0131 da s\u00f6yledi.<\/p>\n","protected":false},"excerpt":{"rendered":"<p>Errol Musk, son zamanlarda yapt\u0131\u011f\u0131 a\u00e7\u0131klamalarla bas\u0131n\u0131n ilgisini \u00e7ekerken o\u011flu Elon Musk&#8217;tan ambargo yedi. Tesla ve SpaceX CEO&#8217;su, 76 ya\u015f\u0131ndaki &#8230;<\/p>\n","protected":false},"author":1,"featured_media":20170,"comment_status":"closed","ping_status":"open","sticky":false,"template":"","format":"standard","meta":{"footnotes":""},"categories":[29],"tags":[1145,3789,2553,4930,1173],"class_list":["post-20169","post","type-post","status-publish","format-standard","has-post-thumbnail","hentry","category-magazin","tag-baba","tag-elon-musk","tag-errol-musk","tag-gurur","tag-oglu"],"_links":{"self":[{"href":"https:\/\/haberulus.net\/index.php?rest_route=\/wp\/v2\/posts\/20169","targetHints":{"allow":["GET"]}}],"collection":[{"href":"https:\/\/haberulus.net\/index.php?rest_route=\/wp\/v2\/posts"}],"about":[{"href":"https:\/\/haberulus.net\/index.php?rest_route=\/wp\/v2\/types\/post"}],"author":[{"embeddable":true,"href":"https:\/\/haberulus.net\/index.php?rest_route=\/wp\/v2\/users\/1"}],"replies":[{"embeddable":true,"href":"https:\/\/haberulus.net\/index.php?rest_route=%2Fwp%2Fv2%2Fcomments&post=20169"}],"version-history":[{"count":1,"href":"https:\/\/haberulus.net\/index.php?rest_route=\/wp\/v2\/posts\/20169\/revisions"}],"predecessor-version":[{"id":20171,"href":"https:\/\/haberulus.net\/index.php?rest_route=\/wp\/v2\/posts\/20169\/revisions\/20171"}],"wp:featuredmedia":[{"embeddable":true,"href":"https:\/\/haberulus.net\/index.php?rest_route=\/wp\/v2\/media\/20170"}],"wp:attachment":[{"href":"https:\/\/haberulus.net\/index.php?rest_route=%2Fwp%2Fv2%2Fmedia&parent=20169"}],"wp:term":[{"taxonomy":"category","embeddable":true,"href":"https:\/\/haberulus.net\/index.php?rest_route=%2Fwp%2Fv2%2Fcategories&post=20169"},{"taxonomy":"post_tag","embeddable":true,"href":"https:\/\/haberulus.net\/index.php?rest_route=%2Fwp%2Fv2%2Ftags&post=20169"}],"curies":[{"name":"wp","href":"https:\/\/api.w.org\/{rel}","templated":true}]}}