{"id":20994,"date":"2022-08-08T21:09:04","date_gmt":"2022-08-08T21:09:04","guid":{"rendered":"https:\/\/haberulus.net\/?p=20994"},"modified":"2022-08-08T21:09:04","modified_gmt":"2022-08-08T21:09:04","slug":"iletisim-baskani-fahrettin-altun-kpss-ile-personel-alim-surecleri-yeni-takvime-gore-guncellenecek","status":"publish","type":"post","link":"https:\/\/haberulus.net\/?p=20994","title":{"rendered":"\u0130leti\u015fim Ba\u015fkan\u0131 Fahrettin Altun: KPSS ile personel al\u0131m s\u00fcre\u00e7leri yeni takvime g\u00f6re g\u00fcncellenecek"},"content":{"rendered":"<p> <strong>Kpss<\/strong>&#8216;de \u00e7\u0131kan baz\u0131 sorular\u0131n Yediiklim Yay\u0131nevi&#8217;ne ait deneme sorular\u0131yla ayn\u0131 \u00e7\u0131kmas\u0131 b\u00fcy\u00fck ses getirdi. Cumhurba\u015fkan\u0131 Erdo\u011fan&#8217;\u0131n talimat\u0131yla inceleme ba\u015flatan Devlet Denetleme Kurulu, konu hakk\u0131nda Ankara Cumhuriyet Ba\u015fsavc\u0131l\u0131\u011f\u0131&#8217;na su\u00e7 duyurusunda bulundu. Bunun \u00fczerine harekete ge\u00e7en Emniyet, s\u00f6z konusu yay\u0131nevine operasyon d\u00fczenleyerek 2 adreste arama yapt\u0131. Skandal olay sonras\u0131 Halis Ayg\u00fcn, \u00d6SYM Ba\u015fkanl\u0131\u011f\u0131&#8217;ndan al\u0131narak yerine Bayram Ali Ersoy atand\u0131. <\/p>\n<p><b>KPSS SINAVI \u0130PTAL ED\u0130LD\u0130<\/b><\/p>\n<p> <strong>Kpss<\/strong> s\u0131nav\u0131n\u0131n iptal edildi\u011fini duyuran Yeni \u00d6SYM Ba\u015fkan\u0131 Bayram Ali Ersoy, &#8220;\u0130lk inceleme sonu\u00e7lar\u0131na g\u00f6re s\u0131navdaki sorular\u0131n, bir yay\u0131nevinin sorular\u0131yla benzerlik g\u00f6sterdi\u011fi tespit edildi. 6-7 A\u011fustos ve 14 A\u011fustos&#8217;ta yap\u0131lacak KPSS oturumlar\u0131 da ertelenmi\u015ftir. S\u0131navlara ili\u015fkin yeni takvim en k\u0131sa s\u00fcrede a\u00e7\u0131klanacak&#8221; dedi.<\/p>\n<p><b>PERSONEL ALIMI NE ZAMAN YAPILACAK?<\/b><\/p>\n<p>S\u0131nav\u0131n iptal edilmesiyle herkes KPSS ile personel al\u0131m\u0131n\u0131n ne zaman yap\u0131laca\u011f\u0131n\u0131 merak ederken \u0130leti\u015fim Ba\u015fkan\u0131 Fahrettin Altun&#8217;dan a\u00e7\u0131klama geldi. <\/p>\n<p><b>YEN\u0130 SINAVIN ARDINDAN KONTENJAN \u015eARTLARI DUYURULACAK<\/b><\/p>\n<p>Altun, Twitter hesab\u0131ndan yapt\u0131\u011f\u0131 a\u00e7\u0131klamada, &#8220;2022-KPSS kapsam\u0131nda 31 Temmuz&#8217;da yap\u0131lan oturumlar\u0131n iptal edilmesi, 6-7 ve 14 A\u011fustos&#8217;ta yap\u0131lacak oturumlar\u0131n da ertelenmesi nedeniyle, kamu kurumlar\u0131m\u0131z\u0131n KPSS ile personel al\u0131m s\u00fcre\u00e7leri yeni KPSS takvimine g\u00f6re g\u00fcncellenecektir. KPSS ile al\u0131m yapmay\u0131 planlayan kamu kurumlar\u0131m\u0131z, kontenjan ve \u015fartlar\u0131n\u0131 17 Eyl\u00fcl&#8217;de ba\u015flayacak KPSS takvimindeki s\u0131navlar\u0131n ger\u00e7ekle\u015fmesi ve sonu\u00e7lar\u0131n a\u00e7\u0131klanmas\u0131n\u0131n ard\u0131ndan ayr\u0131ca duyuracakt\u0131r&#8221; ifadelerini kaydetti.<\/p>\n<p><img decoding=\"async\" src=\"https:\/\/i.hbrcdn.com\/haber\/2022\/08\/04\/altun-kamu-kurumlarimizin-personel-alimlari-k-15141292_o.jpg\" alt=\"\" title=\"\"><\/p>\n<p><img decoding=\"async\" src=\"https:\/\/i.hbrcdn.com\/haber\/2022\/08\/04\/altun-kamu-kurumlarimizin-personel-alimlari-k-2-15141292_o.jpg\" alt=\"\" title=\"\"><\/p>\n<div>Demir\u00f6ren Haber Ajans\u0131 \/  Ferhat Ekinci &#8211;  Politika <\/div>\n","protected":false},"excerpt":{"rendered":"<p>Kpss&#8217;de \u00e7\u0131kan baz\u0131 sorular\u0131n Yediiklim Yay\u0131nevi&#8217;ne ait deneme sorular\u0131yla ayn\u0131 \u00e7\u0131kmas\u0131 b\u00fcy\u00fck ses getirdi. Cumhurba\u015fkan\u0131 Erdo\u011fan&#8217;\u0131n talimat\u0131yla &#8230;<\/p>\n","protected":false},"author":1,"featured_media":20995,"comment_status":"closed","ping_status":"open","sticky":false,"template":"","format":"standard","meta":{"footnotes":""},"categories":[28],"tags":[4573],"class_list":["post-20994","post","type-post","status-publish","format-standard","has-post-thumbnail","hentry","category-politika","tag-kpss"],"_links":{"self":[{"href":"https:\/\/haberulus.net\/index.php?rest_route=\/wp\/v2\/posts\/20994","targetHints":{"allow":["GET"]}}],"collection":[{"href":"https:\/\/haberulus.net\/index.php?rest_route=\/wp\/v2\/posts"}],"about":[{"href":"https:\/\/haberulus.net\/index.php?rest_route=\/wp\/v2\/types\/post"}],"author":[{"embeddable":true,"href":"https:\/\/haberulus.net\/index.php?rest_route=\/wp\/v2\/users\/1"}],"replies":[{"embeddable":true,"href":"https:\/\/haberulus.net\/index.php?rest_route=%2Fwp%2Fv2%2Fcomments&post=20994"}],"version-history":[{"count":1,"href":"https:\/\/haberulus.net\/index.php?rest_route=\/wp\/v2\/posts\/20994\/revisions"}],"predecessor-version":[{"id":20996,"href":"https:\/\/haberulus.net\/index.php?rest_route=\/wp\/v2\/posts\/20994\/revisions\/20996"}],"wp:featuredmedia":[{"embeddable":true,"href":"https:\/\/haberulus.net\/index.php?rest_route=\/wp\/v2\/media\/20995"}],"wp:attachment":[{"href":"https:\/\/haberulus.net\/index.php?rest_route=%2Fwp%2Fv2%2Fmedia&parent=20994"}],"wp:term":[{"taxonomy":"category","embeddable":true,"href":"https:\/\/haberulus.net\/index.php?rest_route=%2Fwp%2Fv2%2Fcategories&post=20994"},{"taxonomy":"post_tag","embeddable":true,"href":"https:\/\/haberulus.net\/index.php?rest_route=%2Fwp%2Fv2%2Ftags&post=20994"}],"curies":[{"name":"wp","href":"https:\/\/api.w.org\/{rel}","templated":true}]}}