{"id":20997,"date":"2022-08-08T21:09:04","date_gmt":"2022-08-08T21:09:04","guid":{"rendered":"https:\/\/haberulus.net\/?p=20997"},"modified":"2022-08-08T21:09:04","modified_gmt":"2022-08-08T21:09:04","slug":"bahceliden-kpss-skandaliyla-ilgili-ilk-yorum-20-soruya-kimlerin-dogru-cevap-verdigi-tespit-edilmeli","status":"publish","type":"post","link":"https:\/\/haberulus.net\/?p=20997","title":{"rendered":"Bah\u00e7eli&#8217;den KPSS skandal\u0131yla ilgili ilk yorum: 20 soruya kimlerin do\u011fru cevap verdi\u011fi tespit edilmeli"},"content":{"rendered":"<p>MHP Genel Ba\u015fkan\u0131 Devlet Bah\u00e7eli, sosyal medya hesab\u0131ndan, &#8220;cemevi sald\u0131r\u0131s\u0131&#8221; ve &#8221;  <strong>Kpss<\/strong>&#8216;ye y\u00f6nelik iddialar&#8221; hakk\u0131nda a\u00e7\u0131klama yapt\u0131. T\u00fcrkiye&#8217;nin b\u00f6lgesel liderlik pozisyonunu tahkim ve takviye ettik\u00e7e, k\u00fcresel akt\u00f6rl\u00fck mevkisinde sivrilip ad\u0131ndan ve m\u00fcessir ad\u0131mlar\u0131ndan bahsettirdik\u00e7e karanl\u0131k odaklar\u0131n, kaotik olu\u015fumlar\u0131n, karga\u015faya bel ba\u011flam\u0131\u015f onursuzlar\u0131n an\u0131nda kar\u015f\u0131 harekete ge\u00e7ti\u011fini iddia eden Bah\u00e7eli, bu kapsamda belirginle\u015fen sebep-sonu\u00e7 zincirinin halkalar\u0131n\u0131n berrak bir \u015fekilde ortada oldu\u011funu belirtti.<\/p>\n<p><b>&#8220;T\u00dcRK\u0130YE&#8217;N\u0130N ATA\u011eA KALMASINI HAZMEDEMED\u0130LER&#8221;<\/b><\/p>\n<p>Her m\u00fcstesna ilerleyi\u015fin gecikmeden menfur ve menhus bir tertiple bask\u0131 alt\u0131na al\u0131nmaya, \u00fczerinin karalanmaya \u00e7al\u0131\u015f\u0131ld\u0131\u011f\u0131n\u0131 kaydeden Bah\u00e7eli, ne zaman T\u00fcrkiye ata\u011fa ve aya\u011fa kalksa, bunu hazmedemeyen \u00e7evrelerin farkl\u0131 bir alanda kriz \u00fcretip toplumsal hassasiyetleri ka\u015f\u0131yarak devlet-millet dayan\u0131\u015fmas\u0131n\u0131 zedeleme aray\u0131\u015f\u0131na girdi\u011fini ifade etti.<\/p>\n<p><b>&#8220;T\u00dcRK\u0130YE SABOTAJLARA MARUZ KALDI&#8221;<\/b><\/p>\n<p>Parlak geli\u015fmeleri e\u015f zamanl\u0131 takip eden m\u00fcessif ve m\u00fcnasebetsiz olaylar\u0131n i\u00e7 y\u00fcz\u00fcne \u0131\u015f\u0131klar sal\u0131nd\u0131\u011f\u0131nda ortaya d\u00f6k\u00fclen hi\u00e7bir sorunun zamanlama a\u00e7\u0131s\u0131ndan tesad\u00fcfi olmad\u0131\u011f\u0131n\u0131n anla\u015f\u0131laca\u011f\u0131n\u0131 belirten Bah\u00e7eli, \u015f\u00f6yle devam etti: <\/p>\n<p>&#8220;T\u00fcrkiye&#8217;nin \u00f6n\u00fcn\u00fc kesmek i\u00e7in kuyru\u011fa girenlerin ayn\u0131 zamanda bar\u0131\u015f, huzur ve istikrar vasat\u0131n\u0131 \u00e7\u00f6kertmek i\u00e7in f\u0131rsat kollayan, hava koklayan, zemin yoklayan i\u00e7 ve d\u0131\u015f mihraklardan te\u015fekk\u00fcl eden bir y\u0131k\u0131m lobisi halinde devreye girdikleri son derece a\u00e7\u0131kt\u0131r. \u00d6zellikle son aylarda b\u00f6lgesel ve k\u00fcresel sorun ba\u015fl\u0131klar\u0131na pozitif ve yap\u0131c\u0131 \u015fekilde m\u00fcdahalede bulunan, daha \u00f6nemlisi s\u00f6z\u00fc dinlenen ve etkili sonu\u00e7lar alan T\u00fcrkiye&#8217;nin birbirine eklemlenmi\u015f, kurgusu ve kumandas\u0131 kuyumcu titizli\u011fiyle yap\u0131lm\u0131\u015f sabotajlara maruz kalmas\u0131 dikkatli hi\u00e7bir g\u00f6zden ka\u00e7mam\u0131\u015ft\u0131r.&#8221;<\/p>\n<p><b>&#8220;CEMEV\u0130 SALDIRILARI GEL\u0130\u015e\u0130G\u00dcZEL B\u0130R F\u0130\u0130L DE\u011e\u0130L&#8221;<\/b><\/p>\n<p>Ankara&#8217;da T\u00fcrkmen-Alevi Bekta\u015fi Vakf\u0131, \u015eah-\u0131 Merdan K\u00fclt\u00fcr Evleri Yapt\u0131rma ve Ya\u015fatma Derne\u011fi ile Ana Fatma Cemevi&#8217;ne yap\u0131lan al\u00e7ak sald\u0131r\u0131lar\u0131n T\u00fcrkiye&#8217;nin hayat damarlar\u0131na ne\u015fter vurma \u00e7abas\u0131ndan ba\u015fka bir \u015fey olmad\u0131\u011f\u0131n\u0131 vurgulayan Bah\u00e7eli, \u015f\u00f6yle devam etti: &#8220;Cemevine ve Alevi \u0130slam inanc\u0131na sahip karde\u015flerimize yap\u0131lan hain ve hasmane eylemler belli merkezlerden provoke edilen T\u00fcrk, T\u00fcrkiye ve \u0130slam d\u00fc\u015fmanl\u0131\u011f\u0131d\u0131r. \u0130\u00e7inden ge\u00e7ti\u011fimiz zaman diliminin t\u00fcm iyimser ve m\u00fcspet ortam\u0131 dikkate al\u0131nd\u0131\u011f\u0131nda cemevi sald\u0131rganl\u0131\u011f\u0131n\u0131n bir meczubun, mendebur bir su\u00e7lunun geli\u015fig\u00fczel bir fiili olmayaca\u011f\u0131 bariz olarak g\u00f6r\u00fclecektir. Ajanlar\u0131n\u0131n tasmas\u0131n\u0131 \u00e7\u0131kar\u0131p \u00fczerimize salanlarla \u00e7etin bir hesapla\u015fma milli ve manevi bir sorumluluk olarak omuzlar\u0131m\u0131zdad\u0131r.&#8221;<\/p>\n<p><b>20 SORUYA K\u0130MLER DO\u011eRU CEVAP VERD\u0130, TESP\u0130T ED\u0130LMEL\u0130<\/b><\/p>\n<p>Ge\u00e7en hafta sonu yap\u0131lan  <strong>Kpss<\/strong>&#8216;yle ilgili iddiaya de\u011finen Bah\u00e7eli, &#8220;Adli ve idari tasarruflarla meselenin \u00fczerine gidilmesi elbette yerindedir, ama yeterli de\u011fildir.&#8221; ifadesini kulland\u0131. MHP&#8217;nin T\u00fcrkiye&#8217;yi hedef alan ku\u015fkulu olaylarla ilgili g\u00f6r\u00fc\u015f ve \u00f6nerilerinin belli, berrak ve tutarl\u0131 oldu\u011funu belirten Bah\u00e7eli, a\u00e7\u0131klamas\u0131nda \u015fu ifadelere yer verdi: &#8220;Cemevi sald\u0131r\u0131s\u0131yla KPSS skandal\u0131n\u0131n \u00e7ok y\u00f6nl\u00fc ara\u015ft\u0131r\u0131lmas\u0131n\u0131n yan\u0131nda, Zeytinburnu Bal\u0131kl\u0131 Rum Hastanesi&#8217;nde \u00e7\u0131kan yang\u0131n\u0131n kundaklama olup olmad\u0131\u011f\u0131 mutlak surette a\u00e7\u0131kl\u0131\u011fa kavu\u015fturulmal\u0131d\u0131r. KPSS&#8217;de \u00e7\u0131kan ve bir yay\u0131nevinin test kitap\u00e7\u0131\u011f\u0131nda soruldu\u011fu anla\u015f\u0131lan 20 soruya kimlerin tam ve eksiksiz do\u011fru cevap verdi\u011fi tespit edilmeli, bu \u015fah\u0131slarla ilgili inceleme de acilen yap\u0131lmal\u0131d\u0131r. \u015eayet ilgili yay\u0131neviyle bahse konu sorular\u0131n hepsine do\u011fru cevaplar verenler aras\u0131nda makul ba\u011f ve ba\u011flant\u0131 bulunursa, bunlar\u0131n alay\u0131 birden isim isim afi\u015fe edilmeli, en a\u011f\u0131r cezaya \u00e7arpt\u0131r\u0131lmal\u0131d\u0131r. Hi\u00e7bir evlad\u0131m\u0131z\u0131n haklar\u0131n\u0131n gasp\u0131na sessiz durmayaca\u011f\u0131m\u0131z, emeklerinin ve \u00fcmitlerinin heba edilmesine seyirci kalmayaca\u011f\u0131m\u0131z \u00e7ok iyi bilinmelidir.&#8221;<\/p>\n<p><b>&#8220;AKLINA BA\u015eINA ALMASI B\u0130LHASSA \u0130KAZIMDIR&#8221;<\/b><\/p>\n<p><b>&#8220;KPSS \u0130PTAL\u0130 ZORUNLU TERC\u0130H OLARAK ELE ALINDI&#8221;<\/b><\/p>\n<p>KPSS s\u0131nav\u0131n\u0131n iptali ve yeniden yap\u0131lmas\u0131 zorunlu bir tercih olarak ele al\u0131nm\u0131\u015f olsa bile, bu tedbirin getirece\u011fi baz\u0131 a\u00e7mazlarla muhatap kal\u0131naca\u011f\u0131 da unutulmamal\u0131d\u0131r. T\u00fcrkiye kararl\u0131 ve kahramanca y\u00fcr\u00fcy\u00fc\u015f\u00fcnden vazge\u00e7meyecektir. Cumhur \u0130ttifak\u0131&#8217;n\u0131 su\u00e7lama ve su\u00e7lu g\u00f6sterme ay\u0131b\u0131na ortak olanlar ahlaks\u0131zl\u0131\u011f\u0131n k\u00f6\u015fe ta\u015flar\u0131d\u0131r ve bedelini \u00f6deyeceklerdir. Aziz milletimizin huzuruyla ve umuduyla oynama c\u00fcretinde olanlar ise muhakkak surette pi\u015fman edilecektir.&#8221;<\/p>\n<div>AA \/  Esin I\u015f\u0131k &#8211;  Politika <\/div>\n","protected":false},"excerpt":{"rendered":"<p>MHP Genel Ba\u015fkan\u0131 Devlet Bah\u00e7eli, sosyal medya hesab\u0131ndan, &#8220;cemevi sald\u0131r\u0131s\u0131&#8221; ve &#8221; Kpss&#8217;ye y\u00f6nelik iddialar&#8221; hakk\u0131nda a\u00e7\u0131klama yapt\u0131. T\u00fcrkiye &#8230;<\/p>\n","protected":false},"author":1,"featured_media":20998,"comment_status":"closed","ping_status":"open","sticky":false,"template":"","format":"standard","meta":{"footnotes":""},"categories":[28],"tags":[1606,1218,4370,4573,15],"class_list":["post-20997","post","type-post","status-publish","format-standard","has-post-thumbnail","hentry","category-politika","tag-bahceli","tag-bel","tag-cemevi","tag-kpss","tag-turkiye"],"_links":{"self":[{"href":"https:\/\/haberulus.net\/index.php?rest_route=\/wp\/v2\/posts\/20997","targetHints":{"allow":["GET"]}}],"collection":[{"href":"https:\/\/haberulus.net\/index.php?rest_route=\/wp\/v2\/posts"}],"about":[{"href":"https:\/\/haberulus.net\/index.php?rest_route=\/wp\/v2\/types\/post"}],"author":[{"embeddable":true,"href":"https:\/\/haberulus.net\/index.php?rest_route=\/wp\/v2\/users\/1"}],"replies":[{"embeddable":true,"href":"https:\/\/haberulus.net\/index.php?rest_route=%2Fwp%2Fv2%2Fcomments&post=20997"}],"version-history":[{"count":1,"href":"https:\/\/haberulus.net\/index.php?rest_route=\/wp\/v2\/posts\/20997\/revisions"}],"predecessor-version":[{"id":20999,"href":"https:\/\/haberulus.net\/index.php?rest_route=\/wp\/v2\/posts\/20997\/revisions\/20999"}],"wp:featuredmedia":[{"embeddable":true,"href":"https:\/\/haberulus.net\/index.php?rest_route=\/wp\/v2\/media\/20998"}],"wp:attachment":[{"href":"https:\/\/haberulus.net\/index.php?rest_route=%2Fwp%2Fv2%2Fmedia&parent=20997"}],"wp:term":[{"taxonomy":"category","embeddable":true,"href":"https:\/\/haberulus.net\/index.php?rest_route=%2Fwp%2Fv2%2Fcategories&post=20997"},{"taxonomy":"post_tag","embeddable":true,"href":"https:\/\/haberulus.net\/index.php?rest_route=%2Fwp%2Fv2%2Ftags&post=20997"}],"curies":[{"name":"wp","href":"https:\/\/api.w.org\/{rel}","templated":true}]}}