{"id":21000,"date":"2022-08-08T21:09:05","date_gmt":"2022-08-08T21:09:05","guid":{"rendered":"https:\/\/haberulus.net\/?p=21000"},"modified":"2022-08-08T21:09:05","modified_gmt":"2022-08-08T21:09:05","slug":"iletisim-baskani-fahrettin-altun-kpss-gecerlilik-suresi-son-2-yilin-sonuclarini-kapsayacak","status":"publish","type":"post","link":"https:\/\/haberulus.net\/?p=21000","title":{"rendered":"\u0130leti\u015fim Ba\u015fkan\u0131 Fahrettin Altun: KPSS ge\u00e7erlilik s\u00fcresi son 2 y\u0131l\u0131n sonu\u00e7lar\u0131n\u0131 kapsayacak"},"content":{"rendered":"<p> <strong>Kpss<\/strong>&#8216;deki baz\u0131 sorular\u0131n Yediiklim Yay\u0131nevi&#8217;nin deneme sorular\u0131yla ayn\u0131 \u00e7\u0131kmas\u0131n\u0131n ard\u0131ndan 1 milyon 600 bin gencin girdi\u011fi s\u0131nav iptal edildi. S\u00f6z konusu olayla ilgili Emniyet operasyon ba\u015flat\u0131rken, \u00d6SYM Ba\u015fkan\u0131 Halis Ayg\u00fcn g\u00f6revden al\u0131nd\u0131 yerine ise Bayram Ali Ersoy atand\u0131. <\/p>\n<p><b>PERSONEL ALIMI NE ZAMAN YAPILACAK?<\/b><\/p>\n<p>S\u0131nav\u0131n iptal edilmesiyle herkes KPSS ile personel al\u0131m\u0131n\u0131n ne zaman yap\u0131laca\u011f\u0131n\u0131 merak ederken \u0130leti\u015fim Ba\u015fkan\u0131 Fahrettin Altun&#8217;dan a\u00e7\u0131klama geldi. Altun, Twitter hesab\u0131ndan yapt\u0131\u011f\u0131 a\u00e7\u0131klamada, &#8220;2022-KPSS kapsam\u0131nda 31 Temmuz&#8217;da yap\u0131lan oturumlar\u0131n iptal edilmesi, 6-7 ve 14 A\u011fustos&#8217;ta yap\u0131lacak oturumlar\u0131n da ertelenmesi nedeniyle, kamu kurumlar\u0131m\u0131z\u0131n KPSS ile personel al\u0131m s\u00fcre\u00e7leri yeni KPSS takvimine g\u00f6re g\u00fcncellenecektir. KPSS ile al\u0131m yapmay\u0131 planlayan kamu kurumlar\u0131m\u0131z, kontenjan ve \u015fartlar\u0131n\u0131 17 Eyl\u00fcl&#8217;de ba\u015flayacak KPSS takvimindeki s\u0131navlar\u0131n ger\u00e7ekle\u015fmesi ve sonu\u00e7lar\u0131n a\u00e7\u0131klanmas\u0131n\u0131n ard\u0131ndan ayr\u0131ca duyuracakt\u0131r&#8221; ifadelerini kaydetti.<\/p>\n<p><img decoding=\"async\" src=\"https:\/\/i.hbrcdn.com\/haber\/2022\/08\/04\/iletisim-baskani-fahrettin-altun-kpss-gecerlilik-15141748_5701_m.jpg\" alt=\"\" title=\"\"><\/p>\n<p><b>KPSS SONUCU GE\u00c7ERL\u0130L\u0130K S\u00dcRES\u0130 NE KADAR OLACAK?<\/b><\/p>\n<p>Altun saatler sonra KPSS sonucu ge\u00e7erlilik s\u00fcresiyle ilgili bir payla\u015f\u0131m daha yapt\u0131. Herhangi bir hak kayb\u0131 olmayaca\u011f\u0131n\u0131 belirten Altun, &#8220;Bu y\u0131l kamu g\u00f6revlerine atanacaklar i\u00e7in &#8216;KPSS sonucu ge\u00e7erlilik s\u00fcresi&#8217; bir sonraki KPSS ile birlikte son iki y\u0131l\u0131n KPSS sonu\u00e7lar\u0131n\u0131 da kapsayacak \u015fekilde uygulanacak, herhangi bir hak kayb\u0131na neden olunmayacakt\u0131r.&#8221; dedi. <\/p>\n<p><img decoding=\"async\" src=\"https:\/\/i.hbrcdn.com\/haber\/2022\/08\/04\/iletisim-baskani-fahrettin-altun-kpss-gecerlilik-15141748_3749_m.jpg\" alt=\"\" title=\"\"><\/p>\n<p><b>&#8220;TEK B\u0130R K\u0130\u015e\u0130N\u0130N MA\u011eDUR OLMASINA M\u00dcSAADE ED\u0130LMEYECEK&#8221;<\/b><\/p>\n<p>Altun payla\u015f\u0131m\u0131n\u0131n devam\u0131nda, &#8220;S\u00fcreci en ba\u015f\u0131ndan beri titizlikle takip eden Say\u0131n Cumhurba\u015fkan\u0131m\u0131z\u0131n belirtti\u011fi \u00fczere, bu konuda tek bir vatanda\u015f\u0131m\u0131z\u0131n dahi ma\u011fdur olmas\u0131na asla m\u00fcsaade edilmeyecektir.&#8221; ifadelerini kulland\u0131.<\/p>\n<p><img decoding=\"async\" src=\"https:\/\/i.hbrcdn.com\/haber\/2022\/08\/04\/iletisim-baskani-fahrettin-altun-kpss-gecerlilik-15141748_5413_m.jpg\" alt=\"\" title=\"\"><\/p>\n","protected":false},"excerpt":{"rendered":"<p>Kpss&#8217;deki baz\u0131 sorular\u0131n Yediiklim Yay\u0131nevi&#8217;nin deneme sorular\u0131yla ayn\u0131 \u00e7\u0131kmas\u0131n\u0131n ard\u0131ndan 1 milyon 600 bin gencin girdi\u011fi s\u0131nav iptal edildi &#8230;<\/p>\n","protected":false},"author":1,"featured_media":21001,"comment_status":"closed","ping_status":"open","sticky":false,"template":"","format":"standard","meta":{"footnotes":""},"categories":[28],"tags":[4760,4573],"class_list":["post-21000","post","type-post","status-publish","format-standard","has-post-thumbnail","hentry","category-politika","tag-altun","tag-kpss"],"_links":{"self":[{"href":"https:\/\/haberulus.net\/index.php?rest_route=\/wp\/v2\/posts\/21000","targetHints":{"allow":["GET"]}}],"collection":[{"href":"https:\/\/haberulus.net\/index.php?rest_route=\/wp\/v2\/posts"}],"about":[{"href":"https:\/\/haberulus.net\/index.php?rest_route=\/wp\/v2\/types\/post"}],"author":[{"embeddable":true,"href":"https:\/\/haberulus.net\/index.php?rest_route=\/wp\/v2\/users\/1"}],"replies":[{"embeddable":true,"href":"https:\/\/haberulus.net\/index.php?rest_route=%2Fwp%2Fv2%2Fcomments&post=21000"}],"version-history":[{"count":1,"href":"https:\/\/haberulus.net\/index.php?rest_route=\/wp\/v2\/posts\/21000\/revisions"}],"predecessor-version":[{"id":21002,"href":"https:\/\/haberulus.net\/index.php?rest_route=\/wp\/v2\/posts\/21000\/revisions\/21002"}],"wp:featuredmedia":[{"embeddable":true,"href":"https:\/\/haberulus.net\/index.php?rest_route=\/wp\/v2\/media\/21001"}],"wp:attachment":[{"href":"https:\/\/haberulus.net\/index.php?rest_route=%2Fwp%2Fv2%2Fmedia&parent=21000"}],"wp:term":[{"taxonomy":"category","embeddable":true,"href":"https:\/\/haberulus.net\/index.php?rest_route=%2Fwp%2Fv2%2Fcategories&post=21000"},{"taxonomy":"post_tag","embeddable":true,"href":"https:\/\/haberulus.net\/index.php?rest_route=%2Fwp%2Fv2%2Ftags&post=21000"}],"curies":[{"name":"wp","href":"https:\/\/api.w.org\/{rel}","templated":true}]}}