{"id":21051,"date":"2022-08-08T21:11:04","date_gmt":"2022-08-08T21:11:04","guid":{"rendered":"https:\/\/haberulus.net\/?p=21051"},"modified":"2022-08-08T21:11:04","modified_gmt":"2022-08-08T21:11:04","slug":"cumhurbaskani-erdogan-ve-rusya-devlet-baskani-putin-gorusmesine-iliskin-ortak-aciklama-yapildi-aciklamasi","status":"publish","type":"post","link":"https:\/\/haberulus.net\/?p=21051","title":{"rendered":"Cumhurba\u015fkan\u0131 Erdo\u011fan ve Rusya Devlet Ba\u015fkan\u0131 Putin g\u00f6r\u00fc\u015fmesine ili\u015fkin ortak a\u00e7\u0131klama yap\u0131ld\u0131 A\u00e7\u0131klamas\u0131"},"content":{"rendered":"<p>T\u00fcrkiye Cumhurba\u015fkan\u0131 Recep Tayyip Erdo\u011fan ve Rusya Devlet Ba\u015fkan\u0131 Vladimir Putin&#8217;in Rusya&#8217;n\u0131n So\u00e7i kentindeki g\u00f6r\u00fc\u015fmesinde, liderlerin, Suriye&#8217;de t\u00fcm ter\u00f6r \u00f6rg\u00fctlerine kar\u015f\u0131 m\u00fccadelede dayan\u0131\u015fma ve e\u015f g\u00fcd\u00fcm i\u00e7inde hareket etme kararl\u0131l\u0131klar\u0131n\u0131 teyit ettikleri bildirildi.<\/p>\n<p>Cumhurba\u015fkan\u0131 Erdo\u011fan ve Rusya Devlet Ba\u015fkan\u0131 Putin g\u00f6r\u00fc\u015fmesine ili\u015fkin ortak a\u00e7\u0131klama yap\u0131ld\u0131.<\/p>\n<p>\u0130ki liderin, T\u00fcrkiye-Rusya ili\u015fkilerinin, mevcut b\u00f6lgesel ve k\u00fcresel t\u00fcm s\u0131namalara ra\u011fmen, kar\u015f\u0131l\u0131kl\u0131 sayg\u0131 ve m\u00fctekabil \u00e7\u0131karlar\u0131n tan\u0131nmas\u0131 temelinde ve uluslararas\u0131 y\u00fck\u00fcml\u00fcl\u00fcklerle uyumlu olarak ilerletilmesi y\u00f6n\u00fcndeki ortak iradelerini teyit ettiklerinin belirtildi\u011fi a\u00e7\u0131klamaya g\u00f6re, bu anlay\u0131\u015f \u00e7er\u00e7evesinde T\u00fcrkiye-Rusya ikili ili\u015fkilerinin g\u00fcndeminde yer alan konular \u00fczerinde kapsaml\u0131 isti\u015farelerde bulunan liderler, iki \u00fclke aras\u0131ndaki ticaret hacminin tespit edilen hedefler do\u011frultusunda ve dengeli bir temelde art\u0131r\u0131lmas\u0131,  <strong>ekonomi<\/strong> ve enerji alanlar\u0131nda iki \u00fclkenin birbirlerinden beklentilerinin m\u00fctekabiliyet \u00e7er\u00e7evesinde kar\u015f\u0131lanmas\u0131, ula\u015ft\u0131rma, ticaret, tar\u0131m, sanayi, finans, turizm ve in\u015faat gibi sekt\u00f6rlerde uzun s\u00fcredir iki \u00fclke g\u00fcndeminde bulunan konularda i\u015f birli\u011finin g\u00fc\u00e7lendirilmesi y\u00f6n\u00fcnde somut ad\u0131mlar at\u0131lmas\u0131 \u00fczerinde mutab\u0131k kald\u0131.<\/p>\n<p>B\u00f6lgesel konular ba\u011flam\u0131nda, liderler, T\u00fcrkiye ile Rusya aras\u0131nda var olan samimi, a\u00e7\u0131k s\u00f6zl\u00fc ve g\u00fcvene dayal\u0131 ili\u015fkilerin b\u00f6lgesel ve uluslararas\u0131 istikrar\u0131n tesisi a\u00e7\u0131s\u0131ndan ta\u015f\u0131d\u0131\u011f\u0131 kilit \u00f6neme i\u015faret etti. \u0130ki lider bu \u00e7er\u00e7evede, Ukrayna limanlar\u0131ndan tah\u0131l ve g\u0131da \u00fcr\u00fcnlerinin emniyetli ta\u015f\u0131nmas\u0131na y\u00f6nelik \u0130stanbul Mutabakat\u0131na var\u0131lmas\u0131nda iki \u00fclke aras\u0131ndaki yap\u0131c\u0131 ili\u015fkilerin rol oynad\u0131\u011f\u0131n\u0131 teyit etti.<\/p>\n<p>Cumhurba\u015fkan\u0131 Erdo\u011fan ve Putin, Rusya&#8217;n\u0131n tah\u0131l, g\u00fcbre ve g\u00fcbre \u00fcretimi i\u00e7in gerekli hammaddenin kesintisiz ihrac\u0131 dahil, \u0130stanbul Mutabakat\u0131n\u0131n lafz\u0131 ve ruhuna uygun \u015fekilde tam olarak uygulanmas\u0131 laz\u0131m geldi\u011finin \u00f6nemini vurgulad\u0131.<\/p>\n<p>Suriye&#8217;deki son geli\u015fmeler \u00fczerinde durulan g\u00f6r\u00fc\u015fmede Erdo\u011fan ve Putin, \u00fclkede kal\u0131c\u0131 \u00e7\u00f6z\u00fcme ula\u015f\u0131lmas\u0131 i\u00e7in siyasi s\u00fcrecin ilerletilmesine atfettikleri \u00f6nemin alt\u0131n\u0131 \u00e7izdi.<\/p>\n<p>Liderler, Suriye&#8217;nin siyasi birli\u011finin ve toprak b\u00fct\u00fcnl\u00fc\u011f\u00fcn\u00fcn korunmas\u0131na atfettikleri \u00f6neme i\u015faretle, Suriye&#8217;de t\u00fcm ter\u00f6r \u00f6rg\u00fctlerine kar\u015f\u0131 m\u00fccadelede dayan\u0131\u015fma ve e\u015f g\u00fcd\u00fcm i\u00e7inde hareket etme kararl\u0131l\u0131klar\u0131n\u0131 teyit etti.<\/p>\n<p>Cumhurba\u015fkan\u0131 Erdo\u011fan ve Putin, Libya&#8217;n\u0131n egemenli\u011fine, toprak b\u00fct\u00fcnl\u00fc\u011f\u00fcne ve ulusal birli\u011fine olan g\u00fc\u00e7l\u00fc ba\u011fl\u0131l\u0131klar\u0131n\u0131 vurgulad\u0131. Libyal\u0131lar aras\u0131nda m\u00fcmk\u00fcn olan en geni\u015f mutabakat temelinde serbest, adil ve muteber se\u00e7imlerin d\u00fczenlenmesinin \u00f6nemini vurgulayan iki lider, BM himayesinde y\u00fcr\u00fct\u00fclen Libya liderli\u011findeki ve Libya sahipli\u011findeki siyasi s\u00fcrece desteklerini yineledi.<\/p>\n<p>Erdo\u011fan ve Putin, T\u00fcrkiye-Rusya Y\u00fcksek D\u00fczeyli \u0130\u015fbirli\u011fi Konseyi&#8217;nin m\u00fcteakip toplant\u0131s\u0131n\u0131n T\u00fcrkiye&#8217;de ger\u00e7ekle\u015ftirilmesi \u00fczerinde mutab\u0131k kald\u0131.<\/p>\n<div>AA \/  Zafer Fatih Beyaz &#8211;  Politika <\/div>\n","protected":false},"excerpt":{"rendered":"<p>T\u00fcrkiye Cumhurba\u015fkan\u0131 Recep Tayyip Erdo\u011fan ve Rusya Devlet Ba\u015fkan\u0131 Vladimir Putin&#8217;in Rusya&#8217;n\u0131n So\u00e7i kentindeki g\u00f6r\u00fc\u015fmesinde, liderlerin, Suriye &#8230;<\/p>\n","protected":false},"author":1,"featured_media":21052,"comment_status":"closed","ping_status":"open","sticky":false,"template":"","format":"standard","meta":{"footnotes":""},"categories":[28],"tags":[340,1282,42,15,160],"class_list":["post-21051","post","type-post","status-publish","format-standard","has-post-thumbnail","hentry","category-politika","tag-lider","tag-putin","tag-rusya","tag-turkiye","tag-ulke"],"_links":{"self":[{"href":"https:\/\/haberulus.net\/index.php?rest_route=\/wp\/v2\/posts\/21051","targetHints":{"allow":["GET"]}}],"collection":[{"href":"https:\/\/haberulus.net\/index.php?rest_route=\/wp\/v2\/posts"}],"about":[{"href":"https:\/\/haberulus.net\/index.php?rest_route=\/wp\/v2\/types\/post"}],"author":[{"embeddable":true,"href":"https:\/\/haberulus.net\/index.php?rest_route=\/wp\/v2\/users\/1"}],"replies":[{"embeddable":true,"href":"https:\/\/haberulus.net\/index.php?rest_route=%2Fwp%2Fv2%2Fcomments&post=21051"}],"version-history":[{"count":1,"href":"https:\/\/haberulus.net\/index.php?rest_route=\/wp\/v2\/posts\/21051\/revisions"}],"predecessor-version":[{"id":21053,"href":"https:\/\/haberulus.net\/index.php?rest_route=\/wp\/v2\/posts\/21051\/revisions\/21053"}],"wp:featuredmedia":[{"embeddable":true,"href":"https:\/\/haberulus.net\/index.php?rest_route=\/wp\/v2\/media\/21052"}],"wp:attachment":[{"href":"https:\/\/haberulus.net\/index.php?rest_route=%2Fwp%2Fv2%2Fmedia&parent=21051"}],"wp:term":[{"taxonomy":"category","embeddable":true,"href":"https:\/\/haberulus.net\/index.php?rest_route=%2Fwp%2Fv2%2Fcategories&post=21051"},{"taxonomy":"post_tag","embeddable":true,"href":"https:\/\/haberulus.net\/index.php?rest_route=%2Fwp%2Fv2%2Ftags&post=21051"}],"curies":[{"name":"wp","href":"https:\/\/api.w.org\/{rel}","templated":true}]}}