{"id":21057,"date":"2022-08-08T21:11:05","date_gmt":"2022-08-08T21:11:05","guid":{"rendered":"https:\/\/haberulus.net\/?p=21057"},"modified":"2022-08-08T21:11:05","modified_gmt":"2022-08-08T21:11:05","slug":"umit-ozdag-milyonerdeki-yarismaciya-kayitsiz-kalamadi-yaptigi-seyin-utanc-verici-oldugunu-biliyor","status":"publish","type":"post","link":"https:\/\/haberulus.net\/?p=21057","title":{"rendered":"\u00dcmit \u00d6zda\u011f, Milyoner&#8217;deki yar\u0131\u015fmac\u0131ya kay\u0131ts\u0131z kalamad\u0131: Yapt\u0131\u011f\u0131 \u015feyin utan\u00e7 verici oldu\u011funu biliyor"},"content":{"rendered":"<p>ATV ekranlar\u0131nda yay\u0131nlanan Kim Milyoner Olmak \u0130ster&#8217;e kat\u0131lan yar\u0131\u015fmac\u0131lardan biri kendini tan\u0131t\u0131rken sigortac\u0131 oldu\u011funu ancak yabanc\u0131lara oturum ve vatanda\u015fl\u0131k alma konusunda arac\u0131l\u0131k yapt\u0131\u011f\u0131n\u0131 a\u011fz\u0131ndan ka\u00e7\u0131rd\u0131. <\/p>\n<p><b>SOSYAL MEDYANIN G\u00dcNDEM\u0130NE OTURDU<\/b><\/p>\n<p>Gaf yapt\u0131\u011f\u0131n\u0131 anlayan yar\u0131\u015fmac\u0131 durumu toparlamaya \u00e7al\u0131\u015fsa da pek ba\u015far\u0131l\u0131 olamad\u0131. K\u0131sa s\u00fcrede sosyal medyan\u0131n g\u00fcndemine oturan yar\u0131\u015fmac\u0131n\u0131n \u015fa\u015fk\u0131n hallerine Zafer Partisi Genel Ba\u015fkan\u0131 \u00dcmit \u00d6zda\u011f da kay\u0131ts\u0131z kalamad\u0131.<\/p>\n<p><b>&#8220;YAPTI\u011eI \u015eEY\u0130N UTAN\u00c7 VER\u0130C\u0130 OLDU\u011eUNU B\u0130L\u0130YOR&#8221;<\/b><\/p>\n<p>Yar\u0131\u015fmac\u0131n\u0131n yabanc\u0131lara oturum ve vatanda\u015fl\u0131k alma konusunda arac\u0131l\u0131k yapt\u0131\u011f\u0131n\u0131 a\u011fz\u0131ndan ka\u00e7\u0131rd\u0131ktan sonraki \u015fa\u015fk\u0131n hallerine ait videoyu sosyal medya hesab\u0131ndan payla\u015fan \u00d6zda\u011f, &#8220;Yapt\u0131\u011f\u0131 \u015feyin utan\u00e7 verici oldu\u011funu biliyor&#8221; notunu d\u00fc\u015ft\u00fc. <\/p>\n<p><strong>\u0130\u015fte \u00dcmit \u00d6zda\u011f&#8217;\u0131n o payla\u015f\u0131m\u0131; <\/strong> <\/p>\n<p><img decoding=\"async\" src=\"https:\/\/i.hbrcdn.com\/haber\/2022\/08\/06\/umit-ozdag-milyoner-deki-yarismaciya-kayitsiz-15145966_2270_m.jpg\" alt=\"\" title=\"\"><\/p>\n","protected":false},"excerpt":{"rendered":"<p>ATV ekranlar\u0131nda yay\u0131nlanan Kim Milyoner Olmak \u0130ster&#8217;e kat\u0131lan yar\u0131\u015fmac\u0131lardan biri kendini tan\u0131t\u0131rken sigortac\u0131 oldu\u011funu ancak yabanc\u0131lara &#8230;<\/p>\n","protected":false},"author":1,"featured_media":21058,"comment_status":"closed","ping_status":"open","sticky":false,"template":"","format":"standard","meta":{"footnotes":""},"categories":[28],"tags":[],"class_list":["post-21057","post","type-post","status-publish","format-standard","has-post-thumbnail","hentry","category-politika"],"_links":{"self":[{"href":"https:\/\/haberulus.net\/index.php?rest_route=\/wp\/v2\/posts\/21057","targetHints":{"allow":["GET"]}}],"collection":[{"href":"https:\/\/haberulus.net\/index.php?rest_route=\/wp\/v2\/posts"}],"about":[{"href":"https:\/\/haberulus.net\/index.php?rest_route=\/wp\/v2\/types\/post"}],"author":[{"embeddable":true,"href":"https:\/\/haberulus.net\/index.php?rest_route=\/wp\/v2\/users\/1"}],"replies":[{"embeddable":true,"href":"https:\/\/haberulus.net\/index.php?rest_route=%2Fwp%2Fv2%2Fcomments&post=21057"}],"version-history":[{"count":1,"href":"https:\/\/haberulus.net\/index.php?rest_route=\/wp\/v2\/posts\/21057\/revisions"}],"predecessor-version":[{"id":21059,"href":"https:\/\/haberulus.net\/index.php?rest_route=\/wp\/v2\/posts\/21057\/revisions\/21059"}],"wp:featuredmedia":[{"embeddable":true,"href":"https:\/\/haberulus.net\/index.php?rest_route=\/wp\/v2\/media\/21058"}],"wp:attachment":[{"href":"https:\/\/haberulus.net\/index.php?rest_route=%2Fwp%2Fv2%2Fmedia&parent=21057"}],"wp:term":[{"taxonomy":"category","embeddable":true,"href":"https:\/\/haberulus.net\/index.php?rest_route=%2Fwp%2Fv2%2Fcategories&post=21057"},{"taxonomy":"post_tag","embeddable":true,"href":"https:\/\/haberulus.net\/index.php?rest_route=%2Fwp%2Fv2%2Ftags&post=21057"}],"curies":[{"name":"wp","href":"https:\/\/api.w.org\/{rel}","templated":true}]}}