{"id":21069,"date":"2022-08-08T21:11:08","date_gmt":"2022-08-08T21:11:08","guid":{"rendered":"https:\/\/haberulus.net\/?p=21069"},"modified":"2022-08-08T21:11:08","modified_gmt":"2022-08-08T21:11:08","slug":"cumhurbaskani-erdogan-soci-donusu-ucakta-gazetecilerin-sorularini-yanitladi-1","status":"publish","type":"post","link":"https:\/\/haberulus.net\/?p=21069","title":{"rendered":"Cumhurba\u015fkan\u0131 Erdo\u011fan, So\u00e7i d\u00f6n\u00fc\u015f\u00fc u\u00e7akta gazetecilerin sorular\u0131n\u0131 yan\u0131tlad\u0131: (1)"},"content":{"rendered":"<p>Cumhurba\u015fkan\u0131 Recep Tayyip Erdo\u011fan, &#8220;Akkuyu&#8217;daki \u00e7al\u0131\u015fmalar\u0131 yerinde, bizzat heyetimle beraber izleyece\u011fim. Ondan sonra da Say\u0131n Putin&#8217;e oradaki gelinen durumu aktaraca\u011f\u0131m, s\u00f6yleyece\u011fim. Ona g\u00f6re de yol haritam\u0131z\u0131 belirleyelim diyece\u011fim.&#8221; ifadelerini kulland\u0131.<\/p>\n<p>Cumhurba\u015fkan\u0131 Erdo\u011fan, Rusya Devlet Ba\u015fkan\u0131 Putin ile So\u00e7i&#8217;de yapt\u0131\u011f\u0131 g\u00f6r\u00fc\u015fmenin ard\u0131ndan, T\u00fcrkiye d\u00f6n\u00fc\u015f\u00fcnde u\u00e7akta gazetecilerin sorular\u0131n\u0131 yan\u0131tlad\u0131 ve de\u011ferlendirmelerde bulundu.<\/p>\n<p>Erdo\u011fan, Rusya Devlet Ba\u015fkan\u0131 Putin&#8217;in davetine icabetle So\u00e7i&#8217;ye yapt\u0131\u011f\u0131 \u00e7al\u0131\u015fma ziyaretini &#8220;olumlu, ba\u015far\u0131l\u0131&#8221; bir \u015fekilde tamamlad\u0131klar\u0131n\u0131 belirterek, &#8220;Say\u0131n Putin&#8217;le 19 Temmuz&#8217;da Tahran&#8217;da bir araya gelmemizin ard\u0131ndan So\u00e7i&#8217;de ikili ili\u015fkilerimizi ve uluslararas\u0131 meseleleri etrafl\u0131ca de\u011ferlendirdik. Y\u00fcksek D\u00fczeyli \u0130\u015f Birli\u011fi Konseyimizin m\u00fcteakip toplant\u0131s\u0131n\u0131 T\u00fcrkiye&#8217;de yapmak \u00fczere Say\u0131n Putin&#8217;e davetimi ger\u00e7ekle\u015ftirdim.&#8221; dedi.<\/p>\n<p>T\u00fcrk-Rus ili\u015fkilerinin kar\u015f\u0131 kar\u015f\u0131ya kald\u0131\u011f\u0131 meydan okumalar\u0131n \u00fcstesinden diyalog ve i\u015f birli\u011fi ile gelmeyi ba\u015fard\u0131\u011f\u0131na i\u015faret eden Erdo\u011fan, \u015f\u00f6yle konu\u015ftu: <\/p>\n<p>&#8220;Say\u0131n Putin&#8217;le tesis etti\u011fimiz kar\u015f\u0131l\u0131kl\u0131 g\u00fcven ve sayg\u0131ya dayal\u0131 ortak anlay\u0131\u015f, ili\u015fkilerimizin teminat\u0131d\u0131r. Mevcut \u015fartlar alt\u0131nda \u00f6nemli olan, ili\u015fkilerimizi ortak \u00e7\u0131karlar\u0131m\u0131z temelinde ve uluslararas\u0131 sistem i\u00e7inde s\u00fcrd\u00fcrmek, ileri g\u00f6t\u00fcrmektir. \u0130kili g\u00f6r\u00fc\u015fmemizde ticari ve ekonomik i\u015f birli\u011fimizin daha da geli\u015ftirilmesi \u00fczerinde etrafl\u0131ca fikir al\u0131\u015fveri\u015finde bulunduk. Ticarette hedefimizi daha \u00f6nce 100 milyar dolar olarak ifade etmi\u015ftik. Bu do\u011frultuda enerji ba\u015fta olmak \u00fczere, ticaret, turizm ve tar\u0131m gibi alanlarda i\u015f birli\u011fimizi geli\u015ftirmek istiyoruz. \u0130kili ticaret hacmimizin daha dengeli bir zemine kavu\u015fmas\u0131n\u0131 temin etmek noktas\u0131nda kararl\u0131y\u0131z. Ekonomik ve ticari ili\u015fiklerimize dair yol haritas\u0131 mahiyetinde bir mutabakat zapt\u0131 da So\u00e7i&#8217;de Ticaret Bakan\u0131m\u0131z ile Rusya Ba\u015fbakan Yard\u0131mc\u0131s\u0131 Aleksandr Novak taraf\u0131ndan imzaland\u0131. Suriye&#8217;de yuvalanan ter\u00f6r \u00f6rg\u00fctlerine kar\u015f\u0131 at\u0131labilecek ad\u0131mlar\u0131 da aram\u0131zda m\u00fctalaa ettik. Suriye&#8217;nin toprak b\u00fct\u00fcnl\u00fc\u011f\u00fcn\u00fc tehdit eden, Suriyeli karde\u015flerimizle birlikte askerimize, polisimize, g\u00fcvenlik g\u00fc\u00e7lerimize, sivil vatanda\u015flar\u0131m\u0131za sald\u0131ran bu katil s\u00fcr\u00fcleriyle m\u00fccadelemize birlikte gereken cevab\u0131 verme karar\u0131nda da mutab\u0131k kald\u0131k.&#8221;<\/p>\n<p>&#8220;Ukrayna&#8217;daki sava\u015f\u0131n kazanan\u0131 olmayaca\u011f\u0131n\u0131 ba\u015f\u0131ndan beri vurguluyorum&#8221;<\/p>\n<p>Erdo\u011fan, Rusya&#8217;yla s\u00fcrd\u00fcrd\u00fckleri diyalo\u011fun m\u00fcspet yans\u0131malar\u0131na Kafkaslar&#8217;da, Suriye&#8217;de ve Ukrayna&#8217;da \u015fahit olduklar\u0131na dikkati \u00e7ekerek, \u015f\u00f6yle devam etti: <\/p>\n<p>&#8220;Ukrayna tah\u0131l\u0131n\u0131n Karadeniz \u00fczerinden ihra\u00e7 edilmesine y\u00f6nelik giri\u015fim, bunun en son k\u00fcresel \u00f6rne\u011fidir. \u015eimdi \u00f6nemli olan, plan\u0131n sa\u011fl\u0131kl\u0131 \u015fekilde uygulanmas\u0131 ve olu\u015fan m\u00fcspet havan\u0131n \u0130stanbul&#8217;daki m\u00fczakerelere d\u00f6n\u00fc\u015fe y\u00f6nelik somut ad\u0131mlara tahvil edilmesidir. Ukrayna&#8217;daki sava\u015f\u0131n kazanan\u0131 olmayaca\u011f\u0131n\u0131 ba\u015f\u0131ndan beri vurguluyorum. Sahadaki s\u0131k\u0131nt\u0131lara ra\u011fmen krizin m\u00fczakere masas\u0131nda \u00e7\u00f6z\u00fclece\u011fine olan g\u00fc\u00e7l\u00fc inanc\u0131m\u0131 da koruyorum. Say\u0131n Putin&#8217;e, Say\u0131n Zelenski&#8217;yle g\u00f6r\u00fc\u015fmesine ev sahipli\u011fi yapabilece\u011fimizi bir kez daha hat\u0131rlatt\u0131m. Karadeniz&#8217;den kom\u015fumuz Rusya&#8217;yla diyalo\u011fumuzu, b\u00f6lgesel ve k\u00fcresel bar\u0131\u015fa katk\u0131 sunmak maksad\u0131yla her alanda ilerletmeye devam edece\u011fiz.&#8221;<\/p>\n<p>Cumhurba\u015fkan\u0131 Erdo\u011fan, So\u00e7i&#8217;deki g\u00f6r\u00fc\u015fmelerin, T\u00fcrkiye ve Rusya ba\u015fta olmak \u00fczere, b\u00f6lge i\u00e7in hay\u0131rlara vesile olmas\u0131n\u0131 diledi.<\/p>\n<p>&#8220;Taraflar\u0131n buradaki yakla\u015f\u0131m\u0131 b\u00fcy\u00fck \u00f6nem arz ediyor&#8221;<\/p>\n<p>Gazetecilerin sorular\u0131n\u0131 da yan\u0131tlayan Erdo\u011fan, bir gazetecinin, &#8220;Ukrayna ve Rusya sava\u015f\u0131n\u0131n \u00f6nlenmesinde, bitirilmesinde bir ate\u015fkes s\u00f6z konusu mu, yak\u0131n zamanda ger\u00e7ekle\u015fir mi ve T\u00fcrk diplomasisi bu noktada rol al\u0131r m\u0131?&#8221; sorusunu, &#8220;T\u00fcrk diplomasisi asl\u0131nda \u00fczerine d\u00fc\u015fen bu g\u00f6revi ba\u015far\u0131l\u0131 bir \u015fekilde s\u00fcrd\u00fcr\u00fcyor. Burada herhangi bir s\u0131k\u0131nt\u0131 s\u00f6z konusu de\u011fil ancak tabii taraflar\u0131n buradaki yakla\u015f\u0131m\u0131 b\u00fcy\u00fck \u00f6nem arz ediyor. E\u011fer taraflar, verilen s\u00f6zlerin \u00fczerinde ger\u00e7ekten hassasiyet g\u00f6sterip dururlarsa bu i\u015fi ciddi manada \u00e7\u00f6zebilecek bir imkana sahip oldu\u011fumuzu veyahut da yakla\u015ft\u0131\u011f\u0131m\u0131z\u0131 g\u00f6r\u00fcyorum. Bunun olmamas\u0131 i\u00e7in bu noktada bir sebep s\u00f6z konusu de\u011fil.&#8221; \u015feklinde yan\u0131tlad\u0131.<\/p>\n<p>G\u00f6r\u00fc\u015fmede Suriye konusunun ele al\u0131nd\u0131\u011f\u0131 an\u0131msat\u0131larak, daha \u00f6nce Rusya&#8217;n\u0131n b\u00f6yle bir askeri harekata kar\u015f\u0131 \u00e7\u0131kt\u0131\u011f\u0131, \u00e7ok s\u0131cak bakmad\u0131\u011f\u0131na ili\u015fkin tavr\u0131n\u0131n devam edip etmedi\u011fi ve g\u00f6r\u00fc\u015fmelerde bu konunun hangi \u00e7er\u00e7evede ele al\u0131nd\u0131\u011f\u0131na ili\u015fkin soruyu ise Erdo\u011fan, \u015f\u00f6yle cevaplad\u0131: <\/p>\n<p>&#8220;Say\u0131n Putin, konuyla ilgili T\u00fcrkiye&#8217;ye y\u00f6nelik adil bir yakla\u015f\u0131m s\u00fcrd\u00fcr\u00fcyor. Ter\u00f6rle m\u00fccadele noktas\u0131nda her zaman yan\u0131m\u0131zda olaca\u011f\u0131n\u0131 \u00f6zellikle de ifade ediyor. Burada \u015funu bize ima ediyor: &#8216;M\u00fcmk\u00fcn oldu\u011funca bunlar\u0131, rejimle birlikte \u00e7\u00f6zme yolunu tercih ederseniz \u00e7ok daha isabetli olur.&#8217; gibi bir yakla\u015f\u0131m\u0131 var. Biz de diyoruz ki \u015fu anda bizim istihbarat \u00f6rg\u00fct\u00fcm\u00fcz, Suriye istihbarat\u0131yla zaten bu konular\u0131 y\u00fcr\u00fct\u00fcyor ama b\u00fct\u00fcn mesele netice almak. &#8216;E\u011fer istihbarat\u0131m\u0131z, Suriye istihbarat\u0131yla bu \u00e7al\u0131\u015fmay\u0131 y\u00fcr\u00fct\u00fcrken buna ra\u011fmen hala orada ter\u00f6r \u00f6rg\u00fctleri fellik fellik at oynat\u0131yorsa bu konuda bize destek vermeniz gerekiyor.&#8217; diyoruz. Bu konuda da mutabakat\u0131m\u0131z var.&#8221;<\/p>\n<p>&#8220;Onlar da bir defa kesinlikle s\u00fcreci durdurmak gibi bir \u015feyi kabul etmiyorlar&#8221;<\/p>\n<p>Erdo\u011fan, bir gazetecinin, Cumhuriyet tarihinin en b\u00fcy\u00fck projelerinden biri olan Akkuyu N\u00fckleer Santrali&#8217;nin \u00f6nemine de\u011finerek, &#8220;Sizin enerji konusunda da en ba\u015f\u0131ndan beri \u00e7ok s\u0131k vurgu yapt\u0131\u011f\u0131n\u0131z konulardan bir tanesi yerlile\u015fme ve millile\u015fme. Rus taraf\u0131 ile bir T\u00fcrk orta\u011f\u0131n giri\u015fimi olarak yola \u00e7\u0131kan IC \u0130\u00e7ta\u015f, zaman i\u00e7inde \u00f6nemli bir bilgi birikimi ve know-how \u00fcretmi\u015fti fakat k\u0131sa s\u00fcre \u00f6nce ilgin\u00e7 bir geli\u015fme oldu ve Rus taraf\u0131 Rosatom yar\u0131 yar\u0131ya ortak oldu\u011fu bu \u015firkette \u00e7al\u0131\u015fmalar\u0131n\u0131 durdurdu ve feshetti. Acaba bu konu g\u00fcndeme geldi mi? Siz nas\u0131l de\u011ferlendiriyorsunuz? Bu ad\u0131m, bu projenin gecikmesi veya T\u00fcrk taraf\u0131n\u0131n bir miktar daha b\u00f6yle ta\u015feronla\u015ft\u0131r\u0131lmas\u0131na neden olabilir mi? B\u00f6yle bir risk g\u00f6r\u00fcl\u00fcyor mu?&#8221; \u015feklindeki sorusunu da \u015f\u00f6yle yan\u0131tlad\u0131: <\/p>\n<p>&#8220;Tabii b\u00f6yle bir konuyu g\u00f6r\u00fc\u015fmemek olamaz. G\u00f6r\u00fc\u015ft\u00fck. Akkuyu N\u00fckleer G\u00fc\u00e7 Santrali, \u00fclkemizin enerji stratejisi i\u00e7inde ayr\u0131 bir \u00f6neme sahip. Akkuyu&#8217;nun ilk reakt\u00f6r\u00fcn\u00fc 2023 y\u0131l\u0131nda hizmete alma hedefimiz s\u00fcr\u00fcyor. Bu hususlar\u0131, Rus taraf\u0131yla g\u00f6r\u00fc\u015fmelerimizde bir kez daha ele ald\u0131k. &#8217;25 bin ki\u015fi \u015fu anda \u00e7al\u0131\u015fm\u0131yor. Buras\u0131 kapat\u0131ld\u0131.&#8217; gibi ifadeler s\u00f6yleniyor. B\u00f6yle bir \u015feyi ben de kabul etmedim, Rus taraf\u0131 da kabul etmiyor. \u00c7al\u0131\u015f\u0131yorlar. \u015eimdi \u00f6n\u00fcm\u00fczdeki hafta Mersin Ta\u015fucu&#8217;nda Abd\u00fclhamit Han sondaj gemimizi u\u011furlamaya gitti\u011fimde ayn\u0131 g\u00fcn oradan Akkuyu&#8217;ya ge\u00e7ece\u011fim. Akkuyu&#8217;daki \u00e7al\u0131\u015fmalar\u0131 yerinde, bizzat heyetimle beraber izleyece\u011fim. Ondan sonra da Say\u0131n Putin&#8217;e oradaki gelinen durumu aktaraca\u011f\u0131m, s\u00f6yleyece\u011fim. Ona g\u00f6re de yol haritam\u0131z\u0131 belirleyelim diyece\u011fim. Yani onlar da bir defa kesinlikle s\u00fcreci durdurmak gibi bir \u015feyi kabul etmiyorlar.&#8221;<\/p>\n<p>&#8220;Say\u0131n Putin&#8217;le ruble \u00fczerinde mutab\u0131k kald\u0131k&#8221;<\/p>\n<p>Cumhurba\u015fkan\u0131 Erdo\u011fan, ziyaretin ekonomik boyutu ve \u00f6zellikle T\u00fcrkiye ile Rusya aras\u0131nda do\u011fal gazda yeni bir anla\u015fma olup olmad\u0131\u011f\u0131na ili\u015fkin soru \u00fczerine, T\u00fcrkiye olarak kap\u0131lar\u0131n\u0131n herkese a\u00e7\u0131k oldu\u011funu, T\u00fcrkiye&#8217;de kimler yat\u0131r\u0131m yapmak isterse onlara her t\u00fcrl\u00fc deste\u011fi vereceklerini s\u00f6yledi.<\/p>\n<p>&#8220;\u00c7\u00fcnk\u00fc T\u00fcrkiye, d\u00fcnyada sadece bu son geli\u015fmelerde de\u011fil, bunun d\u0131\u015f\u0131nda da serbest pazar ekonomisinin en \u00f6nemli bir a\u00e7\u0131k kap\u0131s\u0131d\u0131r.&#8221; diyen Erdo\u011fan, s\u00f6zlerini \u015f\u00f6yle s\u00fcrd\u00fcrd\u00fc: <\/p>\n<p>&#8220;Tabii bu So\u00e7i ziyaretinin bir g\u00fczel taraf\u0131 da \u015fu oldu: Say\u0131n Putin&#8217;le ruble \u00fczerinde mutab\u0131k kald\u0131k. Ruble noktas\u0131nda bu al\u0131\u015fveri\u015flerimizi yapaca\u011f\u0131m\u0131z i\u00e7in o da tabii T\u00fcrkiye-Rusya aras\u0131nda mali noktada ayr\u0131 bir g\u00fc\u00e7 kayna\u011f\u0131 olarak Rusya&#8217;ya ve T\u00fcrkiye&#8217;ye in\u015fallah kazand\u0131racak. Bir de Rusya&#8217;n\u0131n Mir kart\u0131 var. \u015eu anda bizim be\u015f bankam\u0131z bunun \u00fczerinden \u00e7al\u0131\u015fmalar\u0131n\u0131 s\u00fcrd\u00fcr\u00fcyor. Burada da \u00e7ok ciddi geli\u015fmeler var. Bu da tabii Rusya&#8217;dan gelen turistleri \u00e7ok \u00e7ok rahatlatan bir s\u00fcre\u00e7. Onlarla al\u0131\u015fveri\u015fini, otel \u00f6demelerini yapabiliyorlar. Bu da tabii hem onlar i\u00e7in hem bizim i\u00e7in \u00e7ok \u00e7ok rahatlat\u0131c\u0131 bir sistem. Bu ziyaretimizde Rusya Merkez Bankas\u0131 Ba\u015fkan\u0131 ile bizim Merkez Bankas\u0131 Ba\u015fkan\u0131m\u0131z da g\u00f6r\u00fc\u015fmelerini yapt\u0131lar.&#8221;<\/p>\n<p>&#8220;Azerbaycan&#8217;\u0131n Londra B\u00fcy\u00fckel\u00e7ili\u011fine sald\u0131r\u0131y\u0131 da kabul edilemez buluyoruz&#8221;<\/p>\n<p>Cumhurba\u015fkan\u0131 Erdo\u011fan, bir gazetecinin, Azerbaycan-Ermenistan gerilimi konusunda Rusya&#8217;dan iki taraf i\u00e7in de &#8220;itidal&#8221; a\u00e7\u0131klamas\u0131 geldi\u011fini belirterek, &#8220;Gerilim artar m\u0131?&#8221; \u015feklindeki sorusu \u00fczerine \u015funlar\u0131 kaydetti: <\/p>\n<p>&#8220;\u0130lham karde\u015fimle iki g\u00fcn \u00f6nce bunlar\u0131 etrafl\u0131ca konu\u015ftuk. \u00d6ncelikle bir Azerbaycanl\u0131 karde\u015fimizin \u015fehit olmas\u0131na neden olan sald\u0131r\u0131y\u0131 k\u0131n\u0131yoruz. Karaba\u011f, Azerbaycan&#8217;\u0131n uluslararas\u0131 tan\u0131nm\u0131\u015f s\u0131n\u0131rlar\u0131 i\u00e7erisinde yer alan Azerbaycan topra\u011f\u0131d\u0131r. Azerbaycan, tabiat\u0131yla topraklar\u0131nda yasa d\u0131\u015f\u0131 hi\u00e7bir silahl\u0131 unsurun bulunmas\u0131n\u0131 istemiyor. \u00dc\u00e7l\u00fc Bildiri&#8217;den bu yana yakla\u015f\u0131k iki y\u0131l ge\u00e7ti. Ermenistan&#8217;\u0131n buradaki taahh\u00fctlerini de bir an \u00f6nce yerine getirmesi \u00f6nem ta\u015f\u0131yor. Azerbaycan&#8217;\u0131n Londra B\u00fcy\u00fckel\u00e7ili\u011fine sald\u0131r\u0131y\u0131 da kabul edilemez buluyoruz. Bu olay\u0131n ciddiyetle ve detayl\u0131 bir \u015fekilde soru\u015fturularak faillerine gerekli cezalar\u0131n verilece\u011fini \u00fcmit ediyoruz.&#8221;<\/p>\n<p>(S\u00fcrecek)<\/p>\n<div>AA \/  Y\u0131ld\u0131z Nevin G\u00fcndo\u011fmu\u015f &#8211;  Politika <\/div>\n","protected":false},"excerpt":{"rendered":"<p>Cumhurba\u015fkan\u0131 Recep Tayyip Erdo\u011fan, &#8220;Akkuyu&#8217;daki \u00e7al\u0131\u015fmalar\u0131 yerinde, bizzat heyetimle beraber izleyece\u011fim. Ondan sonra da Say\u0131n Putin&#8217;e oradaki &#8230;<\/p>\n","protected":false},"author":1,"featured_media":21070,"comment_status":"closed","ping_status":"open","sticky":false,"template":"","format":"standard","meta":{"footnotes":""},"categories":[28],"tags":[259,1282,42,4018,15],"class_list":["post-21069","post","type-post","status-publish","format-standard","has-post-thumbnail","hentry","category-politika","tag-erdogan","tag-putin","tag-rusya","tag-sayin","tag-turkiye"],"_links":{"self":[{"href":"https:\/\/haberulus.net\/index.php?rest_route=\/wp\/v2\/posts\/21069","targetHints":{"allow":["GET"]}}],"collection":[{"href":"https:\/\/haberulus.net\/index.php?rest_route=\/wp\/v2\/posts"}],"about":[{"href":"https:\/\/haberulus.net\/index.php?rest_route=\/wp\/v2\/types\/post"}],"author":[{"embeddable":true,"href":"https:\/\/haberulus.net\/index.php?rest_route=\/wp\/v2\/users\/1"}],"replies":[{"embeddable":true,"href":"https:\/\/haberulus.net\/index.php?rest_route=%2Fwp%2Fv2%2Fcomments&post=21069"}],"version-history":[{"count":1,"href":"https:\/\/haberulus.net\/index.php?rest_route=\/wp\/v2\/posts\/21069\/revisions"}],"predecessor-version":[{"id":21071,"href":"https:\/\/haberulus.net\/index.php?rest_route=\/wp\/v2\/posts\/21069\/revisions\/21071"}],"wp:featuredmedia":[{"embeddable":true,"href":"https:\/\/haberulus.net\/index.php?rest_route=\/wp\/v2\/media\/21070"}],"wp:attachment":[{"href":"https:\/\/haberulus.net\/index.php?rest_route=%2Fwp%2Fv2%2Fmedia&parent=21069"}],"wp:term":[{"taxonomy":"category","embeddable":true,"href":"https:\/\/haberulus.net\/index.php?rest_route=%2Fwp%2Fv2%2Fcategories&post=21069"},{"taxonomy":"post_tag","embeddable":true,"href":"https:\/\/haberulus.net\/index.php?rest_route=%2Fwp%2Fv2%2Ftags&post=21069"}],"curies":[{"name":"wp","href":"https:\/\/api.w.org\/{rel}","templated":true}]}}