{"id":21075,"date":"2022-08-08T21:12:03","date_gmt":"2022-08-08T21:12:03","guid":{"rendered":"https:\/\/haberulus.net\/?p=21075"},"modified":"2022-08-08T21:12:03","modified_gmt":"2022-08-08T21:12:03","slug":"aksener-cumhurbaskani-erdoganin-uyusturucunun-iktidarimizda-yeri-yok-ifadesine-bakan-soylunun-sozuyle-yanit-verdi","status":"publish","type":"post","link":"https:\/\/haberulus.net\/?p=21075","title":{"rendered":"Ak\u015fener, Cumhurba\u015fkan\u0131 Erdo\u011fan&#8217;\u0131n &#8220;Uyu\u015fturucunun iktidar\u0131m\u0131zda yeri yok&#8221; ifadesine Bakan Soylu&#8217;nun s\u00f6z\u00fcyle yan\u0131t verdi"},"content":{"rendered":"<p>\u0130Y\u0130 Parti Genel Ba\u015fkan\u0131 Meral Ak\u015fener, \u0130\u00e7i\u015fleri Bakan\u0131 S\u00fcleyman Soylu&#8217;nun &#8220;Uyu\u015fturucuyla m\u00fccadele 2016, 15 Temmuz sonras\u0131 ba\u015flad\u0131&#8221; a\u00e7\u0131klamalar\u0131na ili\u015fkin &#8220;Bak Say\u0131n Recep Tayyip Erdo\u011fan sana ula\u015famayan Ak Partili k\u0131zlar\u0131m\u0131z bana soruyor: S\u00fcleyman Soylu&#8217;nun dedi\u011fine g\u00f6re Ak Parti iktidar\u0131, 15 Temmuz 2016&#8217;ya kadar uyu\u015fturucuyla m\u00fccadele etmemi\u015f. Bu iddia kar\u015f\u0131s\u0131ndaki cevab\u0131n\u0131 millet\u00e7e, merakla bekliyoruz. Haydi bakal\u0131m buyurun, a\u00e7\u0131klay\u0131n&#8221; ifadelerini kullanm\u0131\u015ft\u0131. <\/p>\n<p><b>&#8220;B\u0130Z\u0130M \u0130KT\u0130DARIMIZDA NE SULU NE KURU UYU\u015eTURUCUYA YER YOK&#8221;<\/b><\/p>\n<p>Cumhurba\u015fkan\u0131 Recep Tayyip Erdo\u011fan, Kocaeli&#8217;de kat\u0131ld\u0131\u011f\u0131 Toplu A\u00e7\u0131l\u0131\u015f T\u00f6reni&#8217;nde yapt\u0131\u011f\u0131 a\u00e7\u0131klamalarda Ak\u015fener&#8217;in bu ifadelerine de yan\u0131t vererek &#8220;Han\u0131mefendi \u00f6nce \u015funu bileceksin bir defa bizim iktidar\u0131m\u0131zda ne sulu ne kuru uyu\u015fturucuya yer yoktur. Sen Tayyip Erdo\u011fan&#8217;\u0131 bu noktada iyi bilirsin. Bunlar\u0131n hepsiyle biz gerekli m\u00fccadeleyi verdik, veriyoruz. Sen \u00f6nce kendi kadronun i\u00e7erisinde ve ana muhalefetin i\u00e7inde sulu kuru bu uyu\u015fturucular\u0131 alanlar\u0131 d\u00fc\u015f\u00fcn. Sen kimlerle beraber yol y\u00fcr\u00fcd\u00fc\u011f\u00fcn\u00fcn fark\u0131nda m\u0131s\u0131n? Dolay\u0131s\u0131yla \u00f6nce haddini bileceksin, \u00f6nce bir defa AK Parti iktidar\u0131n\u0131n bu noktada uyu\u015fturucuyla m\u00fccadelesini inkar etmeyeceksin. M\u00fccadelemizi de sonuna kadar verdik, verece\u011fiz&#8221; dedi. <\/p>\n<p><img decoding=\"async\" src=\"https:\/\/i.hbrcdn.com\/haber\/2022\/08\/06\/aksener-cumhurbaskani-erdogan-in-uyusturucunun-15147812_3971_m.jpg\" alt=\"\" title=\"\"><\/p>\n<p><b>AK\u015eENER, BAKAN SOYLU&#8217;NUN S\u00d6ZLER\u0130N\u0130 \u0130\u015eARET ETT\u0130<\/b><\/p>\n<p>Erdo\u011fan&#8217;\u0131n s\u00f6zlerinin ard\u0131ndan sosyal medya hesab\u0131ndan bir payla\u015f\u0131mda daha bulunan Ak\u015fener, &#8220;Say\u0131n Erdo\u011fan, Ak Parti&#8217;nin 2016&#8217;ya kadar uyu\u015fturucuyla m\u00fccadele etmedi\u011fini ben de\u011fil, senin bakan\u0131n s\u00f6yledi. Madem suluyla kuruyla i\u015fin olmaz, madem bu konuda \u00e7ok hassass\u0131n; o zaman k\u00fcrs\u00fc \u015fovlar\u0131n\u0131 b\u0131rak, S\u00fcleyman Soylu&#8217;dan bu s\u00f6zlerin hesab\u0131n\u0131 sor.&#8221; a\u00e7\u0131klamalar\u0131nda bulundu. <\/p>\n<p><img decoding=\"async\" src=\"https:\/\/i.hbrcdn.com\/haber\/2022\/08\/06\/aksener-cumhurbaskani-erdogan-in-uyusturucunun-15147812_5309_m.jpg\" alt=\"\" title=\"\"><\/p>\n","protected":false},"excerpt":{"rendered":"<p>\u0130Y\u0130 Parti Genel Ba\u015fkan\u0131 Meral Ak\u015fener, \u0130\u00e7i\u015fleri Bakan\u0131 S\u00fcleyman Soylu&#8217;nun &#8220;Uyu\u015fturucuyla m\u00fccadele 2016, 15 Temmuz sonras\u0131 ba\u015flad\u0131&#8221; a\u00e7\u0131klamalar\u0131na &#8230;<\/p>\n","protected":false},"author":1,"featured_media":21076,"comment_status":"closed","ping_status":"open","sticky":false,"template":"","format":"standard","meta":{"footnotes":""},"categories":[28],"tags":[259,102,442],"class_list":["post-21075","post","type-post","status-publish","format-standard","has-post-thumbnail","hentry","category-politika","tag-erdogan","tag-mucadele","tag-parti"],"_links":{"self":[{"href":"https:\/\/haberulus.net\/index.php?rest_route=\/wp\/v2\/posts\/21075","targetHints":{"allow":["GET"]}}],"collection":[{"href":"https:\/\/haberulus.net\/index.php?rest_route=\/wp\/v2\/posts"}],"about":[{"href":"https:\/\/haberulus.net\/index.php?rest_route=\/wp\/v2\/types\/post"}],"author":[{"embeddable":true,"href":"https:\/\/haberulus.net\/index.php?rest_route=\/wp\/v2\/users\/1"}],"replies":[{"embeddable":true,"href":"https:\/\/haberulus.net\/index.php?rest_route=%2Fwp%2Fv2%2Fcomments&post=21075"}],"version-history":[{"count":1,"href":"https:\/\/haberulus.net\/index.php?rest_route=\/wp\/v2\/posts\/21075\/revisions"}],"predecessor-version":[{"id":21077,"href":"https:\/\/haberulus.net\/index.php?rest_route=\/wp\/v2\/posts\/21075\/revisions\/21077"}],"wp:featuredmedia":[{"embeddable":true,"href":"https:\/\/haberulus.net\/index.php?rest_route=\/wp\/v2\/media\/21076"}],"wp:attachment":[{"href":"https:\/\/haberulus.net\/index.php?rest_route=%2Fwp%2Fv2%2Fmedia&parent=21075"}],"wp:term":[{"taxonomy":"category","embeddable":true,"href":"https:\/\/haberulus.net\/index.php?rest_route=%2Fwp%2Fv2%2Fcategories&post=21075"},{"taxonomy":"post_tag","embeddable":true,"href":"https:\/\/haberulus.net\/index.php?rest_route=%2Fwp%2Fv2%2Ftags&post=21075"}],"curies":[{"name":"wp","href":"https:\/\/api.w.org\/{rel}","templated":true}]}}