{"id":21087,"date":"2022-08-08T21:12:06","date_gmt":"2022-08-08T21:12:06","guid":{"rendered":"https:\/\/haberulus.net\/?p=21087"},"modified":"2022-08-08T21:12:06","modified_gmt":"2022-08-08T21:12:06","slug":"unlu-anketci-kesinlikle-oyle-diyerek-anlatti-secimin-kaderini-kararsiz-gencler-belirleyecek","status":"publish","type":"post","link":"https:\/\/haberulus.net\/?p=21087","title":{"rendered":"\u00dcnl\u00fc anket\u00e7i &#8216;Kesinlikle \u00f6yle&#8217; diyerek anlatt\u0131: Se\u00e7imin kaderini karars\u0131z gen\u00e7ler belirleyecek"},"content":{"rendered":"<p>KONDA Ara\u015ft\u0131rma \u015eirketi&#8217;nin genel m\u00fcd\u00fcrl\u00fc\u011f\u00fcn\u00fc \u00fcstlendi\u011fi s\u0131rada yapt\u0131\u011f\u0131 anketlerle tan\u0131nan \u00fcnl\u00fc anket\u00e7i Bekir A\u011f\u0131rd\u0131r, T\u00fcrkiye&#8217;nin merakla bekledi\u011fi 2023 se\u00e7imleri hakk\u0131nda \u00e7arp\u0131c\u0131 a\u00e7\u0131klamalarda bulundu. <\/p>\n<p><b>&#8220;MUHALEFET\u0130N ADAYI KEMAL KILI\u00c7DARO\u011eLU&#8221; <\/b><\/p>\n<p>Muhalefetin aday\u0131n\u0131n Kemal K\u0131l\u0131\u00e7daro\u011flu olarak belirginle\u015fti\u011fini kaydeden Bekir A\u011f\u0131rd\u0131r, Ekrem \u0130mamo\u011flu ve Mansur Yava\u015f&#8217;\u0131n art\u0131k CHP&#8217;nin listesinde olmad\u0131\u011f\u0131n\u0131 s\u00f6yledi.<\/p>\n<p><b>&#8220;SE\u00c7\u0130M KADER\u0130N\u0130 KARARSIZ GEN\u00c7 SE\u00c7MEN BEL\u0130RLEYECEK&#8221;<\/b><\/p>\n<p>&#8220;\u00d6rne\u011fin gen\u00e7ler KYK kredilerinin faizlerinin silinmesinin primini Erdo\u011fan&#8217;a m\u0131 K\u0131l\u0131\u00e7daro\u011flu&#8217;na m\u0131 verecek?&#8221; sorusunu ortaya atan Bekir A\u011f\u0131rd\u0131r, yan\u0131t\u0131n \u00f6nemini ise \u015f\u00f6yle anlatt\u0131: &#8220;Bu sorunun cevab\u0131 se\u00e7im s\u00fcrecini etkileyecek unsurlardan birisi olacak. \u00c7\u00fcnk\u00fc \u00f6n\u00fcm\u00fczdeki se\u00e7imlerde kabaca 6.5 milyona yak\u0131n gen\u00e7 se\u00e7menin ilk kez cumhurba\u015fkanl\u0131\u011f\u0131 se\u00e7imi i\u00e7in oy kullanaca\u011f\u0131n\u0131 tahmin ediyoruz. 2023&#8217;te yakla\u015f\u0131k 62 milyonu a\u015fk\u0131n yurt i\u00e7i se\u00e7men olacak. Bunlar\u0131n 20 milyonu 30 ya\u015f alt\u0131 se\u00e7menlerden ya da 9.5 milyonu 25 ya\u015f alt\u0131 se\u00e7menlerden ve hatta 6.5 milyonu bug\u00fcn 17-22 ya\u015f aral\u0131\u011f\u0131nda olan se\u00e7menlerden olu\u015facak. <\/p>\n<p><b>&#8220;OY KULLANMAYACAKLARINI S\u00d6YL\u00dcYORLAR&#8221;<\/b><\/p>\n<p>Son se\u00e7imlerden bu yana ger\u00e7ekle\u015ftirilen ara\u015ft\u0131rmalar\u0131n bulgular\u0131ndan yola \u00e7\u0131karsak, 17-18 ya\u015f aral\u0131\u011f\u0131ndakilerin \u00e7ok b\u00fcy\u00fck k\u0131sm\u0131, 18-24 ya\u015f aral\u0131\u011f\u0131ndakilerin yar\u0131s\u0131, 25-30 ya\u015f aral\u0131\u011f\u0131ndakilerin \u00fc\u00e7te biri ya karars\u0131z oldu\u011funu ya da oy kullanmayaca\u011f\u0131n\u0131 s\u00f6yl\u00fcyor. Ya da bug\u00fcn\u00fcn karars\u0131z ve oy kullanmayaca\u011f\u0131n\u0131 s\u00f6yleyen se\u00e7menlerinden bakarsak bu k\u00fcmenin yar\u0131s\u0131 gen\u00e7lerden olu\u015fuyor.&#8221;<\/p>\n","protected":false},"excerpt":{"rendered":"<p>KONDA Ara\u015ft\u0131rma \u015eirketi&#8217;nin genel m\u00fcd\u00fcrl\u00fc\u011f\u00fcn\u00fc \u00fcstlendi\u011fi s\u0131rada yapt\u0131\u011f\u0131 anketlerle tan\u0131nan \u00fcnl\u00fc anket\u00e7i Bekir A\u011f\u0131rd\u0131r, T\u00fcrkiye&#8217;nin merakla &#8230;<\/p>\n","protected":false},"author":1,"featured_media":21088,"comment_status":"closed","ping_status":"open","sticky":false,"template":"","format":"standard","meta":{"footnotes":""},"categories":[28],"tags":[320,938,556],"class_list":["post-21087","post","type-post","status-publish","format-standard","has-post-thumbnail","hentry","category-politika","tag-secim","tag-secmen","tag-yas"],"_links":{"self":[{"href":"https:\/\/haberulus.net\/index.php?rest_route=\/wp\/v2\/posts\/21087","targetHints":{"allow":["GET"]}}],"collection":[{"href":"https:\/\/haberulus.net\/index.php?rest_route=\/wp\/v2\/posts"}],"about":[{"href":"https:\/\/haberulus.net\/index.php?rest_route=\/wp\/v2\/types\/post"}],"author":[{"embeddable":true,"href":"https:\/\/haberulus.net\/index.php?rest_route=\/wp\/v2\/users\/1"}],"replies":[{"embeddable":true,"href":"https:\/\/haberulus.net\/index.php?rest_route=%2Fwp%2Fv2%2Fcomments&post=21087"}],"version-history":[{"count":1,"href":"https:\/\/haberulus.net\/index.php?rest_route=\/wp\/v2\/posts\/21087\/revisions"}],"predecessor-version":[{"id":21089,"href":"https:\/\/haberulus.net\/index.php?rest_route=\/wp\/v2\/posts\/21087\/revisions\/21089"}],"wp:featuredmedia":[{"embeddable":true,"href":"https:\/\/haberulus.net\/index.php?rest_route=\/wp\/v2\/media\/21088"}],"wp:attachment":[{"href":"https:\/\/haberulus.net\/index.php?rest_route=%2Fwp%2Fv2%2Fmedia&parent=21087"}],"wp:term":[{"taxonomy":"category","embeddable":true,"href":"https:\/\/haberulus.net\/index.php?rest_route=%2Fwp%2Fv2%2Fcategories&post=21087"},{"taxonomy":"post_tag","embeddable":true,"href":"https:\/\/haberulus.net\/index.php?rest_route=%2Fwp%2Fv2%2Ftags&post=21087"}],"curies":[{"name":"wp","href":"https:\/\/api.w.org\/{rel}","templated":true}]}}