{"id":21093,"date":"2022-08-08T21:12:08","date_gmt":"2022-08-08T21:12:08","guid":{"rendered":"https:\/\/haberulus.net\/?p=21093"},"modified":"2022-08-08T21:12:08","modified_gmt":"2022-08-08T21:12:08","slug":"icisleri-bakan-yardimcisi-cataklinin-sozleri-umit-ozdagi-kuplere-bindirecek-bir-deliyi-basimiza-sardilar","status":"publish","type":"post","link":"https:\/\/haberulus.net\/?p=21093","title":{"rendered":"\u0130\u00e7i\u015fleri Bakan Yard\u0131mc\u0131s\u0131 \u00c7atakl\u0131&#8217;n\u0131n s\u00f6zleri, \u00dcmit \u00d6zda\u011f&#8217;\u0131 k\u00fcplere bindirecek: Bir deliyi ba\u015f\u0131m\u0131za sard\u0131lar"},"content":{"rendered":"<p>S\u0131k s\u0131k m\u00fcltecilerle ilgili yapt\u0131\u011f\u0131 \u00e7\u0131k\u0131\u015flarla g\u00fcndeme gelen Zafer Partisi lideri  <strong>\u00dcmit \u00d6zda\u011f<\/strong>, yine ortaya \u00e7ok konu\u015fulacak bir iddia att\u0131.<\/p>\n<p><b>&#8220;HALK \u0130\u00c7\u0130N HARCANMASI GEREKEN 8 M\u0130LYON SUR\u0130YE&#8217;YE AKTARILDI&#8221;<\/b><\/p>\n<p>\u00d6zda\u011f, Ordu Valili\u011fi&#8217;nin Suriye&#8217;ye 8 milyon TL aktard\u0131\u011f\u0131n\u0131 belirterek, &#8220;Valiliklere yaz\u0131 yollanarak il b\u00fct\u00e7elerinden briket evler i\u00e7in kaynak aktarmalar\u0131 istendi. Ordu Valili\u011fi Ordu halk\u0131 i\u00e7in harcamas\u0131 gereken 8 milyon TL&#8217;yi Suriye&#8217;ye aktard\u0131. Se\u00e7imden \u00f6nce baz\u0131 Suriyelileri \u015fov ama\u00e7l\u0131 \u0130dlib&#8217;e yollay\u0131p orada besleyecekler&#8221; payla\u015f\u0131m\u0131 yapt\u0131.<\/p>\n<p><img decoding=\"async\" src=\"https:\/\/i.hbrcdn.com\/haber\/2022\/08\/07\/icisleri-bakan-yardimcisi-catakli-nin-sozleri-15148231_1619_m.jpg\" alt=\"\" title=\"\"><\/p>\n<p><b>ORDU VAL\u0130L\u0130\u011e\u0130: AMA\u00c7 PROVOKASYON<\/b><\/p>\n<p>S\u00f6z konusu iddialar sonras\u0131nda Ordu Valili\u011fi taraf\u0131ndan yap\u0131lan a\u00e7\u0131klamada ise&#8221;Bu iddia tamam\u0131yla ger\u00e7ek d\u0131\u015f\u0131 ve provokasyon ama\u00e7l\u0131d\u0131r. Valili\u011fimizden g\u00f6nderilen ne bir \u00f6denek ne de il b\u00fct\u00e7esinden yap\u0131lan bir harcama s\u00f6z konusudur. Hay\u0131rsever vatanda\u015flar\u0131n STK&#8217;lara yapt\u0131\u011f\u0131 ba\u011f\u0131\u015flarla ger\u00e7ekle\u015fen projeye, 2020 y\u0131l\u0131nda 35 briket yap\u0131m\u0131 i\u00e7in ilimizdeki STK&#8217;lar ve hay\u0131rsever i\u015f insanlar\u0131m\u0131z toplam 210 bin TL ba\u011f\u0131\u015f ile katk\u0131da bulunmu\u015ftur&#8221; denildi.<\/p>\n<p><img decoding=\"async\" src=\"https:\/\/i.hbrcdn.com\/haber\/2022\/08\/07\/icisleri-bakan-yardimcisi-catakli-nin-sozleri-15148231_5776_m.jpg\" alt=\"\" title=\"\"><\/p>\n<p><b>\u00c7ATAKLI: B\u0130R DEL\u0130Y\u0130 BA\u015eIMIZA SARDILAR<\/b><\/p>\n<p>\u0130\u00e7i\u015fleri Bakan Yard\u0131mc\u0131s\u0131 \u0130smail \u00c7atakl\u0131 da \u00d6zda\u011f&#8217;\u0131n bu iddialar\u0131 \u00fczerine a\u00e7\u0131klama yapt\u0131. Ordu Valili\u011fi&#8217;nin a\u00e7\u0131klamas\u0131n\u0131 al\u0131nt\u0131layan \u00c7atakl\u0131, &#8220;Bir deliyi ba\u015f\u0131m\u0131za sald\u0131lar. U\u011fra\u015f\u0131p duruyoruz. Hay\u0131rl\u0131s\u0131 Allah&#8217;tan. \u00dcmit \u00d6zda\u011f&#8217;\u0131n bitmek bilmeyen, koskoca yeni yalan\u0131na Ordu Valili\u011fimizin cevab\u0131&#8221; dedi.<\/p>\n<p><img decoding=\"async\" src=\"https:\/\/i.hbrcdn.com\/haber\/2022\/08\/07\/icisleri-bakan-yardimcisi-catakli-nin-sozleri-15148231_6037_m.jpg\" alt=\"\" title=\"\"><\/p>\n","protected":false},"excerpt":{"rendered":"<p>S\u0131k s\u0131k m\u00fcltecilerle ilgili yapt\u0131\u011f\u0131 \u00e7\u0131k\u0131\u015flarla g\u00fcndeme gelen Zafer Partisi lideri \u00dcmit \u00d6zda\u011f, yine ortaya \u00e7ok konu\u015fulacak bir iddia att\u0131. &#8220;HALK &#8230;<\/p>\n","protected":false},"author":1,"featured_media":21094,"comment_status":"closed","ping_status":"open","sticky":false,"template":"","format":"standard","meta":{"footnotes":""},"categories":[28],"tags":[5098],"class_list":["post-21093","post","type-post","status-publish","format-standard","has-post-thumbnail","hentry","category-politika","tag-ordu-valiligi"],"_links":{"self":[{"href":"https:\/\/haberulus.net\/index.php?rest_route=\/wp\/v2\/posts\/21093","targetHints":{"allow":["GET"]}}],"collection":[{"href":"https:\/\/haberulus.net\/index.php?rest_route=\/wp\/v2\/posts"}],"about":[{"href":"https:\/\/haberulus.net\/index.php?rest_route=\/wp\/v2\/types\/post"}],"author":[{"embeddable":true,"href":"https:\/\/haberulus.net\/index.php?rest_route=\/wp\/v2\/users\/1"}],"replies":[{"embeddable":true,"href":"https:\/\/haberulus.net\/index.php?rest_route=%2Fwp%2Fv2%2Fcomments&post=21093"}],"version-history":[{"count":1,"href":"https:\/\/haberulus.net\/index.php?rest_route=\/wp\/v2\/posts\/21093\/revisions"}],"predecessor-version":[{"id":21095,"href":"https:\/\/haberulus.net\/index.php?rest_route=\/wp\/v2\/posts\/21093\/revisions\/21095"}],"wp:featuredmedia":[{"embeddable":true,"href":"https:\/\/haberulus.net\/index.php?rest_route=\/wp\/v2\/media\/21094"}],"wp:attachment":[{"href":"https:\/\/haberulus.net\/index.php?rest_route=%2Fwp%2Fv2%2Fmedia&parent=21093"}],"wp:term":[{"taxonomy":"category","embeddable":true,"href":"https:\/\/haberulus.net\/index.php?rest_route=%2Fwp%2Fv2%2Fcategories&post=21093"},{"taxonomy":"post_tag","embeddable":true,"href":"https:\/\/haberulus.net\/index.php?rest_route=%2Fwp%2Fv2%2Ftags&post=21093"}],"curies":[{"name":"wp","href":"https:\/\/api.w.org\/{rel}","templated":true}]}}