{"id":22628,"date":"2022-08-11T07:21:04","date_gmt":"2022-08-11T07:21:04","guid":{"rendered":"https:\/\/haberulus.net\/?p=22628"},"modified":"2022-08-11T07:21:04","modified_gmt":"2022-08-11T07:21:04","slug":"dis-ticaret-haddi-haziranda-geriledi","status":"publish","type":"post","link":"https:\/\/haberulus.net\/?p=22628","title":{"rendered":"D\u0131\u015f ticaret haddi haziranda geriledi"},"content":{"rendered":"<p><b>\u0130hracat birim de\u011fer endeksi haziran ay\u0131nda bir \u00f6nceki y\u0131l\u0131n ayn\u0131 ay\u0131na g\u00f6re y\u00fczde 12 artt\u0131. D\u0131\u015f ticaret haddi ise bir \u00f6nceki y\u0131l\u0131n ayn\u0131 d\u00f6nemine g\u00f6re 15,6 puan azalarak 76 seviyesinde ger\u00e7ekle\u015fti.<\/b><\/p>\n<p>T\u00dc\u0130K Haziran 2022 d\u00f6nemine ait D\u0131\u015f Ticaret Endeksleri\u2019ni a\u00e7\u0131klad\u0131.<\/p>\n<p>Buna g\u00f6re, ihracat birim de\u011fer endeksi haziran ay\u0131nda bir \u00f6nceki y\u0131l\u0131n ayn\u0131 ay\u0131na g\u00f6re y\u00fczde 12 artt\u0131. Endeks bir \u00f6nceki y\u0131l\u0131n ayn\u0131 ay\u0131na g\u00f6re, g\u0131da, i\u00e7ecek ve t\u00fct\u00fcnde y\u00fczde 7,5 azal\u0131rken, ham maddelerde (yak\u0131t hari\u00e7) y\u00fczde 18,2, yak\u0131tlarda y\u00fczde 89,5 ve imalat sanayinde (g\u0131da, i\u00e7ecek, t\u00fct\u00fcn hari\u00e7) y\u00fczde 11,1 artt\u0131.<\/p>\n<p>\u0130hracat birim de\u011fer endeksi 2022 y\u0131l\u0131 ikinci \u00e7eyrekte bir \u00f6nceki y\u0131l\u0131n ikinci \u00e7eyre\u011fine g\u00f6re y\u00fczde 12,4 artt\u0131.<\/p>\n<p><b>\u0130HRACAT M\u0130KTAR ENDEKS\u0130 ARTTI<\/b><\/p>\n<p>\u0130hracat miktar endeksi haziran ay\u0131nda bir \u00f6nceki y\u0131l\u0131n ayn\u0131 ay\u0131na g\u00f6re y\u00fczde 6 artt\u0131. Endeks bir \u00f6nceki y\u0131l\u0131n ayn\u0131 ay\u0131na g\u00f6re, g\u0131da, i\u00e7ecek ve t\u00fct\u00fcnde y\u00fczde 23,5, ham maddelerde (yak\u0131t hari\u00e7) y\u00fczde 18,6, yak\u0131tlarda y\u00fczde 15,3 ve imalat sanayinde (g\u0131da, i\u00e7ecek, t\u00fct\u00fcn hari\u00e7) y\u00fczde 3,2 artt\u0131.<\/p>\n<div><img decoding=\"async\" src=\"https:\/\/i01.sozcucdn.com\/wp-content\/uploads\/2022\/08\/11\/indir-1.jpg\" alt=\"\" title=\"\"><\/p>\n<p>\u0130hracat birim de\u011fer ve miktar endeksleri, Haziran 2022<\/p>\n<\/div>\n<p>\u0130hracat miktar endeksi 2022 y\u0131l\u0131 ikinci \u00e7eyrekte bir \u00f6nceki y\u0131l\u0131n ikinci \u00e7eyre\u011fine g\u00f6re y\u00fczde 6,4 artt\u0131.<\/p>\n<p><b>\u0130THALAT B\u0130R\u0130M DE\u011eER ENDEKS\u0130NDE ARTI\u015e<\/b><\/p>\n<p>\u0130thalat birim de\u011fer endeksi haziran ay\u0131nda bir \u00f6nceki y\u0131l\u0131n ayn\u0131 ay\u0131na g\u00f6re y\u00fczde 34,9 artt\u0131. Endeks bir \u00f6nceki y\u0131l\u0131n ayn\u0131 ay\u0131na g\u00f6re, g\u0131da, i\u00e7ecek ve t\u00fct\u00fcnde y\u00fczde 23,3, ham maddelerde (yak\u0131t hari\u00e7) y\u00fczde 28,0, yak\u0131tlarda y\u00fczde 152,9 ve imalat sanayinde (g\u0131da, i\u00e7ecek, t\u00fct\u00fcn hari\u00e7) y\u00fczde 10,1 artt\u0131.<\/p>\n<p>\u0130thalat birim de\u011fer endeksi 2022 y\u0131l\u0131 ikinci \u00e7eyrekte bir \u00f6nceki y\u0131l\u0131n ikinci \u00e7eyre\u011fine g\u00f6re y\u00fczde 35,9 artt\u0131.<\/p>\n<div><img decoding=\"async\" src=\"https:\/\/i01.sozcucdn.com\/wp-content\/uploads\/2022\/08\/11\/indir-2.jpg\" alt=\"\" title=\"\"><\/p>\n<p>\u0130thalat birim de\u011fer ve miktar endeksleri, Haziran 2022<\/p>\n<\/div>\n<p>\u0130thalat miktar endeksi haziran ay\u0131nda bir \u00f6nceki y\u0131l\u0131n ayn\u0131 ay\u0131na g\u00f6re y\u00fczde 3,6 artt\u0131. Endeks bir \u00f6nceki y\u0131l\u0131n ayn\u0131 ay\u0131na g\u00f6re, g\u0131da, i\u00e7ecek ve t\u00fct\u00fcnde y\u00fczde 34,7, ham maddelerde (yak\u0131t hari\u00e7) y\u00fczde 0,8 ve imalat sanayinde (g\u0131da, i\u00e7ecek, t\u00fct\u00fcn hari\u00e7) y\u00fczde 7,9 artarken, yak\u0131tlarda y\u00fczde 12,0 azald\u0131.<\/p>\n<p>\u0130thalat miktar endeksi 2022 y\u0131l\u0131 ikinci \u00e7eyrekte bir \u00f6nceki y\u0131l\u0131n ikinci \u00e7eyre\u011fine g\u00f6re y\u00fczde 2,5 artt\u0131.<\/p>\n<p>Mevsim ve takvim etkilerinden ar\u0131nd\u0131r\u0131lm\u0131\u015f seriye g\u00f6re; 2022 May\u0131s ay\u0131nda 146,8 olan ihracat miktar endeksi y\u00fczde 6,0 artarak, 2022 Haziran ay\u0131nda 155,6 oldu. Takvim etkilerinden ar\u0131nd\u0131r\u0131lm\u0131\u015f seriye g\u00f6re ise; 2021 Haziran ay\u0131nda 145,4 olan ihracat miktar endeksi y\u00fczde 6,0 artarak, 2022 Haziran ay\u0131nda 154,2 oldu.<\/p>\n<p>Mevsim ve takvim etkilerinden ar\u0131nd\u0131r\u0131lm\u0131\u015f seriye g\u00f6re; 2022 May\u0131s ay\u0131nda 115,3 olan ithalat miktar endeksi y\u00fczde 2,0 azalarak, 2022 Haziran ay\u0131nda 113,0 oldu. Takvim etkilerinden ar\u0131nd\u0131r\u0131lm\u0131\u015f seriye g\u00f6re ise; 2021 Haziran ay\u0131nda 108,8 olan ithalat miktar endeksi y\u00fczde 3,6 artarak, 2022 Haziran ay\u0131nda 112,7 oldu.<\/p>\n<p><b>DI\u015e T\u0130CARET HADD\u0130 D\u00dc\u015eT\u00dc<\/b><\/p>\n<p><img decoding=\"async\" src=\"https:\/\/i01.sozcucdn.com\/wp-content\/uploads\/2022\/08\/11\/indir.jpg\" alt=\"\" title=\"\"><\/p>\n<p>\u0130hracat birim de\u011fer endeksinin ithalat birim de\u011fer endeksine b\u00f6l\u00fcnmesiyle hesaplanan ve 2021 y\u0131l\u0131 haziran ay\u0131nda 91,6 olarak elde edilmi\u015f olan d\u0131\u015f ticaret haddi, 15,6 puan azalarak, 2022 y\u0131l\u0131 Haziran ay\u0131nda 76 oldu.<\/p>\n<p>D\u0131\u015f ticaret haddi, 2022 y\u0131l\u0131 ikinci \u00e7eyre\u011finde, ge\u00e7en y\u0131l\u0131n ayn\u0131 d\u00f6nemine g\u00f6re 15,7 puan azalarak 75,3 oldu.<\/p>\n","protected":false},"excerpt":{"rendered":"<p>\u0130hracat birim de\u011fer endeksi haziran ay\u0131nda bir \u00f6nceki y\u0131l\u0131n ayn\u0131 ay\u0131na g\u00f6re y\u00fczde 12 artt\u0131. D\u0131\u015f ticaret haddi ise bir \u00f6nceki y\u0131l\u0131n ayn\u0131 d\u00f6nemine &#8230;<\/p>\n","protected":false},"author":1,"featured_media":22629,"comment_status":"closed","ping_status":"open","sticky":false,"template":"","format":"standard","meta":{"footnotes":""},"categories":[25],"tags":[128,1054,810,5314,5315],"class_list":["post-22628","post","type-post","status-publish","format-standard","has-post-thumbnail","hentry","category-ekonomi","tag-128","tag-endeks","tag-ihracat","tag-miktar-endeksi","tag-tutun"],"_links":{"self":[{"href":"https:\/\/haberulus.net\/index.php?rest_route=\/wp\/v2\/posts\/22628","targetHints":{"allow":["GET"]}}],"collection":[{"href":"https:\/\/haberulus.net\/index.php?rest_route=\/wp\/v2\/posts"}],"about":[{"href":"https:\/\/haberulus.net\/index.php?rest_route=\/wp\/v2\/types\/post"}],"author":[{"embeddable":true,"href":"https:\/\/haberulus.net\/index.php?rest_route=\/wp\/v2\/users\/1"}],"replies":[{"embeddable":true,"href":"https:\/\/haberulus.net\/index.php?rest_route=%2Fwp%2Fv2%2Fcomments&post=22628"}],"version-history":[{"count":1,"href":"https:\/\/haberulus.net\/index.php?rest_route=\/wp\/v2\/posts\/22628\/revisions"}],"predecessor-version":[{"id":22630,"href":"https:\/\/haberulus.net\/index.php?rest_route=\/wp\/v2\/posts\/22628\/revisions\/22630"}],"wp:featuredmedia":[{"embeddable":true,"href":"https:\/\/haberulus.net\/index.php?rest_route=\/wp\/v2\/media\/22629"}],"wp:attachment":[{"href":"https:\/\/haberulus.net\/index.php?rest_route=%2Fwp%2Fv2%2Fmedia&parent=22628"}],"wp:term":[{"taxonomy":"category","embeddable":true,"href":"https:\/\/haberulus.net\/index.php?rest_route=%2Fwp%2Fv2%2Fcategories&post=22628"},{"taxonomy":"post_tag","embeddable":true,"href":"https:\/\/haberulus.net\/index.php?rest_route=%2Fwp%2Fv2%2Ftags&post=22628"}],"curies":[{"name":"wp","href":"https:\/\/api.w.org\/{rel}","templated":true}]}}