{"id":22673,"date":"2022-08-11T08:21:03","date_gmt":"2022-08-11T08:21:03","guid":{"rendered":"https:\/\/haberulus.net\/?p=22673"},"modified":"2022-08-11T08:21:03","modified_gmt":"2022-08-11T08:21:03","slug":"avrupa-kitasi-kuraklik-yuzunden-ekonomik-sikintiya-dusebilir","status":"publish","type":"post","link":"https:\/\/haberulus.net\/?p=22673","title":{"rendered":"Avrupa k\u0131tas\u0131 kurakl\u0131k y\u00fcz\u00fcnden ekonomik s\u0131k\u0131nt\u0131ya d\u00fc\u015febilir"},"content":{"rendered":"<p><b>Avrupa alarm veriyor&#8230; K\u0131tan\u0131n yar\u0131s\u0131ndan fazlas\u0131, &#8220;500 y\u0131l\u0131n en k\u00f6t\u00fcs\u00fc&#8221; olma yolundaki bir kurakl\u0131k uyar\u0131s\u0131 alt\u0131nda.<\/b><\/p>\n<p><span>En son yay\u0131nlanan Avrupa Kurakl\u0131k G\u00f6zlemevi verileri, k\u0131tadaki topraklar\u0131n toplam y\u00fczde altm\u0131\u015f d\u00f6rd\u00fcn\u00fcn \u015fu anda bir kurakl\u0131k uyar\u0131s\u0131 alt\u0131nda oldu\u011funu g\u00f6steriyor.<\/p>\n<p><img decoding=\"async\" src=\"https:\/\/i01.sozcucdn.com\/wp-content\/uploads\/2022\/08\/11\/harita-ekran-660x481.jpg\" alt=\"\" title=\"\"><\/p>\n<p><\/span><\/p>\n<p><span>Temmuz verilerine dayanan Birle\u015fik Kurakl\u0131k G\u00f6stergesi\u2019nin son haritas\u0131na g\u00f6re, topraklar\u0131n y\u00fczde 47\u2019si \u201cuyar\u0131\u201d durumunda, yani toprakta nem eksikli\u011fi var. Y\u00fczde 17\u2019si ise alarm veriyor.\u00a0<\/span><\/p>\n<p><span>Daily Mail\u2019in haberine g\u00f6re, harita, en fazla kurakl\u0131\u011f\u0131n ya\u015fand\u0131\u011f\u0131 yerlerin \u0130ngiltere, Fransa, Bel\u00e7ika, Hollanda, Almanya, \u0130spanya, \u0130talya, Macaristan, Polonya ve Romanya oldu\u011funu g\u00f6steriyor. Birle\u015fik Krall\u0131k Ekoloji ve Hidroloji Merkezi de ekim ay\u0131na kadar nehirlerde \u201cola\u011fan\u00fcst\u00fc d\u00fc\u015f\u00fck\u201d ak\u0131\u015f seviyeleri \u00f6ng\u00f6r\u00fcyor.<\/span><\/p>\n<p><img decoding=\"async\" src=\"https:\/\/i01.sozcucdn.com\/wp-content\/uploads\/2022\/08\/11\/ren-nehri-reuters-660x406.jpg\" alt=\"\" title=\"\"><\/p>\n<p><b>REN NEHR\u0130\u2019NDEN MAL TA\u015eINAMAYAB\u0130L\u0130R<\/b><\/p>\n<p><span>Almanya\u2019da su yoluyla ta\u015f\u0131nan t\u00fcm mallar\u0131n y\u00fczde 80\u2019ini, end\u00fcstriyel merkezlerden Hollanda limanlar\u0131na ta\u015f\u0131yan Ren Nehri\u2019ndeki su seviyelerinin d\u00fc\u015f\u00fckl\u00fc\u011f\u00fc de o kadar ciddi bir noktada ki, bu hafta i\u00e7inde mavnalar i\u00e7in ge\u00e7ilmez hale gelebilir ve hayati petrol ile k\u00f6m\u00fcr kaynaklar\u0131n\u0131 tehdit edebilir.<\/span><\/p>\n<p><img decoding=\"async\" src=\"https:\/\/i01.sozcucdn.com\/wp-content\/uploads\/2022\/08\/11\/kuraklik-reuters2-660x414.jpg\" alt=\"\" title=\"\"><\/p>\n<p><span>Orman yang\u0131nlar\u0131 da Fransa genelinde yeniden yay\u0131l\u0131yor. S\u0131cakl\u0131klar ge\u00e7en ay rekor seviyelere y\u00fckselirken zaten k\u00f6t\u00fc bir \u015fekilde etkilenen bir b\u00f6lgeyi yak\u0131yor ve ayr\u0131ca g\u0131da \u00fcretiminin ortalaman\u0131n \u00e7ok alt\u0131na d\u00fc\u015fece\u011fi korkular\u0131 var.<\/p>\n<p><\/span><span>Ekonomistler, kurakl\u0131\u011f\u0131n \u00fclkelerin bu y\u0131lki genel ekonomik b\u00fcy\u00fcmelerini etkileyece\u011fini tahmin ederken, uzmanlar \u00fclkenin daha kurakl\u0131k vurmadan \u00f6nce bile Rusya\u2019dan dolay\u0131 bir enerji krizi nedeniyle durgunlukla kar\u015f\u0131 kar\u015f\u0131ya oldu\u011fu konusunda uyar\u0131yor.<\/span><\/p>\n<p>\u00a0<\/p>\n<p><span>\u00a0<\/span><\/p>\n","protected":false},"excerpt":{"rendered":"<p>Avrupa alarm veriyor&#8230; K\u0131tan\u0131n yar\u0131s\u0131ndan fazlas\u0131, &#8220;500 y\u0131l\u0131n en k\u00f6t\u00fcs\u00fc&#8221; olma yolundaki bir kurakl\u0131k uyar\u0131s\u0131 alt\u0131nda. En son yay\u0131nlanan Avrupa &#8230;<\/p>\n","protected":false},"author":1,"featured_media":22674,"comment_status":"closed","ping_status":"open","sticky":false,"template":"","format":"standard","meta":{"footnotes":""},"categories":[32],"tags":[5140],"class_list":["post-22673","post","type-post","status-publish","format-standard","has-post-thumbnail","hentry","category-teknoloji","tag-kuraklik"],"_links":{"self":[{"href":"https:\/\/haberulus.net\/index.php?rest_route=\/wp\/v2\/posts\/22673","targetHints":{"allow":["GET"]}}],"collection":[{"href":"https:\/\/haberulus.net\/index.php?rest_route=\/wp\/v2\/posts"}],"about":[{"href":"https:\/\/haberulus.net\/index.php?rest_route=\/wp\/v2\/types\/post"}],"author":[{"embeddable":true,"href":"https:\/\/haberulus.net\/index.php?rest_route=\/wp\/v2\/users\/1"}],"replies":[{"embeddable":true,"href":"https:\/\/haberulus.net\/index.php?rest_route=%2Fwp%2Fv2%2Fcomments&post=22673"}],"version-history":[{"count":1,"href":"https:\/\/haberulus.net\/index.php?rest_route=\/wp\/v2\/posts\/22673\/revisions"}],"predecessor-version":[{"id":22675,"href":"https:\/\/haberulus.net\/index.php?rest_route=\/wp\/v2\/posts\/22673\/revisions\/22675"}],"wp:featuredmedia":[{"embeddable":true,"href":"https:\/\/haberulus.net\/index.php?rest_route=\/wp\/v2\/media\/22674"}],"wp:attachment":[{"href":"https:\/\/haberulus.net\/index.php?rest_route=%2Fwp%2Fv2%2Fmedia&parent=22673"}],"wp:term":[{"taxonomy":"category","embeddable":true,"href":"https:\/\/haberulus.net\/index.php?rest_route=%2Fwp%2Fv2%2Fcategories&post=22673"},{"taxonomy":"post_tag","embeddable":true,"href":"https:\/\/haberulus.net\/index.php?rest_route=%2Fwp%2Fv2%2Ftags&post=22673"}],"curies":[{"name":"wp","href":"https:\/\/api.w.org\/{rel}","templated":true}]}}