{"id":22820,"date":"2022-08-11T10:36:03","date_gmt":"2022-08-11T10:36:03","guid":{"rendered":"https:\/\/haberulus.net\/?p=22820"},"modified":"2022-08-11T10:36:03","modified_gmt":"2022-08-11T10:36:03","slug":"konyasporun-rakibi-vaduz-son-idman-konya-sokaklarinda-yapti","status":"publish","type":"post","link":"https:\/\/haberulus.net\/?p=22820","title":{"rendered":"Konyaspor\u2019un rakibi Vaduz, son idman Konya sokaklar\u0131nda yapt\u0131"},"content":{"rendered":"<p><b>Konferans Ligi&#8217;ndeki temsilcimiz Arabam.com Konyaspor&#8217;un rakibi Vaduz, ma\u00e7 g\u00fcn\u00fc halk\u0131n \u015fa\u015fk\u0131n bak\u0131\u015flar\u0131 aras\u0131nda Konya sokaklar\u0131nda antrenman yapt\u0131.<\/b><\/p>\n<p>UEFA Avrupa Konferans Ligi 3. \u00d6n Eleme Turu r\u00f6van\u015f\u0131nda bu ak\u015fam Konyaspor ile kar\u015f\u0131 kar\u015f\u0131ya gelecek Lihten\u015ftayn\u2019\u0131n Vaduz tak\u0131m\u0131, kamp yapt\u0131\u011f\u0131 otelden \u00e7\u0131k\u0131p, Konya sokaklar\u0131nda antrenman yapt\u0131. Sokakta Vaduz tak\u0131m\u0131n\u0131n futbolcular\u0131n\u0131 g\u00f6renler \u015fa\u015fk\u0131nl\u0131k ya\u015fad\u0131.<\/p>\n<p>Konya B\u00fcy\u00fck\u015fehir Stad\u0131\u2019nda saat 20.00\u2019de Konyaspor ile r\u00f6van\u015f ma\u00e7\u0131na \u00e7\u0131kacak olan Vaduz tak\u0131m\u0131, \u00f6\u011fle saatlerinde kamp yapt\u0131\u011f\u0131 otelden \u00e7\u0131karak otelin kar\u015f\u0131s\u0131nda bulunan Cumhuriyet Mahallesi sokaklar\u0131nda antrenman yapt\u0131.<\/p>\n<p><img decoding=\"async\" src=\"https:\/\/i01.sozcucdn.com\/wp-content\/uploads\/2022\/08\/11\/resim6_21061005.jpg\" alt=\"\" title=\"\"><\/p>\n<p>Yol \u00fczerinde ko\u015fu yap\u0131p, sokak aralar\u0131nda ve apartman bah\u00e7e duvarlar\u0131n\u0131 kullanarak esneme hareketleri yapan Vaduz tak\u0131m\u0131, antrenman\u0131n ard\u0131ndan otele d\u00f6nd\u00fc. Vaduz tak\u0131m\u0131 futbolcular\u0131n\u0131 mahalle aralar\u0131nda antrenman yaparken g\u00f6renler de \u015fa\u015fk\u0131nl\u0131k ya\u015fad\u0131.<\/p>\n<p><img decoding=\"async\" src=\"https:\/\/i01.sozcucdn.com\/wp-content\/uploads\/2022\/08\/11\/resim5_21060997.jpg\" alt=\"\" title=\"\"><\/p>\n<p><b>\u201c\u0130SV\u0130\u00c7RE\u2019DE DE B\u00d6YLE \u00c7ALI\u015eIYORUZ\u201d<\/b><\/p>\n<p>Vaduz\u2019un T\u00fcrk futbolcusu Tunahan \u00c7i\u00e7ek, \u201cYapt\u0131\u011f\u0131m\u0131z antrenman hem ilgin\u00e7 hem de \u00e7ok g\u00fczel. Tak\u0131m \u00e7ok iyi haz\u0131rland\u0131 bu ma\u00e7a. Bizim i\u00e7in \u00e7ok b\u00fcy\u00fck bir ma\u00e7. Elimizden ne geliyorsa deneyece\u011fiz. Ne hay\u0131rl\u0131ysa o olsun. Biz \u0130svi\u00e7re\u2019de de t\u00fcm tak\u0131mlar b\u00f6yle \u00e7al\u0131\u015fmalar yap\u0131yoruz. Bug\u00fcn baya\u011f\u0131 bir taraftar da olacakm\u0131\u015f, biz de heyecan i\u00e7erisinde ma\u00e7 saatini bekliyoruz\u201d dedi.<\/p>\n<p><img decoding=\"async\" src=\"https:\/\/i01.sozcucdn.com\/wp-content\/uploads\/2022\/08\/11\/resim4_21061009.jpg\" alt=\"\" title=\"\"><br \/> <img decoding=\"async\" src=\"https:\/\/i01.sozcucdn.com\/wp-content\/uploads\/2022\/08\/11\/resim1_21061012.jpg\" alt=\"\" title=\"\"><\/p>\n","protected":false},"excerpt":{"rendered":"<p>Konferans Ligi&#8217;ndeki temsilcimiz Arabam.com Konyaspor&#8217;un rakibi Vaduz, ma\u00e7 g\u00fcn\u00fc halk\u0131n \u015fa\u015fk\u0131n bak\u0131\u015flar\u0131 aras\u0131nda Konya sokaklar\u0131nda antrenman &#8230;<\/p>\n","protected":false},"author":1,"featured_media":22821,"comment_status":"closed","ping_status":"open","sticky":false,"template":"","format":"standard","meta":{"footnotes":""},"categories":[31],"tags":[362,882,290,2354],"class_list":["post-22820","post","type-post","status-publish","format-standard","has-post-thumbnail","hentry","category-spor","tag-antrenman","tag-konya","tag-mac","tag-sokak"],"_links":{"self":[{"href":"https:\/\/haberulus.net\/index.php?rest_route=\/wp\/v2\/posts\/22820","targetHints":{"allow":["GET"]}}],"collection":[{"href":"https:\/\/haberulus.net\/index.php?rest_route=\/wp\/v2\/posts"}],"about":[{"href":"https:\/\/haberulus.net\/index.php?rest_route=\/wp\/v2\/types\/post"}],"author":[{"embeddable":true,"href":"https:\/\/haberulus.net\/index.php?rest_route=\/wp\/v2\/users\/1"}],"replies":[{"embeddable":true,"href":"https:\/\/haberulus.net\/index.php?rest_route=%2Fwp%2Fv2%2Fcomments&post=22820"}],"version-history":[{"count":1,"href":"https:\/\/haberulus.net\/index.php?rest_route=\/wp\/v2\/posts\/22820\/revisions"}],"predecessor-version":[{"id":22822,"href":"https:\/\/haberulus.net\/index.php?rest_route=\/wp\/v2\/posts\/22820\/revisions\/22822"}],"wp:featuredmedia":[{"embeddable":true,"href":"https:\/\/haberulus.net\/index.php?rest_route=\/wp\/v2\/media\/22821"}],"wp:attachment":[{"href":"https:\/\/haberulus.net\/index.php?rest_route=%2Fwp%2Fv2%2Fmedia&parent=22820"}],"wp:term":[{"taxonomy":"category","embeddable":true,"href":"https:\/\/haberulus.net\/index.php?rest_route=%2Fwp%2Fv2%2Fcategories&post=22820"},{"taxonomy":"post_tag","embeddable":true,"href":"https:\/\/haberulus.net\/index.php?rest_route=%2Fwp%2Fv2%2Ftags&post=22820"}],"curies":[{"name":"wp","href":"https:\/\/api.w.org\/{rel}","templated":true}]}}