{"id":22838,"date":"2022-08-11T11:06:03","date_gmt":"2022-08-11T11:06:03","guid":{"rendered":"https:\/\/haberulus.net\/?p=22838"},"modified":"2022-08-11T11:06:03","modified_gmt":"2022-08-11T11:06:03","slug":"fenerbahce-keita-balde-transferi-icin-devrede","status":"publish","type":"post","link":"https:\/\/haberulus.net\/?p=22838","title":{"rendered":"Fenerbah\u00e7e, Keita Balde transferi i\u00e7in devrede!"},"content":{"rendered":"<p><b>Forvet transferi i\u00e7in kollar\u0131 s\u0131vayan Fenerbah\u00e7e y\u00f6netimi, Cagliari ile s\u00f6zle\u015fmesi sona eren ve serbest konumdaki Keita Balde&#8217;yi g\u00fcndemine ald\u0131. Ancak y\u0131ld\u0131z futbolcuya ba\u015fka kul\u00fcplerin de ilgi g\u00f6stermesi, transferi zora sokuyor&#8230;<\/b><\/p>\n<p>Yapt\u0131\u011f\u0131 11 transfere ra\u011fmen forvete ihtiya\u00e7 duyan Fenerbah\u00e7e bir\u00e7ok golc\u00fc isim ile temaslar\u0131n\u0131 s\u00fcrd\u00fcr\u00fcyor.<\/p>\n<p>Belotti, Plea, Sorloth, Maxi Gomez derken, son 2 g\u00fcnd\u00fcr S\u00fcper Lig\u2019den tan\u0131nan Aboubakar ve Batshuai isimleri sar\u0131-lacivertli ekip i\u00e7in g\u00fcndemde. DHA\u2019n\u0131n haberine g\u00f6re; Fenerbah\u00e7e y\u00f6netiminin bir ba\u015fka isimle de temasta oldu\u011fu ortaya \u00e7\u0131kt\u0131. \u0130talya\u2019dan gelen haberlerde Keita Balde i\u00e7in giri\u015fim yap\u0131ld\u0131. Ancak her transferde oldu\u011fu gibi Senegalli oyuncuyu ba\u015fka kul\u00fcplerin de istemesi i\u015fi zorla\u015ft\u0131r\u0131yor.<\/p>\n<p>\u0130spanyol as\u0131ll\u0131 Senegalli futbolcu olan ve ayn\u0131 zamanda Frans\u0131z vatanda\u015fl\u0131\u011f\u0131 bulunan Keita Balde\u2019nin Cagliari ile s\u00f6zle\u015fmesi sona erdi ve serbest konumda bulunuyor. Futbolcunun menajeri ile g\u00f6r\u00fc\u015fmeler devam ederken, Valencia ve Roma\u2019n\u0131n da bu oyuncuyu istedi\u011fi \u00f6\u011frenildi.<\/p>\n<p>Balde i\u00e7in geli\u015fmeleri yak\u0131ndan takip eden Fenerbah\u00e7e y\u00f6netimi transferin son g\u00fcn\u00fcne kadar di\u011fer se\u00e7enekleri de s\u0131cak tutacak.<\/p>\n<p><b>BALDE K\u0130MD\u0130R ?<\/b><\/p>\n<p>Kariyerinde Lazio, Inter, Monaco gibi tak\u0131mlarda oynayan Keita Balde, \u0130talyan tak\u0131mlar\u0131yla \u00e7\u0131kt\u0131\u011f\u0131 toplam 218 ma\u00e7ta 46 gol ve 28 asistlik performans g\u00f6sterirken Monaco ile ya\u015fad\u0131\u011f\u0131 Fransa ser\u00fcveninde oynad\u0131\u011f\u0131 60 ma\u00e7ta 16 gol ve 15 asistlik katk\u0131 sa\u011flad\u0131.<\/p>\n<p>\u00d6te yandan 27 yan\u0131ndaki santrfor, Senegal milli tak\u0131m formas\u0131n\u0131 giydi\u011fi 39 ma\u00e7ta 6 gol ve 3 asistle oynad\u0131. Ayr\u0131ca Senegalli oyuncu kariyerinde, 2017-2018 y\u0131l\u0131nda Lazio ile \u0130talya S\u00fcper Kupas\u0131 ve 2022 y\u0131l\u0131nda Senegal milli formas\u0131yla Afrika \u015eampiyonlu\u011fu ya\u015fad\u0131.<\/p>\n","protected":false},"excerpt":{"rendered":"<p>Forvet transferi i\u00e7in kollar\u0131 s\u0131vayan Fenerbah\u00e7e y\u00f6netimi, Cagliari ile s\u00f6zle\u015fmesi sona eren ve serbest konumdaki Keita Balde&#8217;yi g\u00fcndemine ald\u0131 &#8230;<\/p>\n","protected":false},"author":1,"featured_media":22839,"comment_status":"closed","ping_status":"open","sticky":false,"template":"","format":"standard","meta":{"footnotes":""},"categories":[31],"tags":[5356,5357],"class_list":["post-22838","post","type-post","status-publish","format-standard","has-post-thumbnail","hentry","category-spor","tag-balde","tag-senegal"],"_links":{"self":[{"href":"https:\/\/haberulus.net\/index.php?rest_route=\/wp\/v2\/posts\/22838","targetHints":{"allow":["GET"]}}],"collection":[{"href":"https:\/\/haberulus.net\/index.php?rest_route=\/wp\/v2\/posts"}],"about":[{"href":"https:\/\/haberulus.net\/index.php?rest_route=\/wp\/v2\/types\/post"}],"author":[{"embeddable":true,"href":"https:\/\/haberulus.net\/index.php?rest_route=\/wp\/v2\/users\/1"}],"replies":[{"embeddable":true,"href":"https:\/\/haberulus.net\/index.php?rest_route=%2Fwp%2Fv2%2Fcomments&post=22838"}],"version-history":[{"count":1,"href":"https:\/\/haberulus.net\/index.php?rest_route=\/wp\/v2\/posts\/22838\/revisions"}],"predecessor-version":[{"id":22840,"href":"https:\/\/haberulus.net\/index.php?rest_route=\/wp\/v2\/posts\/22838\/revisions\/22840"}],"wp:featuredmedia":[{"embeddable":true,"href":"https:\/\/haberulus.net\/index.php?rest_route=\/wp\/v2\/media\/22839"}],"wp:attachment":[{"href":"https:\/\/haberulus.net\/index.php?rest_route=%2Fwp%2Fv2%2Fmedia&parent=22838"}],"wp:term":[{"taxonomy":"category","embeddable":true,"href":"https:\/\/haberulus.net\/index.php?rest_route=%2Fwp%2Fv2%2Fcategories&post=22838"},{"taxonomy":"post_tag","embeddable":true,"href":"https:\/\/haberulus.net\/index.php?rest_route=%2Fwp%2Fv2%2Ftags&post=22838"}],"curies":[{"name":"wp","href":"https:\/\/api.w.org\/{rel}","templated":true}]}}