{"id":23189,"date":"2022-08-11T21:06:03","date_gmt":"2022-08-11T21:06:03","guid":{"rendered":"https:\/\/haberulus.net\/?p=23189"},"modified":"2022-08-11T21:06:03","modified_gmt":"2022-08-11T21:06:03","slug":"karamollaoglu-tayyip-beyin-kazanabilmek-icin-denemeyecegi-bir-usul-yoktur","status":"publish","type":"post","link":"https:\/\/haberulus.net\/?p=23189","title":{"rendered":"Karamollao\u011flu: Tayyip beyin kazanabilmek i\u00e7in denemeyece\u011fi bir usul yoktur"},"content":{"rendered":"<p><b>Cumhurba\u015fkan\u0131 ve AKP Genel Ba\u015fkan\u0131 Erdo\u011fan&#8217;\u0131n cemevi ziyaretini de\u011ferlendiren Saadet Partisi Genel Ba\u015fkan\u0131 Temel Karamollao\u011flu, &#8220;Tayyip bey bana g\u00f6re her yolu deneyecek olan bir insan. Tayyip beyin kazanabilmek i\u00e7in denemeyece\u011fi bir usul yoktur&#8221; dedi.<\/b><\/p>\n<p>Saadet Partisi Genel Ba\u015fkan\u0131 Temel Karamollao\u011flu, kat\u0131ld\u0131\u011f\u0131 televizyon program\u0131nda a\u00e7\u0131klamalarda bulundu.<\/p>\n<p>Cumhurba\u015fkan\u0131 ve AKP Genel Ba\u015fkan\u0131 Recep Tayyip Erdo\u011fan&#8217;\u0131n cemevi ziyaretini de\u011ferlendiren Karamollao\u011flu, \u201cTayyip bey bana g\u00f6re her yolu deneyecek olan bir insan. Ge\u00e7en se\u00e7imlerde nas\u0131l oluyor da hapiste ter\u00f6rden dolay\u0131 tutulan bir insan\u0131 televizyonlarda neredeyse konu\u015fturttu. Selam vereni su\u00e7lu ilan ediyor, ama kendisi \u00e7\u0131k\u0131p bu adam\u0131 televizyona \u00e7\u0131kart\u0131yor. Tayyip beyin kazanabilmek i\u00e7in denemeyece\u011fi bir usul yoktur\u201d dedi.<\/p>\n<p>Karamollao\u011flu, Erdo\u011fan\u2019\u0131n cemevi ziyaretiyle, \u201cBiz ge\u00e7mi\u015fte farkl\u0131 tav\u0131rlar i\u00e7inde bulunsak bile asl\u0131nda biz bir b\u00fct\u00fcn\u00fcz. Ben bu b\u00fct\u00fcnl\u00fc\u011f\u00fcn sa\u011flanmas\u0131ndan yanay\u0131m. Siz de benden korkmay\u0131n, sizden destek isterim\u201d mesaj\u0131 verdi\u011fini belirtti.<\/p>\n<p><strong>\u201cERDO\u011eAN\u2019IN S\u0130YAS\u0130 \u00d6MR\u00dc B\u0130TM\u0130\u015e OLACAK\u201d<\/strong><\/p>\n<p>\u201cCumhurba\u015fkan\u0131 Erdo\u011fan\u2019\u0131n siyasi \u00f6mr\u00fc art\u0131k yeni Cumhurba\u015fkan\u0131 se\u00e7ildi\u011fi zaman bitmi\u015f olacak. Erdo\u011fan kaybederse \u00e7ekilir\u201d diyen Karamollao\u011flu, \u00f6n\u00fcm\u00fczdeki se\u00e7imler i\u00e7inse \u201cBen eninde sonunda Cumhurba\u015fkan\u0131 Erdo\u011fan\u2019\u0131n tekrar aday olaca\u011f\u0131n\u0131 d\u00fc\u015f\u00fcn\u00fcyorum\u201d dedi.<\/p>\n","protected":false},"excerpt":{"rendered":"<p>Cumhurba\u015fkan\u0131 ve AKP Genel Ba\u015fkan\u0131 Erdo\u011fan&#8217;\u0131n cemevi ziyaretini de\u011ferlendiren Saadet Partisi Genel Ba\u015fkan\u0131 Temel Karamollao\u011flu, &#8220;Tayyip bey bana &#8230;<\/p>\n","protected":false},"author":1,"featured_media":23190,"comment_status":"closed","ping_status":"open","sticky":false,"template":"","format":"standard","meta":{"footnotes":""},"categories":[26],"tags":[481,259,1737,5415],"class_list":["post-23189","post","type-post","status-publish","format-standard","has-post-thumbnail","hentry","category-gundem","tag-cumhurbaskani","tag-erdogan","tag-karamollaoglu","tag-tayyip"],"_links":{"self":[{"href":"https:\/\/haberulus.net\/index.php?rest_route=\/wp\/v2\/posts\/23189","targetHints":{"allow":["GET"]}}],"collection":[{"href":"https:\/\/haberulus.net\/index.php?rest_route=\/wp\/v2\/posts"}],"about":[{"href":"https:\/\/haberulus.net\/index.php?rest_route=\/wp\/v2\/types\/post"}],"author":[{"embeddable":true,"href":"https:\/\/haberulus.net\/index.php?rest_route=\/wp\/v2\/users\/1"}],"replies":[{"embeddable":true,"href":"https:\/\/haberulus.net\/index.php?rest_route=%2Fwp%2Fv2%2Fcomments&post=23189"}],"version-history":[{"count":1,"href":"https:\/\/haberulus.net\/index.php?rest_route=\/wp\/v2\/posts\/23189\/revisions"}],"predecessor-version":[{"id":23191,"href":"https:\/\/haberulus.net\/index.php?rest_route=\/wp\/v2\/posts\/23189\/revisions\/23191"}],"wp:featuredmedia":[{"embeddable":true,"href":"https:\/\/haberulus.net\/index.php?rest_route=\/wp\/v2\/media\/23190"}],"wp:attachment":[{"href":"https:\/\/haberulus.net\/index.php?rest_route=%2Fwp%2Fv2%2Fmedia&parent=23189"}],"wp:term":[{"taxonomy":"category","embeddable":true,"href":"https:\/\/haberulus.net\/index.php?rest_route=%2Fwp%2Fv2%2Fcategories&post=23189"},{"taxonomy":"post_tag","embeddable":true,"href":"https:\/\/haberulus.net\/index.php?rest_route=%2Fwp%2Fv2%2Ftags&post=23189"}],"curies":[{"name":"wp","href":"https:\/\/api.w.org\/{rel}","templated":true}]}}