{"id":23210,"date":"2022-08-11T21:37:20","date_gmt":"2022-08-11T21:37:20","guid":{"rendered":"https:\/\/haberulus.net\/?p=23210"},"modified":"2022-08-11T21:37:20","modified_gmt":"2022-08-11T21:37:20","slug":"cumhurbaskani-erdogandan-eren-bulbul-ve-ferhat-gedik-paylasimi","status":"publish","type":"post","link":"https:\/\/haberulus.net\/?p=23210","title":{"rendered":"Cumhurba\u015fkan\u0131 Erdo\u011fan&#8217;dan Eren B\u00fclb\u00fcl ve Ferhat Gedik payla\u015f\u0131m\u0131"},"content":{"rendered":"<p>Cumhurba\u015fkan\u0131 Recep Tayyip Erdo\u011fan, ter\u00f6r \u00f6rg\u00fct\u00fc PKK&#8217;n\u0131n katletti\u011fi Eren B\u00fclb\u00fcl&#8217;\u00fcn ve Jandarma Astsubay Ferhat Gedik&#8217;in \u00f6l\u00fcm y\u0131l d\u00f6n\u00fcm\u00fc dolay\u0131s\u0131yla anma mesaj\u0131 payla\u015ft\u0131.<\/p>\n<p><b>&#8220;M\u00dcCADELEM\u0130ZE AMAN VERMEDEN DEVAM EDECE\u011e\u0130Z&#8221;<\/b><\/p>\n<p>Cumhurba\u015fkan\u0131 Erdo\u011fan, Twitter hesab\u0131ndan yapt\u0131\u011f\u0131 payla\u015f\u0131mda, &#8220;Ter\u00f6r \u00f6rg\u00fct\u00fc PKK&#8217;n\u0131n al\u00e7ak\u00e7a katletti\u011fi Eren evlad\u0131m\u0131z ile Jandarma Astsubay\u0131m\u0131z Ferhat Gedik&#8217;i \u015fehadetlerinin 5. y\u0131l\u0131nda tazimle yad ediyorum. \u015eehitlerimizin eli kanl\u0131 katiller s\u00fcr\u00fcs\u00fcne cesurca kar\u015f\u0131 geli\u015finden ald\u0131\u011f\u0131m\u0131z g\u00fc\u00e7le ter\u00f6rle m\u00fccadelemize aman vermeden devam edece\u011fiz&#8221; ifadelerini kulland\u0131.<\/p>\n<p><img decoding=\"async\" src=\"https:\/\/i.hbrcdn.com\/haber\/2022\/08\/12\/cumhurbaskani-erdogan-dan-eren-bulbul-ve-ferhat-15165153_7236_m.jpg\" alt=\"\" title=\"\"><\/p>\n<div>\u0130hlas Haber Ajans\u0131 \/  Politika <\/div>\n","protected":false},"excerpt":{"rendered":"<p>Cumhurba\u015fkan\u0131 Recep Tayyip Erdo\u011fan, ter\u00f6r \u00f6rg\u00fct\u00fc PKK&#8217;n\u0131n katletti\u011fi Eren B\u00fclb\u00fcl&#8217;\u00fcn ve Jandarma Astsubay Ferhat Gedik&#8217;in \u00f6l\u00fcm y\u0131l d\u00f6n\u00fcm\u00fc &#8230;<\/p>\n","protected":false},"author":1,"featured_media":23211,"comment_status":"closed","ping_status":"open","sticky":false,"template":"","format":"standard","meta":{"footnotes":""},"categories":[28],"tags":[],"class_list":["post-23210","post","type-post","status-publish","format-standard","has-post-thumbnail","hentry","category-politika"],"_links":{"self":[{"href":"https:\/\/haberulus.net\/index.php?rest_route=\/wp\/v2\/posts\/23210","targetHints":{"allow":["GET"]}}],"collection":[{"href":"https:\/\/haberulus.net\/index.php?rest_route=\/wp\/v2\/posts"}],"about":[{"href":"https:\/\/haberulus.net\/index.php?rest_route=\/wp\/v2\/types\/post"}],"author":[{"embeddable":true,"href":"https:\/\/haberulus.net\/index.php?rest_route=\/wp\/v2\/users\/1"}],"replies":[{"embeddable":true,"href":"https:\/\/haberulus.net\/index.php?rest_route=%2Fwp%2Fv2%2Fcomments&post=23210"}],"version-history":[{"count":1,"href":"https:\/\/haberulus.net\/index.php?rest_route=\/wp\/v2\/posts\/23210\/revisions"}],"predecessor-version":[{"id":23212,"href":"https:\/\/haberulus.net\/index.php?rest_route=\/wp\/v2\/posts\/23210\/revisions\/23212"}],"wp:featuredmedia":[{"embeddable":true,"href":"https:\/\/haberulus.net\/index.php?rest_route=\/wp\/v2\/media\/23211"}],"wp:attachment":[{"href":"https:\/\/haberulus.net\/index.php?rest_route=%2Fwp%2Fv2%2Fmedia&parent=23210"}],"wp:term":[{"taxonomy":"category","embeddable":true,"href":"https:\/\/haberulus.net\/index.php?rest_route=%2Fwp%2Fv2%2Fcategories&post=23210"},{"taxonomy":"post_tag","embeddable":true,"href":"https:\/\/haberulus.net\/index.php?rest_route=%2Fwp%2Fv2%2Ftags&post=23210"}],"curies":[{"name":"wp","href":"https:\/\/api.w.org\/{rel}","templated":true}]}}