{"id":23225,"date":"2022-08-12T00:06:03","date_gmt":"2022-08-12T00:06:03","guid":{"rendered":"https:\/\/haberulus.net\/?p=23225"},"modified":"2022-08-12T00:06:03","modified_gmt":"2022-08-12T00:06:03","slug":"iletisim-baskani-fahrettin-altundan-yik-sonrasi-aciklama","status":"publish","type":"post","link":"https:\/\/haberulus.net\/?p=23225","title":{"rendered":"\u0130leti\u015fim Ba\u015fkan\u0131 Fahrettin Altun&#8217;dan Y\u0130K sonras\u0131 a\u00e7\u0131klama"},"content":{"rendered":"<p>\u0130leti\u015fim Ba\u015fkan\u0131  <strong>Fahrettin Altun<\/strong>, Cumhurba\u015fkanl\u0131\u011f\u0131 Y\u00fcksek \u0130sti\u015fare Kurulu (Y\u0130K) toplant\u0131s\u0131nda, kurul \u00fcyelerinin yurt d\u0131\u015f\u0131nda ve \u00f6zellikle de Avrupa&#8217;da T\u00fcrkiye aleyhinde y\u00fcr\u00fct\u00fclen propagandalar ile bunlara kar\u015f\u0131 al\u0131nacak tedbirler konusunda isti\u015farelerde bulunduklar\u0131n\u0131 kaydetti.<\/p>\n<p>Cumhurba\u015fkanl\u0131\u011f\u0131 Y\u00fcksek \u0130sti\u015fare Kurulu toplant\u0131s\u0131, Cumhurba\u015fkan\u0131 Recep Tayyip Erdo\u011fan ba\u015fkanl\u0131\u011f\u0131nda Be\u015ftepe&#8217;de ger\u00e7ekle\u015fti. \u0130leti\u015fim Ba\u015fkan\u0131 Fahrettin Altun toplant\u0131 sonras\u0131 a\u00e7\u0131klama yapt\u0131. Y\u00fcksek \u0130sti\u015fare Kurulu toplant\u0131s\u0131n\u0131n Cumhurba\u015fkan\u0131 Erdo\u011fan ba\u015fkanl\u0131\u011f\u0131nda ger\u00e7ekle\u015ftirildi\u011fini s\u00f6yleyen Altun, Cumhurba\u015fkanl\u0131\u011f\u0131 K\u00fclliyesindeki toplant\u0131da Kurul \u00fcyelerinin yurt d\u0131\u015f\u0131nda ve \u00f6zellikle de Avrupa&#8217;da T\u00fcrkiye aleyhinde y\u00fcr\u00fct\u00fclen propagandalar ile bunlara kar\u015f\u0131 al\u0131nacak tedbirler konusunda isti\u015farelerde bulunduklar\u0131n\u0131 kaydetti.<\/p>\n<p>Altun, Kurul \u00fcyelerinin bu \u00e7er\u00e7evede T\u00fcrkiye&#8217;deki yabanc\u0131 vak\u0131flar\u0131n ve benzeri kurulu\u015flar\u0131n faaliyetlerini de de\u011ferlendirdi\u011fini ifade ederek, &#8220;T\u00fcrkiye demokrasi ve kalk\u0131nma yolunda mesafe kat ettik\u00e7e, ba\u011f\u0131ms\u0131z ad\u0131mlar att\u0131k\u00e7a, Avrupa&#8217;n\u0131n \u00fclkemize olan husumet d\u00fczeyinin de y\u00fckseldi\u011fine dikkati \u00e7eken Kurul \u00fcyeleri, Avrupa Birli\u011fi \u00fcyelik s\u00fcrecinden ter\u00f6rle m\u00fccadele ve s\u0131\u011f\u0131nmac\u0131 konular\u0131na, Avrupa&#8217;n\u0131n T\u00fcrkiye&#8217;ye kar\u015f\u0131 sergiledi\u011fi tutars\u0131z, haks\u0131z, adaletsiz ve riyakar tutuma i\u015faret etmi\u015flerdir&#8221; a\u00e7\u0131klamas\u0131nda bulundu.<\/p>\n<p>Kurul \u00fcyelerinin T\u00fcrkiye&#8217;nin se\u00e7im sath\u0131 mailine girdik\u00e7e sosyal medya kaynakl\u0131 dezenformasyonlar\u0131n ve milli birli\u011fi zedelemeye d\u00f6n\u00fck provokasyonlar\u0131n artabilece\u011fini belirtti\u011fini s\u00f6yleyen Altun, &#8220;Kurul \u00fcyeleri, \u00fclkemiz ve milletimiz ile ilgili sadece s\u0131n\u0131rlar i\u00e7inde de\u011fil yurtd\u0131\u015f\u0131nda da yo\u011funluk kazanaca\u011f\u0131 anla\u015f\u0131lan iftira kampanyalar\u0131na kar\u015f\u0131 al\u0131nacak tedbirler \u00fczerine fikir teatisinde bulunmu\u015flard\u0131r&#8221; dedi.<\/p>\n<p>Cumhurba\u015fkan\u0131 Erdo\u011fan&#8217;\u0131n toplant\u0131da, Avrupa&#8217;daki T\u00fcrkiye aleyhtar\u0131 siyasi ve sosyal alerjinin \u00e7ok derin tarihi k\u00f6kleri oldu\u011funu belirtti\u011fini ifade eden Altun, Avrupa&#8217;n\u0131n etnik ve dini fanatizmini demokrasi, insan haklar\u0131, \u00f6zg\u00fcrl\u00fckler gibi kavramlar\u0131n arkas\u0131na saklanarak sergiledi\u011fini dile getirdi\u011fini kaydetti. Altun, a\u00e7\u0131klamas\u0131n\u0131n devam\u0131nda \u015fu ifadelere yer verdi: <\/p>\n<p>&#8220;Bat\u0131n\u0131n medeniyet de\u011ferleri diye t\u00fcm d\u00fcnyaya dayat\u0131lan ilkelerin kendi g\u00fcvenlik ve refah d\u00fczeni tehdit alt\u0131na girdi\u011finde bizzat bu \u00fclkeler taraf\u0131ndan ayaklar alt\u0131na al\u0131nd\u0131\u011f\u0131n\u0131 defalarca g\u00f6rd\u00fcklerini ifade eden Cumhurba\u015fkan\u0131m\u0131z, &#8216;Hak ve \u00f6zg\u00fcrl\u00fckler konusunda, hukuk devleti k\u0131l\u0131f\u0131na s\u0131\u011fd\u0131r\u0131lm\u0131\u015f nice fa\u015fist uygulamaya imza atanlar, bize kar\u015f\u0131 tam tersi bir \u00e7irkeflik i\u00e7indedir. Avrupa&#8217;daki vatanda\u015flar\u0131m\u0131z\u0131n en insani taleplerine bile s\u0131rtlar\u0131n\u0131 d\u00f6nenlerin, \u00fclkemizde diledikleri gibi at ko\u015fturma taleplerinin gerisindeki niyeti biz gayet iyi biliyoruz. Bize kar\u015f\u0131 \u00f6fkelerinin sebebi, toplumsal ve toprak b\u00fct\u00fcnl\u00fc\u011f\u00fcn\u00fc bozduklar\u0131, devlet sistemini \u00e7\u00f6kerttikleri yerlerde oynad\u0131klar\u0131 oyunu \u00fclkemizde de tekrarlayamam\u0131\u015f olmalar\u0131d\u0131r&#8217; de\u011ferlendirmesinde bulunmu\u015ftur.&#8221; &#8211; ANKARA<\/p>\n<div>\u0130hlas Haber Ajans\u0131 \/  Politika <\/div>\n","protected":false},"excerpt":{"rendered":"<p>\u0130leti\u015fim Ba\u015fkan\u0131 Fahrettin Altun, Cumhurba\u015fkanl\u0131\u011f\u0131 Y\u00fcksek \u0130sti\u015fare Kurulu (Y\u0130K) toplant\u0131s\u0131nda, kurul \u00fcyelerinin yurt d\u0131\u015f\u0131nda ve \u00f6zellikle de &#8230;<\/p>\n","protected":false},"author":1,"featured_media":23226,"comment_status":"closed","ping_status":"open","sticky":false,"template":"","format":"standard","meta":{"footnotes":""},"categories":[28],"tags":[4760,253,2921,507,15],"class_list":["post-23225","post","type-post","status-publish","format-standard","has-post-thumbnail","hentry","category-politika","tag-altun","tag-avrupa","tag-kurul","tag-toplanti","tag-turkiye"],"_links":{"self":[{"href":"https:\/\/haberulus.net\/index.php?rest_route=\/wp\/v2\/posts\/23225","targetHints":{"allow":["GET"]}}],"collection":[{"href":"https:\/\/haberulus.net\/index.php?rest_route=\/wp\/v2\/posts"}],"about":[{"href":"https:\/\/haberulus.net\/index.php?rest_route=\/wp\/v2\/types\/post"}],"author":[{"embeddable":true,"href":"https:\/\/haberulus.net\/index.php?rest_route=\/wp\/v2\/users\/1"}],"replies":[{"embeddable":true,"href":"https:\/\/haberulus.net\/index.php?rest_route=%2Fwp%2Fv2%2Fcomments&post=23225"}],"version-history":[{"count":1,"href":"https:\/\/haberulus.net\/index.php?rest_route=\/wp\/v2\/posts\/23225\/revisions"}],"predecessor-version":[{"id":23227,"href":"https:\/\/haberulus.net\/index.php?rest_route=\/wp\/v2\/posts\/23225\/revisions\/23227"}],"wp:featuredmedia":[{"embeddable":true,"href":"https:\/\/haberulus.net\/index.php?rest_route=\/wp\/v2\/media\/23226"}],"wp:attachment":[{"href":"https:\/\/haberulus.net\/index.php?rest_route=%2Fwp%2Fv2%2Fmedia&parent=23225"}],"wp:term":[{"taxonomy":"category","embeddable":true,"href":"https:\/\/haberulus.net\/index.php?rest_route=%2Fwp%2Fv2%2Fcategories&post=23225"},{"taxonomy":"post_tag","embeddable":true,"href":"https:\/\/haberulus.net\/index.php?rest_route=%2Fwp%2Fv2%2Ftags&post=23225"}],"curies":[{"name":"wp","href":"https:\/\/api.w.org\/{rel}","templated":true}]}}