{"id":25015,"date":"2022-08-15T10:21:03","date_gmt":"2022-08-15T10:21:03","guid":{"rendered":"https:\/\/haberulus.net\/?p=25015"},"modified":"2022-08-15T10:21:03","modified_gmt":"2022-08-15T10:21:03","slug":"assosta-2-bin-200-yillik-roma-cesmesi-kalintilari-bulundu","status":"publish","type":"post","link":"https:\/\/haberulus.net\/?p=25015","title":{"rendered":"Assos\u2019ta 2 bin 200 y\u0131ll\u0131k Roma \u00e7e\u015fmesi kal\u0131nt\u0131lar\u0131 bulundu"},"content":{"rendered":"<p><b>Assos&#8217;taki kaz\u0131larda Roma d\u00f6nemine ait 2 bin 200 y\u0131ll\u0131k \u00e7e\u015fme yap\u0131s\u0131 kal\u0131nt\u0131lar\u0131 bulundu. Kaz\u0131 Heyeti Ba\u015fkan\u0131 Prof. Dr. Nurettin Arslan, &#8220;Assos&#8217;ta an\u0131tsal \u00e7e\u015fme yap\u0131s\u0131na ilk defa rastl\u0131yoruz&#8221; dedi.<\/b><\/p>\n<p>\u00c7anakkale\u2019nin Ayvac\u0131k il\u00e7esi Behramkale k\u00f6y\u00fc s\u0131n\u0131rlar\u0131 i\u00e7inde yer alan antik kent, yer \u00fcst\u00fcndeki zenginli\u011finin yan\u0131 s\u0131ra kaz\u0131larda ortaya \u00e7\u0131kar\u0131lan Roma ve Bizans d\u00f6nemi eserleriyle ge\u00e7mi\u015fe \u0131\u015f\u0131k tutuyor.<\/p>\n<p>Kaz\u0131 Heyeti Ba\u015fkan\u0131, \u00c7anakkale Onsekiz Mart \u00dcniversitesi Arkeoloji B\u00f6l\u00fcm\u00fc \u00f6\u011fretim \u00fcyesi Prof. Dr. Nurettin Arslan, b\u00f6lgedeki \u00e7al\u0131\u015fmalar\u0131n 42 y\u0131ld\u0131r aral\u0131ks\u0131z devam etti\u011fini anlatt\u0131.<\/p>\n<p>30 ki\u015filik bir ekibin kaz\u0131da g\u00f6rev ald\u0131\u011f\u0131n\u0131 belirten Prof. Dr. Nurettin Arslan,\u00a0\u201cK\u0131\u015f mevsiminde arazi \u00e7al\u0131\u015fma \u015fartlar\u0131 biraz a\u011f\u0131r oldu\u011fu i\u00e7in daha \u00f6nce bulmu\u015f oldu\u011fumuz arkeolojik materyalleri belgelendirme \u00e7al\u0131\u015fmalar\u0131na devam ettik. Bunun yan\u0131 s\u0131ra \u00f6zellikle kentin kuzeyindeki surlar\u0131n restorasyonu i\u00e7in haz\u0131rl\u0131klar yapt\u0131k. Yaz aylar\u0131n\u0131n gelmesiyle arazideki aktif \u00e7al\u0131\u015fmalar\u0131m\u0131z ba\u015flad\u0131. Antik kentte farkl\u0131 alanda \u00e7al\u0131\u015f\u0131yoruz\u201d dedi.<\/p>\n<p><img decoding=\"async\" src=\"https:\/\/i01.sozcucdn.com\/wp-content\/uploads\/2022\/08\/15\/assos1.jpeg\" alt=\"\" title=\"\"><\/p>\n<p><strong>\u201c14 ODA KAZDIK\u201d<\/strong><\/p>\n<p>Arslan, en \u00f6nemli \u00e7al\u0131\u015fmalar\u0131ndan birinin, uzun y\u0131llardan bu yana kaz\u0131lan ve \u00e7ok fazla mekana sahip Bizans d\u00f6nemi yap\u0131s\u0131 oldu\u011funu anlatt\u0131. Bu alanda 14 oday\u0131 kazd\u0131klar\u0131n\u0131 ve daha kaz\u0131lacak \u00e7ok oda bulundu\u011funu s\u00f6yleyen Arslan, \u201cBu kompleks odalardan birinde \u00e7al\u0131\u015fmaya yeniden ba\u015flad\u0131k. D\u00f6neme ait \u00f6nemli bulgular elde edece\u011fimizi d\u00fc\u015f\u00fcn\u00fcyorum. Kaz\u0131lardaki ikinci \u00e7al\u0131\u015fma alan\u0131m\u0131z ise kentin e\u011fitim kurumlar\u0131 aras\u0131nda yer alan ve \u00e7ok iyi korunmu\u015f, Helenistik \u00c7a\u011f\u2019daki gymnasium yani o d\u00f6nemin lisesi diyebilece\u011fimiz bir yap\u0131\u201d ifadesini kulland\u0131.<\/p>\n<p>Prof. Dr. Arslan, bu sene de gymnasiumda Roma d\u00f6neminde eklenti olarak in\u015fa edilen sarn\u0131\u00e7larla ilgili kaz\u0131 yapacaklar\u0131n\u0131 aktard\u0131.<\/p>\n<p><strong>\u201c\u0130LK DEFA RASTLIYORUZ\u201d<\/strong><\/p>\n<p>Sarn\u0131\u00e7lar\u0131n \u00f6n\u00fcnde ula\u015ft\u0131klar\u0131 \u00e7e\u015fme yap\u0131s\u0131 hakk\u0131nda da bilgi veren Arslan, \u015f\u00f6yle konu\u015ftu:<\/p>\n<p>\u201cAgoran\u0131n do\u011fu kenar\u0131ndaki kal\u0131nt\u0131n\u0131n uzun y\u0131llard\u0131r i\u015flevi bilinmiyordu. Ge\u00e7en y\u0131l bu yap\u0131da \u00e7al\u0131\u015fmalar ba\u015flad\u0131. Bu y\u0131l halen devam ediyor. \u0130lk tespitlerimize g\u00f6re, g\u00f6rkemli bir \u00e7e\u015fme yap\u0131s\u0131 oldu\u011funu \u00f6\u011frendik. Assos\u2019ta \u00e7ok say\u0131daki sarn\u0131\u00e7lar\u0131 biliyoruz ancak an\u0131tsal bir \u00e7e\u015fme yap\u0131s\u0131na ilk defa rastl\u0131yoruz. Kent mimarisi a\u00e7\u0131s\u0131ndan \u00e7ok \u00f6nemli bir yap\u0131. Arazi d\u0131\u015f\u0131nda da yine bulunan eserlerin istatistikleri, \u00e7izimleri ve restorasyon \u00e7al\u0131\u015fmalar\u0131 devam etmekte. Milattan \u00f6nce 2. y\u00fczy\u0131lda in\u015fa edildi\u011fine g\u00f6re 2 bin 200 y\u0131l \u00f6ncesinde in\u015fa edilmi\u015f bir \u00e7e\u015fmeden s\u00f6z ediyoruz.\u201d<\/p>\n<p><img decoding=\"async\" src=\"https:\/\/i01.sozcucdn.com\/wp-content\/uploads\/2022\/08\/15\/assos2.jpeg\" alt=\"\" title=\"\"><\/p>\n<p><strong>\u201cM\u0130LATTAN \u00d6NCE 3. Y\u00dcZYILDA SU KANALI \u0130N\u015eA ED\u0130LM\u0130\u015e\u201d<\/strong><\/p>\n<p>Arslan, Assos\u2019un y\u00fcksek bir tepe \u00fczerinde, do\u011fal su kaynaklar\u0131ndan yoksun bir alanda konumland\u0131\u011f\u0131n\u0131 s\u00f6yledi. Bundan dolay\u0131 antik kentin gerek resmi yap\u0131lar\u0131nda gerekse konutlar\u0131nda mutlaka oyularak ya da kayalar kesilerek yap\u0131lm\u0131\u015f yer alt\u0131 su depolar\u0131 ve sarn\u0131\u00e7lar bulundu\u011funu dile getiren Arslan, \u015funlar\u0131 kaydetti:<\/p>\n<p>\u201cElimizdeki bir yaz\u0131ta g\u00f6re milattan \u00f6nce 3. y\u00fczy\u0131lda bir m\u00fchendis Assos\u2019ta su kanal\u0131 in\u015fa etmi\u015f, hatta bunun bir \u015fiiri var. Bu tarihten \u00f6nce kente su getiren bir kanaldan s\u00f6z etmek m\u00fcmk\u00fcn de\u011fil. Milattan sonra 3. y\u00fczy\u0131lda Satneos nehrinin kenar\u0131ndan, do\u011fal kaynaktan suyun kente kadar ta\u015f\u0131nd\u0131\u011f\u0131n\u0131 s\u00f6yleyebiliriz. Ayn\u0131 zamanda \u015fehrin hemen yak\u0131n\u0131nda yakla\u015f\u0131k 500 metre kuzeyinde akan bir dere var. O d\u00f6nemlerde insanlar kaliteli su i\u00e7mek isterlerse bu dereden sular\u0131n\u0131 temin etmi\u015f olabilir.\u201d (AA)<\/p>\n<p>\u00a0<\/p>\n","protected":false},"excerpt":{"rendered":"<p>Assos&#8217;taki kaz\u0131larda Roma d\u00f6nemine ait 2 bin 200 y\u0131ll\u0131k \u00e7e\u015fme yap\u0131s\u0131 kal\u0131nt\u0131lar\u0131 bulundu. Kaz\u0131 Heyeti Ba\u015fkan\u0131 Prof. Dr. Nurettin Arslan, &#8220;Assos &#8230;<\/p>\n","protected":false},"author":1,"featured_media":25016,"comment_status":"closed","ping_status":"open","sticky":false,"template":"","format":"standard","meta":{"footnotes":""},"categories":[27],"tags":[541,1671,317,698,2167],"class_list":["post-25015","post","type-post","status-publish","format-standard","has-post-thumbnail","hentry","category-kultur-sanat","tag-alan","tag-arslan","tag-calisma","tag-kazi","tag-kent"],"_links":{"self":[{"href":"https:\/\/haberulus.net\/index.php?rest_route=\/wp\/v2\/posts\/25015","targetHints":{"allow":["GET"]}}],"collection":[{"href":"https:\/\/haberulus.net\/index.php?rest_route=\/wp\/v2\/posts"}],"about":[{"href":"https:\/\/haberulus.net\/index.php?rest_route=\/wp\/v2\/types\/post"}],"author":[{"embeddable":true,"href":"https:\/\/haberulus.net\/index.php?rest_route=\/wp\/v2\/users\/1"}],"replies":[{"embeddable":true,"href":"https:\/\/haberulus.net\/index.php?rest_route=%2Fwp%2Fv2%2Fcomments&post=25015"}],"version-history":[{"count":1,"href":"https:\/\/haberulus.net\/index.php?rest_route=\/wp\/v2\/posts\/25015\/revisions"}],"predecessor-version":[{"id":25017,"href":"https:\/\/haberulus.net\/index.php?rest_route=\/wp\/v2\/posts\/25015\/revisions\/25017"}],"wp:featuredmedia":[{"embeddable":true,"href":"https:\/\/haberulus.net\/index.php?rest_route=\/wp\/v2\/media\/25016"}],"wp:attachment":[{"href":"https:\/\/haberulus.net\/index.php?rest_route=%2Fwp%2Fv2%2Fmedia&parent=25015"}],"wp:term":[{"taxonomy":"category","embeddable":true,"href":"https:\/\/haberulus.net\/index.php?rest_route=%2Fwp%2Fv2%2Fcategories&post=25015"},{"taxonomy":"post_tag","embeddable":true,"href":"https:\/\/haberulus.net\/index.php?rest_route=%2Fwp%2Fv2%2Ftags&post=25015"}],"curies":[{"name":"wp","href":"https:\/\/api.w.org\/{rel}","templated":true}]}}