{"id":25033,"date":"2022-08-15T10:36:06","date_gmt":"2022-08-15T10:36:06","guid":{"rendered":"https:\/\/haberulus.net\/?p=25033"},"modified":"2022-08-15T10:36:06","modified_gmt":"2022-08-15T10:36:06","slug":"tom-holland-akil-sagligi-icin-sosyal-medyaya-ara-verdigini-acikladi","status":"publish","type":"post","link":"https:\/\/haberulus.net\/?p=25033","title":{"rendered":"Tom Holland ak\u0131l sa\u011fl\u0131\u011f\u0131 i\u00e7in sosyal medyaya ara verdi\u011fini a\u00e7\u0131klad\u0131"},"content":{"rendered":"<p><b>Tom Holland, zihinsel sa\u011fl\u0131\u011f\u0131na odaklanmak i\u00e7in sosyal medyaya ara verdi\u011fini duyurdu. Gen\u00e7 oyuncu, karar\u0131n\u0131 Instagram&#8217;da payla\u015ft\u0131\u011f\u0131 bir video ile a\u00e7\u0131klad\u0131.<\/b><\/p>\n<p>\u00d6r\u00fcmcek-Adam: Eve D\u00f6n\u00fc\u015f Yok (Spider-Man: No Way Home) ile y\u0131ld\u0131z\u0131 parlayan Tom Holland, bir s\u00fcredir sosyal medya hesaplar\u0131nda aktif de\u011fildi. Gen\u00e7 ve ba\u015far\u0131l\u0131 oyuncu neden olmad\u0131\u011f\u0131n\u0131 a\u00e7\u0131klamak i\u00e7in Instagram\u2019a bir video ile d\u00f6nd\u00fc.<\/p>\n<p>Resmi Instagram hesab\u0131ndan payla\u015ft\u0131\u011f\u0131 videoda Holland, yakla\u015f\u0131k bir saattir kullanaca\u011f\u0131 kelimeleri bulmak i\u00e7in u\u011fra\u015ft\u0131\u011f\u0131n\u0131 s\u00f6yledi.<\/p>\n<p><img decoding=\"async\" src=\"https:\/\/i01.sozcucdn.com\/wp-content\/uploads\/2022\/08\/15\/depophotos_15684257.jpg\" alt=\"\" title=\"\"><\/p>\n<p>Holland, \u201cInstagram ve Twitter\u2019\u0131 a\u015f\u0131r\u0131 uyar\u0131c\u0131, bunalt\u0131c\u0131 buldu\u011fum ve ak\u0131l sa\u011fl\u0131\u011f\u0131m\u0131 korumak i\u00e7in sosyal medyaya ara verdim. \u00c7evrimi\u00e7i kendimle ilgili bir \u015feyler okudu\u011fumda kendimi kapt\u0131r\u0131yorum ve bir d\u00f6ng\u00fcye giriyorum. Nihayetinde bu, zihinsel durumuma \u00e7ok zarar veriyor. Bu y\u00fczden bir ad\u0131m geri at\u0131p uygulamay\u0131 silmeye karar verdim\u201d dedi.<\/p>\n<p>Holland ayn\u0131 zamanda k\u00fc\u00e7\u00fck \u00e7ocuklar\u0131n zihinsel sa\u011fl\u0131klar\u0131n\u0131 y\u00f6netmelerine yard\u0131mc\u0131 olan hay\u0131r kurumu stem4 i\u00e7in de fark\u0131ndal\u0131k getirmek istedi\u011fini s\u00f6yledi:<\/p>\n<p><img decoding=\"async\" src=\"https:\/\/i01.sozcucdn.com\/wp-content\/uploads\/2022\/08\/15\/tom_holland-instagram.png\" alt=\"\" title=\"\"><\/p>\n<p>\u201cRuh sa\u011fl\u0131\u011f\u0131na kar\u015f\u0131 korkun\u00e7 bir bask\u0131 var. Yard\u0131m istemenin ve yard\u0131m araman\u0131n utanmam\u0131z gereken bir \u015fey olmad\u0131\u011f\u0131n\u0131 biliyorum, ancak tabii ki s\u00f6ylemesi yapmaktan kolay.\u201d<\/p>\n<p>Holland, programdaki d\u00f6rt uygulamay\u0131 da denedi\u011fini ve bunlar\u0131n ger\u00e7ekten yard\u0131mc\u0131 oldu\u011funu s\u00f6yledi. Oyuncu, tekrar Instagram\u2019dan kaybolaca\u011f\u0131n\u0131 s\u00f6yleyerek takip\u00e7ilerine veda etti: \u201cSevginiz ve deste\u011finiz i\u00e7in te\u015fekk\u00fcrler. Hepinizi seviyorum ve yak\u0131nda sizinle konu\u015faca\u011f\u0131m.\u201d<\/p>\n","protected":false},"excerpt":{"rendered":"<p>Tom Holland, zihinsel sa\u011fl\u0131\u011f\u0131na odaklanmak i\u00e7in sosyal medyaya ara verdi\u011fini duyurdu. Gen\u00e7 oyuncu, karar\u0131n\u0131 Instagram&#8217;da payla\u015ft\u0131\u011f\u0131 bir video ile &#8230;<\/p>\n","protected":false},"author":1,"featured_media":25034,"comment_status":"closed","ping_status":"open","sticky":false,"template":"","format":"standard","meta":{"footnotes":""},"categories":[27],"tags":[5698,218],"class_list":["post-25033","post","type-post","status-publish","format-standard","has-post-thumbnail","hentry","category-kultur-sanat","tag-holland","tag-instagram"],"_links":{"self":[{"href":"https:\/\/haberulus.net\/index.php?rest_route=\/wp\/v2\/posts\/25033","targetHints":{"allow":["GET"]}}],"collection":[{"href":"https:\/\/haberulus.net\/index.php?rest_route=\/wp\/v2\/posts"}],"about":[{"href":"https:\/\/haberulus.net\/index.php?rest_route=\/wp\/v2\/types\/post"}],"author":[{"embeddable":true,"href":"https:\/\/haberulus.net\/index.php?rest_route=\/wp\/v2\/users\/1"}],"replies":[{"embeddable":true,"href":"https:\/\/haberulus.net\/index.php?rest_route=%2Fwp%2Fv2%2Fcomments&post=25033"}],"version-history":[{"count":1,"href":"https:\/\/haberulus.net\/index.php?rest_route=\/wp\/v2\/posts\/25033\/revisions"}],"predecessor-version":[{"id":25035,"href":"https:\/\/haberulus.net\/index.php?rest_route=\/wp\/v2\/posts\/25033\/revisions\/25035"}],"wp:featuredmedia":[{"embeddable":true,"href":"https:\/\/haberulus.net\/index.php?rest_route=\/wp\/v2\/media\/25034"}],"wp:attachment":[{"href":"https:\/\/haberulus.net\/index.php?rest_route=%2Fwp%2Fv2%2Fmedia&parent=25033"}],"wp:term":[{"taxonomy":"category","embeddable":true,"href":"https:\/\/haberulus.net\/index.php?rest_route=%2Fwp%2Fv2%2Fcategories&post=25033"},{"taxonomy":"post_tag","embeddable":true,"href":"https:\/\/haberulus.net\/index.php?rest_route=%2Fwp%2Fv2%2Ftags&post=25033"}],"curies":[{"name":"wp","href":"https:\/\/api.w.org\/{rel}","templated":true}]}}