{"id":25726,"date":"2022-08-16T12:21:07","date_gmt":"2022-08-16T12:21:07","guid":{"rendered":"https:\/\/haberulus.net\/?p=25726"},"modified":"2022-08-16T12:21:07","modified_gmt":"2022-08-16T12:21:07","slug":"ahmet-nur-cebiden-tffye-cikarma-besiktasin-bundan-daha-fazlasini-kaldirabilecek-limiti-kalmadi","status":"publish","type":"post","link":"https:\/\/haberulus.net\/?p=25726","title":{"rendered":"Ahmet Nur \u00c7ebi\u2019den TFF\u2019ye \u00e7\u0131karma: Be\u015fikta\u015f\u2019\u0131n bundan daha fazlas\u0131n\u0131 kald\u0131rabilecek limiti kalmad\u0131"},"content":{"rendered":"<p><b>Be\u015fikta\u015f Ba\u015fkan\u0131 Ahmet Nur \u00c7ebi, T\u00fcrkiye Futbol Federasyonu Ba\u015fkan\u0131 Mehmet B\u00fcy\u00fckek\u015fi&#8217;yi ziyaret ederek \u015fikayetlerini iletti. Alanyaspor ma\u00e7\u0131n\u0131n hakemi Yasin Kol&#8217;la ilgili belgeler verdi\u011fini s\u00f6yleyen \u00c7ebi, &#8220;Gerekenin yap\u0131laca\u011f\u0131n\u0131 umuyoruz&#8221; dedi.<\/b><\/p>\n<p>Be\u015fikta\u015f Ba\u015fkan\u0131 Ahmet Nur \u00c7ebi, Spor Toto S\u00fcper Lig\u2019in 2. haftas\u0131nda oynanan Corendon Alanyaspor ma\u00e7\u0131n\u0131n hakemi Yasin Kol\u2019un performans\u0131 hakk\u0131nda TFF Ba\u015fkan\u0131 Mehmet B\u00fcy\u00fckek\u015fi ile Riva\u2019da bir g\u00f6r\u00fc\u015fme ger\u00e7ekle\u015ftirdi.<\/p>\n<p>Ba\u015fkan \u00c7ebi, g\u00f6r\u00fc\u015fmenin ard\u0131ndan bas\u0131n mensuplar\u0131n\u0131n sorular\u0131n\u0131 yan\u0131tlad\u0131. Be\u015fikta\u015f Ba\u015fkan\u0131 Ahmet Nur \u00c7ebi, \u201cBiz art\u0131k haks\u0131zl\u0131\u011fa u\u011framak istemiyoruz, di\u011fer tak\u0131mlar\u0131n da u\u011framas\u0131n\u0131 istemiyoruz. \u2018Her \u015fey, Be\u015fikta\u015f\u2019 tarz\u0131 bir tavr\u0131m\u0131z olamaz. Be\u015fikta\u015f\u2019\u0131n bundan daha fazlas\u0131n\u0131 kald\u0131rabilecek bir limiti kalmad\u0131\u011f\u0131n\u0131 ifade ettik. Benim camiam mutsuz, tedirgin. G\u00fcvene ihtiyac\u0131m\u0131z var. Bunu yapmalar\u0131 gerekiyor, istedi\u011fimiz budur\u201d dedi.<\/p>\n<p>Be\u015fikta\u015f camias\u0131n\u0131n art\u0131k g\u00fcvene ihtiyac\u0131 oldu\u011funu ve TFF\u2019nin yap\u0131lan yanl\u0131\u015flar\u0131 d\u00fczeltmesi gerekti\u011fini vurgulayan \u00c7ebi, \u015fu \u015fekilde konu\u015ftu:<\/p>\n<p>\u201cT\u00fcrk futboluyla ilgili konular konu\u015fuldu ama herkesin malumu oldu\u011fu \u00fczere 2 g\u00fcn \u00f6nce oynanan ma\u00e7ta Be\u015fikta\u015f\u2019\u0131n u\u011frad\u0131\u011f\u0131 haks\u0131zl\u0131\u011f\u0131, adaletsizli\u011fi elimizdeki belgelerle kendilerine arz ettik. Sonu\u00e7 itibariyle kendilerinin de bunu anlad\u0131klar\u0131n\u0131 ve de\u011ferlendireceklerini, tav\u0131rlar\u0131ndan anlam\u0131\u015f bulunuyorum. Biz gerekenin yap\u0131laca\u011f\u0131n\u0131 umuyoruz ve bekleyece\u011fiz.\u201d<\/p>\n<p><b>\u201cDAHA FAZLASINI KALDIRAMAYIZ\u201d<\/b><\/p>\n<p>\u201cFederasyon, T\u00fcrk futbolunun temsilcisidir. MHK, kendisine ba\u011fl\u0131d\u0131r. Ge\u00e7en seneki sorunlar\u0131n \u00e7\u00f6z\u00fclmesi gerekti\u011fini ifade ettik. Bir\u00e7o\u011fu \u00e7\u00f6z\u00fclmesine ra\u011fmen tamam\u0131n\u0131n \u00e7\u00f6z\u00fclmedi\u011fini g\u00f6r\u00fcyoruz. Hatalar\u0131n, varsa kas\u0131tlar\u0131n tespitinin kendileri yapmas\u0131 gerekti\u011fini ifade ettik. Biz art\u0131k haks\u0131zl\u0131\u011fa u\u011framak istemiyoruz, di\u011fer tak\u0131mlar\u0131n da u\u011framas\u0131n\u0131 istemiyoruz. Her \u015fey, Be\u015fikta\u015f tarz\u0131 bir tavr\u0131m\u0131z olamaz. Be\u015fikta\u015f\u2019\u0131n bundan daha fazlas\u0131n\u0131 kald\u0131rabilecek bir limiti kalmad\u0131\u011f\u0131n\u0131 ifade ettik. Benim camiam mutsuz, tedirgin. G\u00fcvene ihtiyac\u0131m\u0131z var. Bunu yapmalar\u0131 gerekiyor, istedi\u011fimiz budur. Kendilerine de g\u00fcvenmek istiyorum. Bekleyip yanl\u0131\u015flar\u0131 nas\u0131l d\u00fczelttiklerini beraber g\u00f6rece\u011fiz\u201d<\/p>\n<p><b>\u201cHAKEMLER\u0130N HATA YAPMA \u015eANSI YOK\u201d<\/b><\/p>\n<p>\u201cBiraz daha hakemlerle ilgili federasyonun, kamuoyu \u00f6n\u00fcnde daha \u015feffaf olmas\u0131 gerekti\u011fini de s\u00f6yledik. Nerede hata yap\u0131ld\u0131ysa ya da nerede hakl\u0131ysa bunlar\u0131 s\u00f6yleyin, dedik. Bunlar\u0131n cevab\u0131n\u0131 kamuoyu sadece bizden ya da yorumculardan duymas\u0131n. B\u00f6yle de bir \u00e7al\u0131\u015fma i\u00e7erisindeler. Umar\u0131m sonu\u00e7lar\u0131n\u0131 t\u00fcm di\u011fer kul\u00fcpler de g\u00f6recektir. Bir cerrah ameliyatta hata yap\u0131nca sonu \u00f6l\u00fcmle bitiyorsa hakemlerin de hata yapma \u015fans\u0131 yok. Ad\u0131n\u0131 koymu\u015fuz hata, hata, hata. Art\u0131k buraya kadar, bu i\u015f bitti. Hepsini de\u011ferlendirdik, \u00f6nlerine koyduk. \u2018\u0130kisinden biri do\u011fru, hangisi?\u2019 diye sorduk. Verdikleri cevab\u0131 3-5 g\u00fcn sonra ald\u0131klar\u0131 kararlarla beraber g\u00f6rece\u011fiz.\u201d<\/p>\n<p><b>\u201cYAS\u0130N KOL\u2019U MA\u00c7LARIMIZDA G\u00d6RMEK \u0130STEM\u0130YORUM\u201d<\/b><\/p>\n<p>\u201cTercihimiz g\u00f6rmemek. Kendisini istemiyorum. Camiam\u0131z\u0131n can\u0131n\u0131 \u00e7ok yakm\u0131\u015ft\u0131r. Bunu da izah ettik. Gereken nas\u0131l yap\u0131l\u0131r, ne kadar yap\u0131l\u0131r zaman i\u00e7erisinde g\u00f6rece\u011fiz.\u201d<\/p>\n","protected":false},"excerpt":{"rendered":"<p>Be\u015fikta\u015f Ba\u015fkan\u0131 Ahmet Nur \u00c7ebi, T\u00fcrkiye Futbol Federasyonu Ba\u015fkan\u0131 Mehmet B\u00fcy\u00fckek\u015fi&#8217;yi ziyaret ederek \u015fikayetlerini iletti. Alanyaspor ma\u00e7\u0131n\u0131n &#8230;<\/p>\n","protected":false},"author":1,"featured_media":25727,"comment_status":"closed","ping_status":"open","sticky":false,"template":"","format":"standard","meta":{"footnotes":""},"categories":[31],"tags":[324,3025,5800,5799,2048],"class_list":["post-25726","post","type-post","status-publish","format-standard","has-post-thumbnail","hentry","category-spor","tag-besiktas","tag-cebi","tag-ettik","tag-hata","tag-yapma"],"_links":{"self":[{"href":"https:\/\/haberulus.net\/index.php?rest_route=\/wp\/v2\/posts\/25726","targetHints":{"allow":["GET"]}}],"collection":[{"href":"https:\/\/haberulus.net\/index.php?rest_route=\/wp\/v2\/posts"}],"about":[{"href":"https:\/\/haberulus.net\/index.php?rest_route=\/wp\/v2\/types\/post"}],"author":[{"embeddable":true,"href":"https:\/\/haberulus.net\/index.php?rest_route=\/wp\/v2\/users\/1"}],"replies":[{"embeddable":true,"href":"https:\/\/haberulus.net\/index.php?rest_route=%2Fwp%2Fv2%2Fcomments&post=25726"}],"version-history":[{"count":1,"href":"https:\/\/haberulus.net\/index.php?rest_route=\/wp\/v2\/posts\/25726\/revisions"}],"predecessor-version":[{"id":25728,"href":"https:\/\/haberulus.net\/index.php?rest_route=\/wp\/v2\/posts\/25726\/revisions\/25728"}],"wp:featuredmedia":[{"embeddable":true,"href":"https:\/\/haberulus.net\/index.php?rest_route=\/wp\/v2\/media\/25727"}],"wp:attachment":[{"href":"https:\/\/haberulus.net\/index.php?rest_route=%2Fwp%2Fv2%2Fmedia&parent=25726"}],"wp:term":[{"taxonomy":"category","embeddable":true,"href":"https:\/\/haberulus.net\/index.php?rest_route=%2Fwp%2Fv2%2Fcategories&post=25726"},{"taxonomy":"post_tag","embeddable":true,"href":"https:\/\/haberulus.net\/index.php?rest_route=%2Fwp%2Fv2%2Ftags&post=25726"}],"curies":[{"name":"wp","href":"https:\/\/api.w.org\/{rel}","templated":true}]}}