{"id":26441,"date":"2022-08-17T14:06:05","date_gmt":"2022-08-17T14:06:05","guid":{"rendered":"https:\/\/haberulus.net\/?p=26441"},"modified":"2022-08-17T14:06:05","modified_gmt":"2022-08-17T14:06:05","slug":"covid-belirtileri-neler-corona-virus-belirtileri-soguk-alginlina-benziyor","status":"publish","type":"post","link":"https:\/\/haberulus.net\/?p=26441","title":{"rendered":"Covid belirtileri neler? Corona vir\u00fcs belirtileri so\u011fuk alg\u0131nl\u0131na benziyor"},"content":{"rendered":"<p><b>K\u00fcresel bir salg\u0131n halini alan corona vir\u00fcs, yeni varyantlarla h\u0131zla yay\u0131lmay\u0131 s\u00fcrd\u00fcr\u00fcyor. T\u00fcrkiye de dahil olmak \u00fczere bir\u00e7ok \u00fclkede vaka say\u0131lar\u0131 son haftalarda y\u00fckselirken, bilim insanlar\u0131 vir\u00fcs\u00fcn corona vir\u00fcsten \u00e7ok so\u011fuk alg\u0131nl\u0131\u011f\u0131na benzedi\u011fi belirtilirken, burun ak\u0131nt\u0131s\u0131, ba\u015f a\u011fr\u0131s\u0131 ve yorgunluk gibi belirtiler g\u00f6r\u00fcld\u00fc\u011f\u00fc duyurdu. Yap\u0131lan incelemeler sonras\u0131nda covid tespit edilenlerin y\u00fczde 83\u2019\u00fcnde \u00f6ks\u00fcr\u00fck, y\u00fczde 78\u2019inde burun ak\u0131nt\u0131s\u0131 ya da burun t\u0131kan\u0131kl\u0131\u011f\u0131 tespit edilirken, y\u00fczde 74\u2019\u00fcnde ise halsizlik g\u00f6r\u00fcld\u00fc.<\/b><\/p>\n<p>D\u00fcnya \u00e7ap\u0131nda 6 milyondan fazla insan\u0131n \u00f6lmesine sebep olan corona vir\u00fcs\u00fc, yeniden art\u0131\u015fa ge\u00e7ti. Vuhan varyant\u0131nda 5 g\u00fcnde ortaya \u00e7\u0131kan belirtiler, Delta varyant\u0131nda 4 g\u00fcn, Omicron&#8217;da ise 3 g\u00fcnde ortaya \u00e7\u0131kabiliyor.<\/p>\n<p><strong>COV\u0130D BEL\u0130RT\u0130LER\u0130 NELER?<\/strong><\/p>\n<p>ABD merkezli medya kurulu\u015fu Business Insider, Omicron varyant\u0131n\u0131n belirtileri ile ilgili kapsaml\u0131 bir analiz yay\u0131nlad\u0131.<\/p>\n<p>G\u00fcney Afrika, \u0130ngiltere, ABD ve di\u011fer \u00fclkelerde Omicron varyant\u0131 hastalar\u0131n\u0131n \u00f6nce bo\u011faz a\u011fr\u0131s\u0131 \u015fikayetiyle doktorlarla ileti\u015fime ge\u00e7tikleri kaydedilirken, Omicron varyant\u0131n\u0131n \u00f6nceki varyantlar\u0131n aksine burundan \u00f6nce bo\u011faz\u0131 enfekte etti\u011fi \u00f6ne s\u00fcr\u00fcld\u00fc.<\/p>\n<p>ABD\u2019nin Connecticut eyaletinde g\u00f6revli Dr. Jorge Moreno\u2019nun g\u00f6r\u00fc\u015flerine yer verilen haberde, b\u00f6lgede Omicron varyant\u0131 hastalar\u0131n\u0131n say\u0131lar\u0131n\u0131n giderek artt\u0131\u011f\u0131n\u0131 ve semptomlar\u0131n da benzer bir \u015fekilde yayg\u0131nla\u015ft\u0131\u011f\u0131 belirtildi.<\/p>\n<p>Yale T\u0131p Fak\u00fcltesi\u2019nde g\u00f6revli Dr. Moreno, \u201cBu yeni varyant hastalar\u0131n\u0131n belirtileri ayn\u0131. Kuru bir bo\u011faz a\u011fr\u0131s\u0131 ve bir \u015fey yutmak istediklerinde keskin bir ac\u0131. Bu semptom di\u011fer Covid-19 semptomlar\u0131ndan \u00f6nce \u00e7\u0131k\u0131yor. Bo\u011fazda bir g\u0131c\u0131k gibi de\u011fil, bo\u011fazlar\u0131n\u0131n kuru hissetti\u011fini s\u00f6yl\u00fcyorlar\u201d dedi.<\/p>\n<p>Norve\u00e7, G\u00fcney Afrika ve Birle\u015fik Krall\u0131k\u2019ta da benzer semptomlar\u0131n duyuldu\u011funa dikkat \u00e7eken uzmanlar bu belirtileri hissedenlerin test yapt\u0131rmas\u0131 gerekti\u011fini s\u00f6yledi. Business Insider\u2019\u0131n haberinde Omicron varyant\u0131n\u0131n ilk tespit edildi\u011fi \u00fclkelerden olan G\u00fcney Afrika\u2019n\u0131n en b\u00fcy\u00fck sa\u011fl\u0131k sigorta \u015firketi Discovery Health\u2019in CEO\u2019su Ryan Noach\u2019\u0131n s\u00f6zlerini hat\u0131rlatt\u0131. Noach da belirtilerin s\u0131ras\u0131yla bo\u011fazda a\u011fr\u0131, burun t\u0131kan\u0131kl\u0131\u011f\u0131, kuru \u00f6ks\u00fcr\u00fck, v\u00fccutta a\u011fr\u0131 \u015feklinde g\u00f6r\u00fcld\u00fc\u011f\u00fcn\u00fc s\u00f6yledi.<\/p>\n<p><img decoding=\"async\" src=\"https:\/\/i01.sozcucdn.com\/wp-content\/uploads\/2022\/08\/17\/corona-virus-beliritleri-shu-1.jpg\" alt=\"\" title=\"\"><\/p>\n<p><strong>\u201cBEL\u0130RT\u0130LER\u0130 \u015eEK\u0130L DE\u011e\u0130\u015eT\u0130R\u0130YOR\u201d<\/strong><\/p>\n<p>\u00d6te yandan Moreno, bo\u011faz a\u011fr\u0131s\u0131yla birlikte sin\u00fcste doluluk ve ba\u015f a\u011fr\u0131s\u0131n\u0131n birlikte geldi\u011fini de aktard\u0131.<\/p>\n<p>Johns Hopkins Bloomberg Kamu Sa\u011fl\u0131\u011f\u0131 Fak\u00fcltesi\u2019nde g\u00f6revli Dr. Andy Pekosz ise, \u201cOmicron varyant\u0131yla ilgili bildi\u011fimiz bir di\u011fer \u015fey de semptomlar\u0131n di\u011fer varyantlara g\u00f6re farkl\u0131 olmas\u0131. Covid-19\u2019da en \u00e7ok kar\u015f\u0131la\u015f\u0131lan koku kayb\u0131 Omicron\u2019da yok. Daha \u00e7ok \u00f6ks\u00fcr\u00fck ve bo\u011faz a\u011fr\u0131s\u0131 Omicron\u2019un belirtileri aras\u0131nda\u201d dedi.<\/p>\n<p><strong>OM\u0130CRON BEL\u0130RT\u0130LER\u0130 KADINLARDA FARKLI, ERKEKLERDE FARKLI<\/strong><\/p>\n<p>Bula\u015f\u0131c\u0131 hastal\u0131k uzman\u0131 Dr Sachin Nagrani ara\u015ft\u0131rma ile ilgili yapt\u0131\u011f\u0131 a\u00e7\u0131klamada \u201cAkut bir semptom olarak, yorgunluk corona vir\u00fcs\u00fc enfeksiyonunun erken bir belirtisi olabilirken, kolayca ba\u015fka nedenlere de ba\u011fl\u0131 olabilir.\u201d dedi. Nagrani, kad\u0131n ve erkeklerin ayn\u0131 belirtilerden \u015fikayet\u00e7i olmad\u0131klar\u0131n\u0131 s\u00f6zlerine ekledi.<\/p>\n<p>Nagrani ayr\u0131ca, \u201cBir\u00e7ok Covid-19 vakas\u0131nda hi\u00e7bir semptoma rastlanmad\u0131\u011f\u0131n\u0131 ve bu durumun, vir\u00fcs\u00fcn kolay yay\u0131lmas\u0131n\u0131 sa\u011flad\u0131\u011f\u0131n\u0131 hat\u0131rlamak da \u00f6nemlidir.\u201d dedi.<\/p>\n<p>Daha \u00f6nce yap\u0131lan ara\u015ft\u0131rmalarda, corona vir\u00fcs\u00fcne yakalanan kad\u0131nlar\u0131n, uyku sorunlar\u0131, kayg\u0131, adet d\u00fczensizlikleri, mantar enfeksiyonlar\u0131 ve sa\u00e7 d\u00f6k\u00fclmesi ile kar\u015f\u0131la\u015fma olas\u0131l\u0131\u011f\u0131 daha y\u00fcksekken, erkeklerin genellikle nefes darl\u0131\u011f\u0131 problemi ya\u015fad\u0131\u011f\u0131 ortaya \u00e7\u0131km\u0131\u015ft\u0131.<\/p>\n<p><img decoding=\"async\" src=\"https:\/\/i01.sozcucdn.com\/wp-content\/uploads\/2022\/08\/17\/corona-virus-beliritleri-shu-3.jpg\" alt=\"\" title=\"\"><\/p>\n<p><strong>\u0130SHAL OM\u0130CRON BEL\u0130RT\u0130LER\u0130 ARASINA G\u0130RD\u0130<\/strong><\/p>\n<p>ABD Hastal\u0131k Kontrol Merkezi (CDC), corona vir\u00fcs\u00fcn\u00fcn bir\u00e7ok semptomu oldu\u011funu hat\u0131rlat\u0131rken, Omicron varyant\u0131n\u0131n ise daha \u00f6nceki dalgalarda g\u00f6r\u00fclmeyen belirtileri oldu\u011funu duyurdu. \u0130ngiliz bas\u0131n\u0131nda yer alan haberlerde CDC ve Johns Hopkins T\u0131p Fak\u00fcltesi&#8217;nde g\u00f6revli uzmanlar hastalar\u0131 inceledi ve vir\u00fcs bula\u015ft\u0131ktan \u00e7ok k\u0131sa bir s\u00fcre sonra ortaya \u00e7\u0131kan yeni bir belirtiye dikkat \u00e7ekti.<\/p>\n<p>Bilim insanlar\u0131 ve uzmanlar vir\u00fcs bula\u015ft\u0131ktan \u00e7ok k\u0131sa bir s\u00fcre sonra hastalar\u0131n y\u00fczde 20&#8217;sinde ishal g\u00f6r\u00fcld\u00fc\u011f\u00fcn\u00fc a\u00e7\u0131klad\u0131. Omicron varyant\u0131n\u0131n belirtilerinin \u00f6nceki varyantlardan farkl\u0131 oldu\u011funu ve tespit edilmesinin zor oldu\u011funa dikkat \u00e7ekilirken uzmanlar bu belirtiye dikkat edilmesi gerekti\u011fini alt\u0131n\u0131 \u00e7izdi.<\/p>\n<p>CDC, \u201cE\u011fer tuvalete gitti\u011finizde ishal oldu\u011funuzu g\u00f6r\u00fcrseniz, bu Omicron varyant\u0131n\u0131n bula\u015ft\u0131\u011f\u0131na dair bir i\u015faret olabilir\u201d a\u00e7\u0131klamas\u0131n\u0131 yapt\u0131. ABD merkezli medya kurulu\u015fu NBC Chicago ise, \u201cBa\u011f\u0131\u015f\u0131kl\u0131k sistemiyle ilgili sorun ya\u015fayanlar\u0131n ishal ya da benzeri gastrointestinal semptomlar ya\u015famas\u0131 olas\u0131\u201d yorumunu yapt\u0131.<\/p>\n<p>Johns Hopkins T\u0131p Fak\u00fcltesi&#8217;nden yetkililer de hastalar\u0131n yakla\u015f\u0131k y\u00fczde 20&#8217;sinde bu belirtinin g\u00f6r\u00fcld\u00fc\u011f\u00fcn\u00fc duyurdu.<\/p>\n<p><strong>OM\u0130CRON BEL\u0130RT\u0130LER\u0130 ARASINDA \u0130LK SIRADA BO\u011eAZ VAR<\/strong><\/p>\n<p>Bilim insanlar\u0131 Omicron varyant\u0131 tespit edilen hastalarda en \u00e7ok g\u00f6r\u00fclen belirtileri s\u0131ralad\u0131. Yap\u0131lan incelemeler sonras\u0131nda Omicron varyant\u0131 tespit edilenlerin y\u00fczde 83\u2019\u00fcnde \u00f6ks\u00fcr\u00fck, y\u00fczde 78\u2019inde burun ak\u0131nt\u0131s\u0131 ya da burun t\u0131kan\u0131kl\u0131\u011f\u0131 tespit edilirken, y\u00fczde 74\u2019\u00fcnde ise halsizlik g\u00f6r\u00fcld\u00fc.<\/p>\n<p><strong>Y\u00dcZDE 12\u2019S\u0130NDE KOKU KAYBI<\/strong><\/p>\n<p>Omicron \u015fikayeti olan hastalar\u0131n y\u00fczde 72\u2019sinde bo\u011faz a\u011fr\u0131s\u0131, y\u00fczde 68\u2019inde ba\u015f a\u011fr\u0131s\u0131, y\u00fczde 54\u2019\u00fcnde ate\u015f, y\u00fczde 23\u2019\u00fcnde tat kayb\u0131 ve y\u00fczde 12\u2019sinde koku kayb\u0131 tespit edildi.<\/p>\n<p>Yap\u0131lan incelemeler sonucunda hastalar\u0131n y\u00fczde 42\u2019sinin hastal\u0131\u011f\u0131 hafif ge\u00e7irdi\u011fi ve hi\u00e7birinin hastaneye kald\u0131r\u0131lmad\u0131\u011f\u0131 da belirtildi.<\/p>\n<p><strong>OM\u0130CRON VARYANTINDA \u0130K\u0130 GAR\u0130P BEL\u0130RT\u0130<\/strong><\/p>\n<p>Bilim insanlar\u0131 Omicron varyant\u0131n\u0131n \u00f6nceki Covid-19 t\u00fcrlerine g\u00f6re daha farkl\u0131 semptomlar g\u00f6sterdi\u011fini belirtirken \u0130ngiliz yetkililer \u00f6ks\u00fcr\u00fck, burun ak\u0131nt\u0131s\u0131 ya da bo\u011faz a\u011fr\u0131s\u0131n\u0131n yan\u0131 s\u0131ra Omicron varyant\u0131 tespit edilen ki\u015filerde iki yeni ve \u201cgarip\u201d belirti ortaya \u00e7\u0131kt\u0131\u011f\u0131n\u0131 duyurdu.<\/p>\n<p>\u0130ngiliz bilim insanlar\u0131, son bir ay i\u00e7erisinde corona vir\u00fcs\u00fc te\u015fhisi konulan hastalarda sa\u00e7 kayb\u0131 ve konjonktivit belirtileri ortaya konuldu\u011fu belirtildi. Bilim insanlar\u0131 Omicron varyant\u0131n\u0131n halk aras\u0131nda \u201cpembe g\u00f6z\u201d olarak da bilinen konjonktivite sebebiyet verdi\u011fini s\u00f6ylerken bu varyant\u0131n g\u00f6zde bulunan ACE2 enzimlerini etkiledi\u011fini dile getirdi.<\/p>\n<p>\u00d6te yandan Amerikan Dermatoloji Birli\u011fi Akademisi de Covid-19\u2019un son d\u00f6nemde \u00f6ne \u00e7\u0131kan semptomlar\u0131ndan birinin de sa\u00e7 d\u00f6k\u00fclmesi oldu\u011funu duyurdu.<\/p>\n<p><strong>OM\u0130CRON BEL\u0130RT\u0130LER\u0130 SO\u011eUK ALGINLI\u011eINA BENZ\u0130YOR<\/strong><\/p>\n<p>Uzmanlar, \u201cOmicron varyant\u0131 so\u011fuk alg\u0131nl\u0131\u011f\u0131na daha \u00e7ok benziyor\u201d yorumunu yapt\u0131.<\/p>\n<p>\u0130ngiltere&#8217;nin \u00e7ok okunan tabloid gazetelerinden Daily Star ise, ABD Hastal\u0131k Kontrol ve \u00d6nleme Merkezi&#8217;nin verilerine g\u00f6re Omicron varyant\u0131nda kuru \u00f6ks\u00fcr\u00fck, bo\u011fazda g\u0131c\u0131k ve ka\u015f\u0131nt\u0131n\u0131n \u00f6ne \u00e7\u0131kan semptomlar oldu\u011funa dikkat \u00e7ekti. Gazete \u00f6zellikle bo\u011fazda g\u0131c\u0131k ve ka\u015f\u0131nt\u0131ya dikkat edilmesi gerekti\u011fini yazd\u0131.<\/p>\n<p>\u00d6te yandan halsizlik, burun ak\u0131nt\u0131s\u0131 ve hap\u015f\u0131rma gibi belirtilerin de oldu\u011fu fakat bunlar\u0131n di\u011ferlerine g\u00f6re daha hafif ge\u00e7ti\u011fi belirtildi.<\/p>\n<p><img decoding=\"async\" src=\"https:\/\/i01.sozcucdn.com\/wp-content\/uploads\/2022\/08\/17\/omicron-belirtileri-shu-2_16_9_1648192175.jpg\" alt=\"\" title=\"\"><\/p>\n<p><strong>OM\u0130CRON VARYANTI BEL\u0130R\u0130TLER\u0130 ARASINDA TAT VE KOKU KAYBI YOK<\/strong><\/p>\n<p>\u0130lk Omicron varyant\u0131 hastalar\u0131n\u0131 tespit edip bunu \u00fcst mercilere aktaran Dr. Angelique Coetzee de, \u201cGenelde ola\u011fand\u0131\u015f\u0131 semptomlar g\u00f6r\u00fcl\u00fcyor. A\u015f\u0131r\u0131 halsizlik gibi. Fakat vakalar\u0131n hi\u00e7birinde tat ve koku kayb\u0131 yok\u201d dedi.<\/p>\n<p>G\u00fcney Afrika&#8217;daki Ulusal Bula\u015f\u0131c\u0131 Hastal\u0131klar Enstit\u00fcs\u00fc&#8217;nde g\u00f6revli Dr. Wassila Jassat da, \u201cTshwane kentinde tespit edilen Omicron vakalar\u0131ndan hastaneye kald\u0131r\u0131lanlar\u0131n y\u00fczde 87&#8217;si a\u015f\u0131 olmayanlar\u201d dedi.<\/p>\n<p><strong>BURUN AKINTISI, BA\u015e A\u011eRISI VE YORGUNLUK BEL\u0130RT\u0130 OLAB\u0130L\u0130R<\/strong><\/p>\n<p>\u0130ngiliz The Guardian, Soweto kentindeki hastanenin yo\u011fun bak\u0131m \u00fcnitesinin ba\u015fkan\u0131 Rudo Mathivha&#8217;n\u0131n s\u00f6zlerine de dikkat \u00e7ekti. Mathivha, \u201c\u015eu an Covid-19 hastalar\u0131nda demografik bir de\u011fi\u015fim g\u00f6r\u00fcyoruz. Gen\u00e7ler yani 20&#8217;lerinden 30&#8217;lar\u0131n\u0131n sonundaki insanlar daha a\u011f\u0131r olarak hastaneye geliyor ve yo\u011fun bak\u0131ma al\u0131n\u0131yor. Bunlar\u0131n yakla\u015f\u0131k y\u00fczde 65&#8217;i a\u015f\u0131s\u0131z. Geri kalanlar da tek doz a\u015f\u0131l\u0131\u201d dedi. Fakat bu demografik farkl\u0131l\u0131\u011f\u0131n bir sebebinin gen\u00e7lerde a\u015f\u0131lanma oranlar\u0131n\u0131n d\u00fc\u015f\u00fck olmas\u0131 olabilece\u011fi kaydedildi.<\/p>\n<p>\u0130ngiltere\u2019de yap\u0131lan ara\u015ft\u0131rmalarda, varyant\u0131n, Covid\u2019den \u00e7ok so\u011fuk alg\u0131nl\u0131\u011f\u0131na benzedi\u011fi belirtilirken, burun ak\u0131nt\u0131s\u0131, ba\u015f a\u011fr\u0131s\u0131 ve yorgunluk gibi semptomlar\u0131n Omicron\u2019un ay\u0131rt edici \u00f6zellikleri oldu\u011fu vurguland\u0131.<\/p>\n<p><strong>OM\u0130CRON BEL\u0130RT\u0130LER\u0130 KLAS\u0130K V\u0130R\u00dcS \u00d6ZELL\u0130KLER\u0130NDEN FARKLI<\/strong><\/p>\n<p>Omicron\u2019un \u00e7ok g\u00f6r\u00fcld\u00fc\u011f\u00fc \u0130ngiltere\u2019deki vakalar analiz edildi\u011finde, vir\u00fcs\u00fcn en yayg\u0131n belirtilerinin burun ak\u0131nt\u0131s\u0131, ba\u015f a\u011fr\u0131s\u0131, yorgunluk, hap\u015f\u0131rma ve bo\u011faz a\u011fr\u0131s\u0131 oldu\u011funu bildirdi.<\/p>\n<p>Bunlar\u0131n hi\u00e7biri, uyar\u0131larda bulunulan \u00f6ks\u00fcr\u00fck, y\u00fcksek ate\u015f veya tat ve koku alma duyular\u0131nda eksiklik gibi klasik vir\u00fcs belirtileri aras\u0131nda olmad\u0131\u011f\u0131 belirtildi.<\/p>\n<p>ZOE Semptom \u0130zleme \u00c7al\u0131\u015fmas\u0131\u2019n\u0131 y\u00fcr\u00fcten epidemiyolog Profes\u00f6r Tim Spector, \u00f6zellikle yeni y\u0131l \u00f6ncesi toplu etkinlikler d\u00fc\u015f\u00fcn\u00fcld\u00fc\u011f\u00fcnde herkesi \u2018dikkatli olmaya \u00e7a\u011f\u0131rd\u0131\u2019. \u201cUmar\u0131m insanlar art\u0131k Omicron\u2019un bask\u0131n \u00f6zelli\u011fi gibi g\u00f6r\u00fcnen so\u011fuk alg\u0131nl\u0131\u011f\u0131 semptomlar\u0131n\u0131 tan\u0131rlar\u201d dedi.<\/p>\n<p><strong>\u2018EVDE KALIN UYARISI\u2019<\/strong><\/p>\n<p>Spector, \u201cOmicron semptomlar\u0131 a\u011f\u0131rl\u0131kl\u0131 olarak so\u011fuk alg\u0131nl\u0131\u011f\u0131 semptomlar\u0131, burun ak\u0131nt\u0131s\u0131, ba\u015f a\u011fr\u0131s\u0131, bo\u011faz a\u011fr\u0131s\u0131 ve hap\u015f\u0131rmad\u0131r, bu nedenle insanlar Covid olabilece\u011fi i\u00e7in evde kalmal\u0131d\u0131r.\u201d ifadelerinde bulundu.<\/p>\n<p>Uyar\u0131, Omicron\u2019un ge\u00e7mi\u015f varyantlardan daha hafif hastal\u0131\u011fa neden oldu\u011funa dair \u00e7ok say\u0131da ara\u015ft\u0131rma ile de uyumlu oldu\u011fu i\u00e7in olduk\u00e7a \u00f6nemli.<\/p>\n<p><strong>OM\u0130CRON BEL\u0130RT\u0130LER\u0130 3 G\u00dcNDE ORTAYA \u00c7IKIYOR<\/strong><\/p>\n<p>Sa\u011fl\u0131k Bakanl\u0131\u011f\u0131 Bilim Kurulu \u00dcyesi Prof. Dr. Mustafa Necmi \u0130lhan, \u015funlar\u0131 s\u00f6yledi:<br \/>\u201cB\u00fct\u00fcn d\u00fcnyada Omicron \u00e7ok etkin hale gelmi\u015f durumda. \u00d6zellikle \u0130ngiltere ve Avrupa\u2019da \u00e7ok yo\u011fun \u015fekilde Omicron g\u00f6r\u00fcn\u00fcyor. Buralarda hastane y\u00fck\u00fc de artm\u0131\u015f durumda. Bizim \u00fclkemizde \u015fu an i\u00e7in bakt\u0131\u011f\u0131m\u0131zda hastane y\u00fck\u00fcnde art\u0131\u015f s\u00f6z konusu de\u011fil; ama tedbirli ve dikkatli olup, haz\u0131rl\u0131kl\u0131 olmak gerekiyor.<\/p>\n<p>Hastane y\u00fck\u00fcm\u00fczde, yo\u011fun bak\u0131m\u0131m\u0131zda bir art\u0131\u015f s\u00f6z konusu de\u011fil; ama say\u0131 \u00e7ok artt\u0131\u011f\u0131 i\u00e7in her zaman tehlikenin s\u00f6z konusu oldu\u011funu bilmemiz gerekiyor. Omicron\u2019da kulu\u00e7ka s\u00fcresi, \u015fu anki bilgilerimize g\u00f6re daha k\u0131sa gibi g\u00f6r\u00fcn\u00fcyor. Vuhan varyant\u0131nda bu s\u00fcre 5 g\u00fcnken, Delta varyant\u0131nda 4 g\u00fcn, Omicron\u2019da ise 3 g\u00fcn gibi g\u00f6r\u00fcn\u00fcyor. \u00c7ok da \u00e7abuk hasta ediyor, elimizdeki bilgilere g\u00f6re \u00e7ok da \u00e7abuk \u00e7evreye bula\u015f\u0131yor. \u00c7ok k\u0131sa s\u00fcrede hastal\u0131k ortaya \u00e7\u0131kart\u0131yor. Ama vatanda\u015flar, \u2018bir temas\u0131m oldu \u00fczerinden 5 g\u00fcn ge\u00e7ti, hasta olmayabilirim\u2019 diye d\u00fc\u015f\u00fcnmemeli.<\/p>\n<p><strong>OM\u0130CRON VARYANTI NED\u0130R?<\/strong><\/p>\n<p>D\u00fcnya Sa\u011fl\u0131k \u00d6rg\u00fct\u00fc yeni varyant B.1.1.529\u2019u \u2018endi\u015fe verici t\u00fcr&#8217; olarak s\u0131n\u0131fland\u0131rd\u0131 ve Omicron olarak adland\u0131rd\u0131. Bilim insanlar\u0131n\u0131n delta varyant\u0131ndan daha bula\u015f\u0131c\u0131 ve tehlikeli oldu\u011funu s\u00f6yledi.<\/p>\n<p>Omicron bir di\u011fer ad\u0131yla nu varyant\u0131, D\u00fcnya Sa\u011fl\u0131k \u00d6rg\u00fct\u00fc taraf\u0131ndan kayg\u0131 uyand\u0131ran varyantlar listesine eklenen be\u015finci varyant oldu.<\/p>\n<p>Uzmanlar bu varyant i\u00e7erisinde tam 32 farkl\u0131 mutasyon tespit edildi\u011fini a\u00e7\u0131klarken, bu vir\u00fcs\u00fcn corona vir\u00fcs\u00fc a\u015f\u0131lar\u0131na kar\u015f\u0131 daha diren\u00e7li olabilece\u011fini duyurdu.<\/p>\n<p><strong>C\u0130LD\u0130N\u0130ZDE BU BEL\u0130RT\u0130 VARSA OM\u0130CRON OLAB\u0130L\u0130R<\/strong><\/p>\n<p>\u0130ngiltere\u2019nin \u00e7ok okunan tabloid gazetelerinden Daily Express, resmi yetkililer ve ZOE isimli ara\u015ft\u0131rma grubunun \u00f6neri ve uyar\u0131lar\u0131n\u0131 okurlar\u0131yla payla\u015ft\u0131. Omicron varyant\u0131n\u0131n, Wuhan\u2019dan \u00e7\u0131kan corona vir\u00fcs\u00fcnden \u00e7ok daha farkl\u0131 belirtileri oldu\u011funa dikkat \u00e7eken gazete, uzmanlar\u0131n \u00e7ok daha az bilinen semptomlar\u0131n\u0131 g\u00fcndeme getirdi.<\/p>\n<p>\u0130ngiltere\u2019de Covid-19\u2019a yakalanan ki\u015filerin dahil oldu\u011fu anket \u00e7al\u0131\u015fmas\u0131 ZOE Covid \u00c7al\u0131\u015fma program\u0131ndan \u00e7\u0131kan sonu\u00e7larda ise bir\u00e7ok insan\u0131n umursamad\u0131\u011f\u0131 baz\u0131 semptomlar\u0131n Omicron varyant\u0131na i\u015faret etti\u011fi belirtildi.<\/p>\n<p>Daily Express\u2019in haberinde, \u201c\u00d6zellikle Omicron varyant\u0131 tespit edilenlerde 6 deri hastal\u0131\u011f\u0131 giderek yay\u0131lmaya ba\u015flan\u0131yor\u201d denilerek 6 semptoma dikkat edilmesi gerekti\u011fi kaydedildi.<\/p>\n<p>Bu semptomlar ise Covid-19 aya\u011f\u0131, \u00e7atlak veya \u015fi\u015fmi\u015f dudak, kuru cilt, isilik, kurde\u015fen ve perniyo olarak da bilinen chilblain olarak s\u0131raland\u0131.<\/p>\n<p><strong>COVID-19 AYA\u011eI<\/strong><\/p>\n<p>Makalede, \u201cResmi makamlar, Covid-19 aya\u011f\u0131 olarak bilinen ve ayakta \u015fi\u015fme ve kabarc\u0131klar\u0131n olu\u015fmas\u0131na sebep olan bu cilt hastal\u0131\u011f\u0131n\u0131 resmi semptomlardan biri olarak g\u00f6rm\u00fcyor. Fakat Covid-19\u2019a yakalananlarda bu durumdan s\u0131kl\u0131kla \u015fikayet ediliyor\u201d denildi.<\/p>\n<p>\u0130ngiliz makamlar taraf\u0131ndan resmi bir semptom olarak g\u00f6r\u00fclmeyen \u201cCovid-19 parma\u011f\u0131\u201d son d\u00f6nemde s\u0131kl\u0131kla g\u00fcndeme gelmeye ba\u015flad\u0131.<\/p>\n<p>Bu cilt rahats\u0131zl\u0131\u011f\u0131n\u0131n ka\u015f\u0131nt\u0131 ve a\u011fr\u0131 yapabildi\u011fi ve ayak parmaklar\u0131n\u0131n rengini de\u011fi\u015ftirebildi\u011fi de belirtildi.<\/p>\n<p><strong>KURU VEYA \u015e\u0130\u015e DUDAKLAR<\/strong><\/p>\n<p>Daily Express\u2019in haberinde, \u201cOmicron varyant\u0131 giderek daha da \u00e7ok gribe benzetildi\u011fi i\u00e7in, dudaklar\u0131n \u00e7atlamas\u0131 ve kurumas\u0131 ve a\u011fr\u0131 yaratmas\u0131 ka\u00e7\u0131n\u0131lmaz\u201d yorumu yap\u0131ld\u0131.<\/p>\n<p><strong>KURU C\u0130LT<\/strong><\/p>\n<p>\u00d6te yandan gazetenin g\u00f6r\u00fc\u015f ald\u0131\u011f\u0131 uzmanlar, ciltte kurulu\u011funun da bir semptom oldu\u011funu duyurdu. Fakat bu cilt kurulu\u011funun g\u00f6\u011f\u00fcs ve boyunda oldu\u011fu kaydedilirken bunun ka\u015f\u0131nt\u0131ya sebebiyet verebildi\u011fi de belirtildi.<\/p>\n<p>Uzmanlar g\u00f6\u011f\u00fcs ve boyun b\u00f6lgesinde ka\u015f\u0131nt\u0131l\u0131 kabarc\u0131klar konusunda uyar\u0131da bulundu.<\/p>\n<p><strong>\u0130S\u0130L\u0130K<\/strong><\/p>\n<p>\u0130sili\u011fin bedende ufak bir alan\u0131 kapsad\u0131\u011f\u0131 fakat v\u00fccudun herhangi bir noktas\u0131nda tespit edilebildi\u011fini a\u00e7\u0131klayan yetkililer, \u00f6zellikle el, ayak ve dirseklerde bu rahats\u0131zl\u0131\u011f\u0131n meydana gelebilece\u011fini duyurdu.<\/p>\n<p>Haberde, bu cilt rahats\u0131zl\u0131\u011f\u0131n\u0131n haftalar boyunca s\u00fcrebilece\u011fi de belirtildi.<\/p>\n<p><strong>KURDE\u015eEN<\/strong><\/p>\n<p>Daily Express\u2019in haberinde Omicron varyant\u0131 bula\u015fan ki\u015filerde g\u00f6r\u00fclen bir di\u011fer cilt rahats\u0131zl\u0131\u011f\u0131n\u0131n da ciltte olu\u015fan kurde\u015fen oldu\u011fu belirtildi.<\/p>\n<p><strong>PERN\u0130YO<\/strong><\/p>\n<p>\u00d6te yandan ayn\u0131 makalede, \u201cSemptomlardan biri de perniyo ya da chilblain\u2019e benziyor. Cildin \u00fczerinde mor veya k\u0131rm\u0131z\u0131 kabarc\u0131klar olu\u015fuyor. Genelde bu semptom gen\u00e7lerde ortaya \u00e7\u0131karken, ka\u015f\u0131nt\u0131 yaratm\u0131yor\u201d denildi.<\/p>\n","protected":false},"excerpt":{"rendered":"<p>K\u00fcresel bir salg\u0131n halini alan corona vir\u00fcs, yeni varyantlarla h\u0131zla yay\u0131lmay\u0131 s\u00fcrd\u00fcr\u00fcyor. T\u00fcrkiye de dahil olmak \u00fczere bir\u00e7ok \u00fclkede vaka &#8230;<\/p>\n","protected":false},"author":1,"featured_media":26442,"comment_status":"closed","ping_status":"open","sticky":false,"template":"","format":"standard","meta":{"footnotes":""},"categories":[30],"tags":[1238,1224,1588,2194,533],"class_list":["post-26441","post","type-post","status-publish","format-standard","has-post-thumbnail","hentry","category-saglik","tag-belirtiler","tag-covid","tag-omicron","tag-omicron-varyanti","tag-semptom"],"_links":{"self":[{"href":"https:\/\/haberulus.net\/index.php?rest_route=\/wp\/v2\/posts\/26441","targetHints":{"allow":["GET"]}}],"collection":[{"href":"https:\/\/haberulus.net\/index.php?rest_route=\/wp\/v2\/posts"}],"about":[{"href":"https:\/\/haberulus.net\/index.php?rest_route=\/wp\/v2\/types\/post"}],"author":[{"embeddable":true,"href":"https:\/\/haberulus.net\/index.php?rest_route=\/wp\/v2\/users\/1"}],"replies":[{"embeddable":true,"href":"https:\/\/haberulus.net\/index.php?rest_route=%2Fwp%2Fv2%2Fcomments&post=26441"}],"version-history":[{"count":1,"href":"https:\/\/haberulus.net\/index.php?rest_route=\/wp\/v2\/posts\/26441\/revisions"}],"predecessor-version":[{"id":26443,"href":"https:\/\/haberulus.net\/index.php?rest_route=\/wp\/v2\/posts\/26441\/revisions\/26443"}],"wp:featuredmedia":[{"embeddable":true,"href":"https:\/\/haberulus.net\/index.php?rest_route=\/wp\/v2\/media\/26442"}],"wp:attachment":[{"href":"https:\/\/haberulus.net\/index.php?rest_route=%2Fwp%2Fv2%2Fmedia&parent=26441"}],"wp:term":[{"taxonomy":"category","embeddable":true,"href":"https:\/\/haberulus.net\/index.php?rest_route=%2Fwp%2Fv2%2Fcategories&post=26441"},{"taxonomy":"post_tag","embeddable":true,"href":"https:\/\/haberulus.net\/index.php?rest_route=%2Fwp%2Fv2%2Ftags&post=26441"}],"curies":[{"name":"wp","href":"https:\/\/api.w.org\/{rel}","templated":true}]}}